{"id":757,"date":"2023-06-04T09:24:00","date_gmt":"2023-06-04T07:24:00","guid":{"rendered":"https:\/\/www.statek-uprostred.cz\/?p=757"},"modified":"2023-10-17T21:13:08","modified_gmt":"2023-10-17T19:13:08","slug":"brigada-na-opravu-stodoly-3-4-cervna-2023","status":"publish","type":"post","link":"https:\/\/www.statek-uprostred.cz\/index.php\/brigada-na-opravu-stodoly-3-4-cervna-2023\/757\/","title":{"rendered":"Brig\u00e1da na opravu krovu stodoly. \u010cerven 2023"},"content":{"rendered":"\n<p>Prvn\u00ed leto\u0161n\u00ed brig\u00e1da s\u00a0c\u00edlem pokra\u010dovat v\u00a0rekonstrukci stodoly prob\u011bhla 3.\u20134. \u010dervna. P\u0159ijelo v\u00edc lid\u00ed, ne\u017e se ohl\u00e1silo, a vytvo\u0159ila se bezvadn\u00e1 parta, jak pro pr\u00e1ci, tak na ve\u010dern\u00ed z\u00e1bavu u ohn\u011b s\u00a0kytarami a zp\u011bvem. Pr\u00e1ce se ud\u011blala hromada, jedni zpracov\u00e1vali d\u0159evo nebo vykl\u00edzeli star\u00e9 n\u00e1nosy, dal\u0161\u00ed pracovali na oprav\u011b krovu. &#8212; Tady je <a href=\"https:\/\/www.statek-uprostred.cz\/index.php\/fotogalerie-z-prvni-brigady-na-opravu-stodoly-cerven-2023\/1828\/\" data-type=\"link\" data-id=\"https:\/\/www.statek-uprostred.cz\/index.php\/2023\/06\/05\/fotogalerie-z-prvni-brigady-na-opravu-stodoly-cerven-2023\/\" target=\"_blank\" rel=\"noreferrer noopener\"><strong>fotogalerie<\/strong><\/a> k brig\u00e1d\u011b. <\/p>\n\n\n<style>.kb-row-layout-id757_728bb1-6e > .kt-row-column-wrap{align-content:start;}:where(.kb-row-layout-id757_728bb1-6e > .kt-row-column-wrap) > .wp-block-kadence-column{justify-content:start;}.kb-row-layout-id757_728bb1-6e > .kt-row-column-wrap{column-gap:var(--global-kb-gap-md, 2rem);row-gap:var(--global-kb-gap-md, 2rem);padding-top:var(--global-kb-spacing-sm, 1.5rem);padding-bottom:var(--global-kb-spacing-sm, 1.5rem);grid-template-columns:repeat(2, minmax(0, 1fr));}.kb-row-layout-id757_728bb1-6e > .kt-row-layout-overlay{opacity:0.30;}@media all and (max-width: 1024px){.kb-row-layout-id757_728bb1-6e > .kt-row-column-wrap{grid-template-columns:repeat(2, minmax(0, 1fr));}}@media all and (max-width: 767px){.kb-row-layout-id757_728bb1-6e > .kt-row-column-wrap{grid-template-columns:minmax(0, 1fr);}}<\/style><div class=\"kb-row-layout-wrap kb-row-layout-id757_728bb1-6e alignnone wp-block-kadence-rowlayout\"><div class=\"kt-row-column-wrap kt-has-2-columns kt-row-layout-equal kt-tab-layout-inherit kt-mobile-layout-row kt-row-valign-top\">\n<style>.kadence-column757_86e229-16 > .kt-inside-inner-col,.kadence-column757_86e229-16 > .kt-inside-inner-col:before{border-top-left-radius:0px;border-top-right-radius:0px;border-bottom-right-radius:0px;border-bottom-left-radius:0px;}.kadence-column757_86e229-16 > .kt-inside-inner-col{column-gap:var(--global-kb-gap-sm, 1rem);}.kadence-column757_86e229-16 > .kt-inside-inner-col{flex-direction:column;}.kadence-column757_86e229-16 > .kt-inside-inner-col > .aligncenter{width:100%;}.kadence-column757_86e229-16 > .kt-inside-inner-col:before{opacity:0.3;}.kadence-column757_86e229-16{position:relative;}@media all and (max-width: 1024px){.kadence-column757_86e229-16 > .kt-inside-inner-col{flex-direction:column;justify-content:center;}}@media all and (max-width: 767px){.kadence-column757_86e229-16 > .kt-inside-inner-col{flex-direction:column;justify-content:center;}}<\/style>\n<div class=\"wp-block-kadence-column kadence-column757_86e229-16\"><div class=\"kt-inside-inner-col\">\n<figure class=\"wp-block-image size-full\"><img loading=\"lazy\" decoding=\"async\" width=\"1788\" height=\"780\" src=\"https:\/\/www.statek-uprostred.cz\/wp-content\/uploads\/2023\/07\/IMG_20230603_133708-2.jpg\" alt=\"\" class=\"wp-image-786\" srcset=\"https:\/\/www.statek-uprostred.cz\/wp-content\/uploads\/2023\/07\/IMG_20230603_133708-2.jpg 1788w, https:\/\/www.statek-uprostred.cz\/wp-content\/uploads\/2023\/07\/IMG_20230603_133708-2-1280x558.jpg 1280w, https:\/\/www.statek-uprostred.cz\/wp-content\/uploads\/2023\/07\/IMG_20230603_133708-2-300x131.jpg 300w, https:\/\/www.statek-uprostred.cz\/wp-content\/uploads\/2023\/07\/IMG_20230603_133708-2-768x335.jpg 768w, https:\/\/www.statek-uprostred.cz\/wp-content\/uploads\/2023\/07\/IMG_20230603_133708-2-1536x670.jpg 1536w\" sizes=\"auto, (max-width: 1788px) 100vw, 1788px\" \/><figcaption class=\"wp-element-caption\">Tesa\u0159sk\u00e1 dvojka Hanka Sm\u00e9kalov\u00e1 a Kuba Ka\u0161tovsk\u00fd opravuj\u00ed krov stodoly<\/figcaption><\/figure>\n<\/div><\/div>\n\n\n<style>.kadence-column757_e53276-bf > .kt-inside-inner-col,.kadence-column757_e53276-bf > .kt-inside-inner-col:before{border-top-left-radius:0px;border-top-right-radius:0px;border-bottom-right-radius:0px;border-bottom-left-radius:0px;}.kadence-column757_e53276-bf > .kt-inside-inner-col{column-gap:var(--global-kb-gap-sm, 1rem);}.kadence-column757_e53276-bf > .kt-inside-inner-col{flex-direction:column;}.kadence-column757_e53276-bf > .kt-inside-inner-col > .aligncenter{width:100%;}.kadence-column757_e53276-bf > .kt-inside-inner-col:before{opacity:0.3;}.kadence-column757_e53276-bf{position:relative;}@media all and (max-width: 1024px){.kadence-column757_e53276-bf > .kt-inside-inner-col{flex-direction:column;justify-content:center;}}@media all and (max-width: 767px){.kadence-column757_e53276-bf > .kt-inside-inner-col{flex-direction:column;justify-content:center;}}<\/style>\n<div class=\"wp-block-kadence-column kadence-column757_e53276-bf\"><div class=\"kt-inside-inner-col\">\n<figure class=\"wp-block-image size-full\"><img loading=\"lazy\" decoding=\"async\" width=\"1788\" height=\"780\" src=\"https:\/\/www.statek-uprostred.cz\/wp-content\/uploads\/2023\/07\/IMG_20230603_125226-3.jpg\" alt=\"\" class=\"wp-image-787\" srcset=\"https:\/\/www.statek-uprostred.cz\/wp-content\/uploads\/2023\/07\/IMG_20230603_125226-3.jpg 1788w, https:\/\/www.statek-uprostred.cz\/wp-content\/uploads\/2023\/07\/IMG_20230603_125226-3-1280x558.jpg 1280w, https:\/\/www.statek-uprostred.cz\/wp-content\/uploads\/2023\/07\/IMG_20230603_125226-3-300x131.jpg 300w, https:\/\/www.statek-uprostred.cz\/wp-content\/uploads\/2023\/07\/IMG_20230603_125226-3-768x335.jpg 768w, https:\/\/www.statek-uprostred.cz\/wp-content\/uploads\/2023\/07\/IMG_20230603_125226-3-1536x670.jpg 1536w\" sizes=\"auto, (max-width: 1788px) 100vw, 1788px\" \/><figcaption class=\"wp-element-caption\">Hanka na st\u0159e\u0161e<\/figcaption><\/figure>\n<\/div><\/div>\n\n<\/div><\/div>\n\n\n<p>Dnes vypukla prvn\u00ed brig\u00e1da na opravu stodoly. Je\u0161t\u011b nikdy jsem to takhle ve\u0159ejn\u011b nevyhl\u00e1sila, \u017ee bych sh\u00e1n\u011bla lidi na slepo p\u0159es Facebook, ale olomouck\u00e1 parta se rozprchla po sv\u011bt\u011b \u010di po rodinn\u00e9m \u017eivot\u011b, tak\u017ee p\u0159ijedou mo\u017en\u00e1 a\u017e v&nbsp;z\u00e1\u0159\u00ed nebo v\u016fbec a se stodolou se nutn\u011b mus\u00ed hnout, je odkryt\u00e1 t\u0159et\u00ed rok. M\u011bla jsem z&nbsp;toho trochu obavu, ale nakonec to dopadlo \u00fapln\u011b skv\u011ble a vznikla v\u00fdborn\u00e1 parta. Prost\u011b nad o\u010dek\u00e1v\u00e1n\u00ed dob\u0159e to dopadlo.<\/p>\n\n\n\n<h2 class=\"wp-block-heading\">Sobota 3. \u010dervna, p\u0159\u00edjezdy a rozd\u011blov\u00e1n\u00ed pr\u00e1ce<\/h2>\n\n\n\n<p>M\u011bli p\u0159ijet vlastn\u011b jen 3 lidi, ale nakonec jich p\u0159ijelo o dost v\u00edc. <strong>K\u0159i\u0161\u0165anka<\/strong> (Jana Hradilkov\u00e1) se toti\u017e n\u011bjak propojila s&nbsp;<strong>Petrem Plac\u00e1kem<\/strong>, zavolala mu v&nbsp;p\u00e1tek ve\u010der n\u011bjak, on m\u011bl zrovna n\u011bjakou vernis\u00e1\u017e a ve\u010d\u00edrek U Budyho, a \u0159ekl, \u017ee pojede v&nbsp;sobotu r\u00e1no s&nbsp;n\u00ed. A sehnal je\u0161t\u011b n\u011bkolik lid\u00ed. Tak\u017ee poprv\u00e9 tady byli od rekonstrukce K\u0159i\u0161\u0165anka i Petr na brig\u00e1d\u011b a bylo to velmi dobr\u00e9. P\u0159es <strong>Zby\u0148ka<\/strong> zase p\u0159ijel <strong>Ivo Motl<\/strong>, to je dal\u0161\u00ed legend\u00e1rn\u00ed \u010dlov\u011bk, a mn\u011b se ozvala <strong>Hanka Sm\u00e9kalov\u00e1<\/strong> a vzala sebou <strong>Kubu Ka\u0161tovsk\u00e9ho<\/strong>, z&nbsp;\u010deho\u017e nakonec asi taky vznikne legend\u00e1rn\u00ed dvojice. Prost\u011b ta synchronicita t\u00e9hle party byla podivuhodn\u00e1.<\/p>\n\n\n\n<p>Ale popo\u0159\u00e1dku. Nejd\u0159\u00edv dorazil v&nbsp;sobotu po dev\u00e1t\u00e9 Zbyn\u011bk. Posed\u011bli jsme spolu na z\u00e1pra\u017e\u00ed, pojedli kol\u00e1\u010d a pov\u00eddali. Zbyn\u011bk pak jde u\u017e n\u011bco d\u011blat do stodoly, j\u00e1 je\u0161t\u011b n\u011bco dod\u011bl\u00e1v\u00e1m na po\u010d\u00edta\u010di a \u010dek\u00e1m na pe\u010dovatelku. O p\u016fl 11 p\u0159ij\u00ed\u017ed\u00ed Hanka a Kuba. Ani jednoho jsem neznala, Hanka se mi p\u0159ihl\u00e1sila p\u0159es Facebook. Vyjela u\u017e v&nbsp;p\u00e1tek ve\u010der, ale p\u0159espala jinde, a vzala sebou i Kubu. Ukazuju jim statek a m\u00edsta na span\u00ed a p\u0159edstavuju je Zby\u0148kovi. K\u0159i\u0161\u0165anka vol\u00e1, \u017ee u\u017e jedou, tak jsem \u010dekala je\u0161t\u011b na ni a \u0161la si d\u011blat svoje.<\/p>\n\n\n\n<p>Hanka s&nbsp;Kubou ale na nic ne\u010dekali, uchytili se u Zby\u0148ka a t\u00edm se z&nbsp;nich stal hlavn\u00ed t\u00fdm stodoly a uk\u00e1zali se jako velmi schopn\u00ed. Jdu tam pak u\u017e za n\u011bma, kdy\u017e je pe\u010dovatelka na m\u00edst\u011b, t\u011b\u0161\u00edm se na n\u011bjakou pr\u00e1ci. A vid\u00edm, \u017ee Hanka tam n\u011bco u\u017e vrt\u00e1 vrta\u010dkou a Zbyn\u011bk si je prost\u011b zam\u011bstnal hlavn\u00ed prac\u00ed. Kuba taky vysekl \u010d\u00e1st zadn\u00ed zahrady, soused to u\u017e tenhle rok nem\u016f\u017ee sekat. Oba \u0161plhaj\u00ed po odhalen\u00e9m krovu stodoly, jako by se tam narodili. Hanka zach\u00e1z\u00ed se v\u0161emi n\u00e1stroji, Kuba m\u00e1 pr\u00fd n\u011bjak\u00e9 zku\u0161enosti s&nbsp;tesa\u0159inou a Hanku to u\u010d\u00ed v&nbsp;pr\u016fb\u011bhu pr\u00e1ce. Tak jsem jim to r\u00e1da p\u0159enechala, proto\u017ee m\u011b t\u011b\u0161\u00ed, kdy\u017e si n\u011bkdo takhle p\u0159irozen\u011b najde m\u00edsto, kde mu to vyhovuje, a \u0161la jsem rozeb\u00edrat ze\u010f, takov\u00e1 jednodu\u0161\u0161\u00ed destruk\u010dn\u00ed pr\u00e1ce, to m\u011b bavilo. P\u0159\u00ed\u0161t\u011b se bude d\u011blat betonov\u00fd v\u011bnec, tak jsem rozeb\u00edrala rozdrolen\u00e9 cihly, h\u00e1zela je dol\u016f a zarovn\u00e1vala to tam. A taky se u toho d\u00e1 po\u0159\u00e1d odb\u00edhat, co\u017e jsem konala.<\/p>\n\n\n\n<p>Mezit\u00edm p\u0159ij\u00ed\u017ed\u00ed zbytek osazenstva. K\u0159i\u0161\u0165anka s&nbsp;Petrem a dal\u0161\u00ed dva p\u00e1nov\u00e9, Petr Mach a Ale\u0161 Vanick\u00fd, Al\u017eb\u011bta \u0160\u016fstkov\u00e1 s d\u011btmi Petrem a Pavlou. A nakonec je\u0161t\u011b Ivo\u0161 Motl se synem Arno\u0161tem, ti zase byli p\u0159es Zby\u0148ka. Motlovi u\u017e tu kdysi taky byli na statku se pod\u00edvat. Sestupuju ze zdi, jdu je p\u0159iv\u00edtat a uk\u00e1zat jim, kde co je. P\u016fsob\u00ed v\u0161ichni velmi p\u0159\u00e1telsky, ak\u010dn\u011b a sympaticky. Petr taky za\u0161el pozdravit m\u00e1mu. M\u011bli sebou i mal\u00e9ho pejska, fenu mysl\u00edm, byla hodn\u00e1, ale musela jsem nejd\u0159\u00edv obej\u00edt kocoury a uk\u00e1zat jim, \u017ee je tady pes a d\u00e1t jim n\u011bjak\u00fd pamlsky, aby c\u00edtili podporu. Frodo to zvl\u00e1d\u00e1 bez probl\u00e9m\u016f, \u017dol\u00edk je pla\u0161an a na hodn\u011b dlouho mizel n\u011bkam pry\u010d, otev\u0159ela jsem mu okno do sednice. Trochu jsem to \u0159e\u0161ila b\u011bhem dne, mrzelo m\u011b, \u017ee je \u017dol\u00edk pry\u010d, ale zase je dob\u0159e, \u017ee si bude zvykat na tyhle situace.<\/p>\n\n\n\n<p>Uk\u00e1zala jsem jim pr\u00e1ci, kterou statek nab\u00edz\u00ed. V\u017edycky schv\u00e1ln\u011b jen ukazuju pr\u00e1ci a naprosto ne\u0159\u00edk\u00e1m, kdo by to jako m\u011bl d\u011blat. Velmi se varuji p\u0159edev\u0161\u00edm rozd\u011blov\u00e1n\u00ed pr\u00e1ce na mu\u017esk\u00e9 a \u017eensk\u00e9, proto\u017ee to bytostn\u011b nen\u00e1vid\u00edm a ono se to ukazuje jako velmi dobr\u00e9. Nap\u0159\u00edklad Hanka se uk\u00e1zala jako zcela p\u0159in\u00e1le\u017eej\u00edc\u00ed k&nbsp;tzv. \u201emu\u017esk\u00fdm prac\u00edm\u201c. Pokud se to toti\u017e p\u0159edem n\u011bjak rozd\u011bluje, p\u016fsob\u00ed to nep\u0159\u00edjemnosti, nen\u00ed v&nbsp;tom svoboda a hlavn\u011b je to neefektivn\u00ed. Koupila jsem basu Radegastu, tak si to n\u011bkte\u0159\u00ed p\u0159i pr\u00e1ci taky pop\u00edj\u00ed. Vykonali mnoho a mnoho dobra. Rozep\u00ed\u0161u to podle skupin, kter\u00e9 se samoorganizac\u00ed r\u00e1zem utvo\u0159ily.<\/p>\n\n\n\n<h3 class=\"wp-block-heading\">Podpora v z\u00e1zem\u00ed: Va\u0159en\u00ed a hl\u00edd\u00e1n\u00ed matky<\/h3>\n\n\n\n<p>K\u0159i\u0161\u0165anka u\u017e p\u0159edem nab\u00eddla, \u017ee se pust\u00ed do va\u0159en\u00ed, tak\u017ee \u0161la do sednice. Byla tam je\u0161t\u011b pe\u010dovatelka La\u010fka, tak se taky zapojila do \u0161kr\u00e1b\u00e1n\u00ed brambor a p\u0159\u00edpravy \u010desneku, zat\u00edmco K\u0159i\u0161\u0165anka jela je\u0161t\u011b n\u011bco nakoupit. Pak va\u0159\u00ed pol\u00e9vku do velk\u00e9ho hrnce, j\u00e1 tam ob\u010das chod\u00edm. Pov\u00eddaly jsme si taky p\u011bkn\u011b s&nbsp;K\u0159i\u0161\u0165ankou, dlouho jsem ji nevid\u011bla. Ona jede je\u0161t\u011b za Kate\u0159inou z&nbsp;Kosteln\u00edho Vyd\u0159\u00ed, kter\u00e1 m\u00e1 za sebou velmi t\u011b\u017ek\u00e9 obdob\u00ed, ze kter\u00e9ho vy\u0161la doslova jako znovuzrozen\u00e1, tak si s&nbsp;n\u00ed K\u0159i\u0161\u0165anka jede povypr\u00e1v\u011bt, ale a\u017e ve\u010der. V pr\u016fb\u011bhu dne mi taky K\u0159i\u0161\u0165anka sd\u011blovala r\u016fzn\u00e9 z\u00e1\u017eitky z historie statku, nap\u0159\u00edklad jak nedob\u0159e skon\u010dily t\u00e1tovy kozy, co tu choval. A vzpom\u00ednala, jak sem jezd\u00edvala d\u0159\u00edv a hodnotila kladn\u011b sou\u010dasnost, za co\u017e jsem byla r\u00e1da. Zm\u00ednila taky, \u017ee ta stodola vypad\u00e1 jako budouc\u00ed chr\u00e1m&#8230; Ano, to mne t\u00e9\u017e napad\u00e1&#8230; Uvid\u00edme. Stodola si sama \u0159ekne, \u010d\u00edm chce b\u00fdt, jako v\u0161echna m\u00edsta zde. J\u00e1 jsem jen p\u0159echodn\u00fd spr\u00e1vce, kter\u00fd umo\u017e\u0148uje dal\u0161\u00ed \u017eivot tohodle m\u00edsta. <\/p>\n\n\n\n<h3 class=\"wp-block-heading\">Skupina rekonstrukce stodoly<\/h3>\n\n\n\n<p>Hanka s&nbsp;Kubou p\u0159ivrt\u00e1vaj\u00ed hamb\u00e1lky ke krokv\u00edm. Lezou po lat\u00edch a le\u0161en\u00ed. P\u0159ivrt\u00e1v\u00e1 se to takov\u00fdm p\u0159\u00ed\u0161ern\u011b obrovsk\u00fdm vrt\u00e1kem, kterej bych teda j\u00e1 asi do ruky u\u017e nevzala, ale Hanka s&nbsp;t\u00edm operovala zdatn\u011b. Postupn\u011b takhle pro\u0161li celou tu \u0159adu a dob\u0159e jim to \u0161lo. Zbyn\u011bk d\u011blal s&nbsp;nimi a v\u0161e \u0159\u00eddil. Pak se pustili do p\u0159ipev\u0148ov\u00e1n\u00ed \u201ep\u00e1sek\u201c nebo jak se to jmenuje. To jsou takov\u00e9 \u0161ikm\u00e9 stabiliza\u010dn\u00ed podp\u011bry, p\u00e1\u010d Zbyn\u011bk zjistil onehd\u00e1, \u017ee se stodola jaksi k\u00fdve do strany, kdy\u017e vylezl \u00fapln\u011b nahoru\u2026 Ivo s&nbsp;Arno\u0161tem vykl\u00e1dali z&nbsp;vozejku vzadu za zahradou prkna, kter\u00fd p\u0159ivezl Zbyn\u011bk, a vyn\u00e1\u0161eli je nahoru na patro. Z&nbsp;t\u011bch se pak vyr\u00e1b\u011bly ty p\u00e1sky.<\/p>\n\n\n\n<p>Arno\u0161t je takovej zvl\u00e1\u0161tn\u00ed chlapec, st\u00e1le rozumoval, vykl\u00e1dal o stav\u011bn\u00ed a kde co se m\u00e1 d\u011blat, jak funguje to a t\u00e1mhleto a jak a pro\u010d a co\u2026 M\u011b to bav\u00ed, takov\u00fdhle \u0159e\u010di, tak jsem mu na to odpov\u00eddala a ob\u010das rozumovala s&nbsp;n\u00edm, dob\u0159e u toho ut\u00edk\u00e1 pr\u00e1ce. Zbyn\u011bk k&nbsp;n\u011bmu v&nbsp;jednu chv\u00edli pravil: \u201eMn\u011b je jedno, co \u0159\u00edk\u00e1\u0161, hlavn\u011b mluv spisovn\u011b.\u201c Arno\u0161t moc nerozezn\u00e1v\u00e1 humor od v\u00e1\u017en\u00fdch \u0159e\u010d\u00ed, tak tu v\u011btu hned opravil. J\u00e1 jsem pr\u016fb\u011b\u017en\u011b odb\u00edhala, p\u0159ehl\u00ed\u017eela \u010dinnost, promluvila tu s&nbsp;t\u00edm, tu s&nbsp;on\u00edm, chodila do sednice a taky jsem fotila. Stodola jen s&nbsp;lat\u011bmi a bez ta\u0161ek je nesm\u00edrn\u011b fotogenick\u00e1, jsou tam kr\u00e1sn\u00e9 st\u00edny.<\/p>\n\n\n<style>.kb-row-layout-id757_5396b3-5f > .kt-row-column-wrap{align-content:start;}:where(.kb-row-layout-id757_5396b3-5f > .kt-row-column-wrap) > .wp-block-kadence-column{justify-content:start;}.kb-row-layout-id757_5396b3-5f > .kt-row-column-wrap{column-gap:var(--global-kb-gap-md, 2rem);row-gap:var(--global-kb-gap-md, 2rem);padding-top:var(--global-kb-spacing-sm, 1.5rem);padding-bottom:var(--global-kb-spacing-sm, 1.5rem);grid-template-columns:repeat(2, minmax(0, 1fr));}.kb-row-layout-id757_5396b3-5f > .kt-row-layout-overlay{opacity:0.30;}@media all and (max-width: 1024px){.kb-row-layout-id757_5396b3-5f > .kt-row-column-wrap{grid-template-columns:repeat(2, minmax(0, 1fr));}}@media all and (max-width: 767px){.kb-row-layout-id757_5396b3-5f > .kt-row-column-wrap{grid-template-columns:minmax(0, 1fr);}}<\/style><div class=\"kb-row-layout-wrap kb-row-layout-id757_5396b3-5f alignnone wp-block-kadence-rowlayout\"><div class=\"kt-row-column-wrap kt-has-2-columns kt-row-layout-equal kt-tab-layout-inherit kt-mobile-layout-row kt-row-valign-top\">\n<style>.kadence-column757_86ec27-49 > .kt-inside-inner-col,.kadence-column757_86ec27-49 > .kt-inside-inner-col:before{border-top-left-radius:0px;border-top-right-radius:0px;border-bottom-right-radius:0px;border-bottom-left-radius:0px;}.kadence-column757_86ec27-49 > .kt-inside-inner-col{column-gap:var(--global-kb-gap-sm, 1rem);}.kadence-column757_86ec27-49 > .kt-inside-inner-col{flex-direction:column;}.kadence-column757_86ec27-49 > .kt-inside-inner-col > .aligncenter{width:100%;}.kadence-column757_86ec27-49 > .kt-inside-inner-col:before{opacity:0.3;}.kadence-column757_86ec27-49{position:relative;}@media all and (max-width: 1024px){.kadence-column757_86ec27-49 > .kt-inside-inner-col{flex-direction:column;justify-content:center;}}@media all and (max-width: 767px){.kadence-column757_86ec27-49 > .kt-inside-inner-col{flex-direction:column;justify-content:center;}}<\/style>\n<div class=\"wp-block-kadence-column kadence-column757_86ec27-49\"><div class=\"kt-inside-inner-col\">\n<figure class=\"wp-block-image size-full\"><img loading=\"lazy\" decoding=\"async\" width=\"1788\" height=\"780\" src=\"https:\/\/www.statek-uprostred.cz\/wp-content\/uploads\/2023\/07\/IMG_20230603_133444.jpg\" alt=\"\" class=\"wp-image-771\" srcset=\"https:\/\/www.statek-uprostred.cz\/wp-content\/uploads\/2023\/07\/IMG_20230603_133444.jpg 1788w, https:\/\/www.statek-uprostred.cz\/wp-content\/uploads\/2023\/07\/IMG_20230603_133444-1280x558.jpg 1280w, https:\/\/www.statek-uprostred.cz\/wp-content\/uploads\/2023\/07\/IMG_20230603_133444-300x131.jpg 300w, https:\/\/www.statek-uprostred.cz\/wp-content\/uploads\/2023\/07\/IMG_20230603_133444-768x335.jpg 768w, https:\/\/www.statek-uprostred.cz\/wp-content\/uploads\/2023\/07\/IMG_20230603_133444-1536x670.jpg 1536w\" sizes=\"auto, (max-width: 1788px) 100vw, 1788px\" \/><figcaption class=\"wp-element-caption\">Arno\u0161t Motl, Zbyn\u011bk Burian, Ivo Motl<\/figcaption><\/figure>\n<\/div><\/div>\n\n\n<style>.kadence-column757_5100b5-e5 > .kt-inside-inner-col,.kadence-column757_5100b5-e5 > .kt-inside-inner-col:before{border-top-left-radius:0px;border-top-right-radius:0px;border-bottom-right-radius:0px;border-bottom-left-radius:0px;}.kadence-column757_5100b5-e5 > .kt-inside-inner-col{column-gap:var(--global-kb-gap-sm, 1rem);}.kadence-column757_5100b5-e5 > .kt-inside-inner-col{flex-direction:column;}.kadence-column757_5100b5-e5 > .kt-inside-inner-col > .aligncenter{width:100%;}.kadence-column757_5100b5-e5 > .kt-inside-inner-col:before{opacity:0.3;}.kadence-column757_5100b5-e5{position:relative;}@media all and (max-width: 1024px){.kadence-column757_5100b5-e5 > .kt-inside-inner-col{flex-direction:column;justify-content:center;}}@media all and (max-width: 767px){.kadence-column757_5100b5-e5 > .kt-inside-inner-col{flex-direction:column;justify-content:center;}}<\/style>\n<div class=\"wp-block-kadence-column kadence-column757_5100b5-e5\"><div class=\"kt-inside-inner-col\">\n<figure class=\"wp-block-image size-full\"><img loading=\"lazy\" decoding=\"async\" width=\"1920\" height=\"837\" src=\"https:\/\/www.statek-uprostred.cz\/wp-content\/uploads\/2023\/07\/IMG_20230603_133722.jpg\" alt=\"\" class=\"wp-image-772\" srcset=\"https:\/\/www.statek-uprostred.cz\/wp-content\/uploads\/2023\/07\/IMG_20230603_133722.jpg 1920w, https:\/\/www.statek-uprostred.cz\/wp-content\/uploads\/2023\/07\/IMG_20230603_133722-1280x558.jpg 1280w, https:\/\/www.statek-uprostred.cz\/wp-content\/uploads\/2023\/07\/IMG_20230603_133722-300x131.jpg 300w, https:\/\/www.statek-uprostred.cz\/wp-content\/uploads\/2023\/07\/IMG_20230603_133722-768x335.jpg 768w, https:\/\/www.statek-uprostred.cz\/wp-content\/uploads\/2023\/07\/IMG_20230603_133722-1536x670.jpg 1536w\" sizes=\"auto, (max-width: 1920px) 100vw, 1920px\" \/><figcaption class=\"wp-element-caption\">Stodola bez ta\u0161ek je n\u00e1dhern\u00e1 na focen\u00ed, ale je to prchav\u00e1 kr\u00e1sa<\/figcaption><\/figure>\n<\/div><\/div>\n\n<\/div><\/div>\n\n\n<h3 class=\"wp-block-heading\">Skupina asanace &#8222;r\u016f\u017eov\u00e9 zahrady&#8220;<\/h3>\n\n\n\n<p>Al\u017eb\u011bta, jej\u00ed d\u011bti a Ale\u0161 se pustili do vykl\u00edzen\u00ed toho k\u0159\u00e1pi\u0161t\u011b vedle Skal\u00e1kovy s\u00edn\u011b. Zbyn\u011bk toho u\u017e dost odvozil, ale z\u016fstala tam hora k\u0159\u00e1p\u016f a hlavn\u011b milion suti. Rozeb\u00edrali to ne\u00fanavn\u011b, t\u0159\u00eddili, na ohni\u0161t\u011b nap\u0159\u00edklad p\u0159inesli star\u00e9 r\u00e1my od oken, vyml\u00e1tili z&nbsp;nich sklo, sklo odnesli do kontejner\u016f. Rozeb\u00edrali r\u016fzn\u00e9 n\u00e1nosy ze zem\u011b a pak to za\u010dali dokonce vykop\u00e1vat a zarovn\u00e1vat. S&nbsp;t\u00edm jsem v\u016fbec nepo\u010d\u00edtala, ud\u011blali prost\u011b mnohem v\u00edc, ne\u017e jsem \u010dekala. Ale\u0161 odv\u00e1\u017eel bez p\u0159est\u00e1n\u00ed kole\u010dka se sut\u00ed, pak taky Petr. Vyv\u00e1\u017eeli to za stodolu, kde vlivem n\u00e1nos\u016f suti z&nbsp;rekonstrukce u\u017e skoro nen\u00ed m\u00edsto. J\u00e1 jsem je vid\u011bla seshora ze zdi na stodole, ale nev\u00edm p\u0159esn\u011b u\u017e, kdo odv\u00e1\u017eel. Asi taky Ivo.<\/p>\n\n\n\n<p>Otloukala jsem tam ty cihly a musela hl\u00eddat, abych nikoho nep\u0159izabila, p\u00e1\u010d to padalo dol\u016f. H\u00e1zela jsem ty cihly dol\u016f, pak se ke mn\u011b p\u0159ipojil Arno\u0161t a Ivo\u0161 to dole skl\u00e1dal na paletu. Tam se skl\u00e1daly i dal\u0161\u00ed je\u0161t\u011b pou\u017eiteln\u00e9 materi\u00e1ly. Volal mi taky Honza Krombholz z Tel\u010de, kter\u00fd te\u010f jezd\u00ed na statek pracovat, cht\u011bl p\u0159ijet a vykl\u00edzet ty k\u0159\u00e1py, ale sd\u011blila jsem mu, \u017ee u\u017e je to skoro hotovo a \u017ee si tam m\u016f\u017ee sm\u011ble za\u010d\u00edt d\u011blat tu r\u016f\u017eovou zahradu. Posedla ho toti\u017e my\u0161lenka, \u017ee tam vybuduje zahr\u00e1dku, \u201erajskou zahradu\u201c pr\u00fd. Je to zvl\u00e1\u0161tn\u00ed, jak si tohle m\u00edsto p\u0159it\u00e1hne lidi, kte\u0159\u00ed cht\u011bj\u00ed zvelebit n\u011bjak\u00fd konkr\u00e9tn\u00ed kout.<\/p>\n\n\n\n<p>Pavla zachra\u0148ovala \u017e\u00ed\u017ealy a ud\u011blala jim tam takovou ohr\u00e1dku. Pak je k&nbsp;ve\u010deru vypustila do kompostu. Vyt\u00e1hli na dv\u016fr takovej \u017eeleznej \u201est\u016fl\u201c a vyskl\u00e1dali na to \u017eelezn\u00e9 k\u0159\u00e1pky a r\u016fzn\u00e9 nalezen\u00e9 p\u0159edm\u011bty, v\u010detn\u011b dvou vajec. Vypadalo to jako pult s&nbsp;velmi bizarn\u00edm zbo\u017e\u00edm.<\/p>\n\n\n<style>.kb-row-layout-id757_ca978b-67 > .kt-row-column-wrap{align-content:start;}:where(.kb-row-layout-id757_ca978b-67 > .kt-row-column-wrap) > .wp-block-kadence-column{justify-content:start;}.kb-row-layout-id757_ca978b-67 > .kt-row-column-wrap{column-gap:var(--global-kb-gap-md, 2rem);row-gap:var(--global-kb-gap-md, 2rem);padding-top:var(--global-kb-spacing-sm, 1.5rem);padding-bottom:var(--global-kb-spacing-sm, 1.5rem);grid-template-columns:repeat(2, minmax(0, 1fr));}.kb-row-layout-id757_ca978b-67 > .kt-row-layout-overlay{opacity:0.30;}@media all and (max-width: 1024px){.kb-row-layout-id757_ca978b-67 > .kt-row-column-wrap{grid-template-columns:repeat(2, minmax(0, 1fr));}}@media all and (max-width: 767px){.kb-row-layout-id757_ca978b-67 > .kt-row-column-wrap{grid-template-columns:minmax(0, 1fr);}}<\/style><div class=\"kb-row-layout-wrap kb-row-layout-id757_ca978b-67 alignnone wp-block-kadence-rowlayout\"><div class=\"kt-row-column-wrap kt-has-2-columns kt-row-layout-equal kt-tab-layout-inherit kt-mobile-layout-row kt-row-valign-top\">\n<style>.kadence-column757_1688d3-5e > .kt-inside-inner-col,.kadence-column757_1688d3-5e > .kt-inside-inner-col:before{border-top-left-radius:0px;border-top-right-radius:0px;border-bottom-right-radius:0px;border-bottom-left-radius:0px;}.kadence-column757_1688d3-5e > .kt-inside-inner-col{column-gap:var(--global-kb-gap-sm, 1rem);}.kadence-column757_1688d3-5e > .kt-inside-inner-col{flex-direction:column;}.kadence-column757_1688d3-5e > .kt-inside-inner-col > .aligncenter{width:100%;}.kadence-column757_1688d3-5e > .kt-inside-inner-col:before{opacity:0.3;}.kadence-column757_1688d3-5e{position:relative;}@media all and (max-width: 1024px){.kadence-column757_1688d3-5e > .kt-inside-inner-col{flex-direction:column;justify-content:center;}}@media all and (max-width: 767px){.kadence-column757_1688d3-5e > .kt-inside-inner-col{flex-direction:column;justify-content:center;}}<\/style>\n<div class=\"wp-block-kadence-column kadence-column757_1688d3-5e\"><div class=\"kt-inside-inner-col\">\n<figure class=\"wp-block-image size-full\"><img loading=\"lazy\" decoding=\"async\" width=\"1788\" height=\"780\" src=\"https:\/\/www.statek-uprostred.cz\/wp-content\/uploads\/2023\/07\/IMG_20230603_125151-1.jpg\" alt=\"\" class=\"wp-image-774\" srcset=\"https:\/\/www.statek-uprostred.cz\/wp-content\/uploads\/2023\/07\/IMG_20230603_125151-1.jpg 1788w, https:\/\/www.statek-uprostred.cz\/wp-content\/uploads\/2023\/07\/IMG_20230603_125151-1-1280x558.jpg 1280w, https:\/\/www.statek-uprostred.cz\/wp-content\/uploads\/2023\/07\/IMG_20230603_125151-1-300x131.jpg 300w, https:\/\/www.statek-uprostred.cz\/wp-content\/uploads\/2023\/07\/IMG_20230603_125151-1-768x335.jpg 768w, https:\/\/www.statek-uprostred.cz\/wp-content\/uploads\/2023\/07\/IMG_20230603_125151-1-1536x670.jpg 1536w\" sizes=\"auto, (max-width: 1788px) 100vw, 1788px\" \/><figcaption class=\"wp-element-caption\">Al\u017eb\u011bta \u0160\u016fstkov\u00e1 s d\u011btmi Petrem a Pavlou a Ale\u0161 Vanick\u00fd vykl\u00edzej\u00ed k\u0159\u00e1py a su\u0165<\/figcaption><\/figure>\n<\/div><\/div>\n\n\n<style>.kadence-column757_7c0269-e4 > .kt-inside-inner-col,.kadence-column757_7c0269-e4 > .kt-inside-inner-col:before{border-top-left-radius:0px;border-top-right-radius:0px;border-bottom-right-radius:0px;border-bottom-left-radius:0px;}.kadence-column757_7c0269-e4 > .kt-inside-inner-col{column-gap:var(--global-kb-gap-sm, 1rem);}.kadence-column757_7c0269-e4 > .kt-inside-inner-col{flex-direction:column;}.kadence-column757_7c0269-e4 > .kt-inside-inner-col > .aligncenter{width:100%;}.kadence-column757_7c0269-e4 > .kt-inside-inner-col:before{opacity:0.3;}.kadence-column757_7c0269-e4{position:relative;}@media all and (max-width: 1024px){.kadence-column757_7c0269-e4 > .kt-inside-inner-col{flex-direction:column;justify-content:center;}}@media all and (max-width: 767px){.kadence-column757_7c0269-e4 > .kt-inside-inner-col{flex-direction:column;justify-content:center;}}<\/style>\n<div class=\"wp-block-kadence-column kadence-column757_7c0269-e4\"><div class=\"kt-inside-inner-col\">\n<figure class=\"wp-block-image size-full\"><img loading=\"lazy\" decoding=\"async\" width=\"1788\" height=\"780\" src=\"https:\/\/www.statek-uprostred.cz\/wp-content\/uploads\/2023\/07\/IMG_20230603_181259-1.jpg\" alt=\"\" class=\"wp-image-777\" srcset=\"https:\/\/www.statek-uprostred.cz\/wp-content\/uploads\/2023\/07\/IMG_20230603_181259-1.jpg 1788w, https:\/\/www.statek-uprostred.cz\/wp-content\/uploads\/2023\/07\/IMG_20230603_181259-1-1280x558.jpg 1280w, https:\/\/www.statek-uprostred.cz\/wp-content\/uploads\/2023\/07\/IMG_20230603_181259-1-300x131.jpg 300w, https:\/\/www.statek-uprostred.cz\/wp-content\/uploads\/2023\/07\/IMG_20230603_181259-1-768x335.jpg 768w, https:\/\/www.statek-uprostred.cz\/wp-content\/uploads\/2023\/07\/IMG_20230603_181259-1-1536x670.jpg 1536w\" sizes=\"auto, (max-width: 1788px) 100vw, 1788px\" \/><figcaption class=\"wp-element-caption\">Petr Plac\u00e1k p\u0159ed hromadou d\u0159eva, kterou vyskl\u00e1dal s Petrem Machem<\/figcaption><\/figure>\n<\/div><\/div>\n\n<\/div><\/div>\n\n\n<h3 class=\"wp-block-heading\">D\u0159evn\u00ed skupina<\/h3>\n\n\n\n<p>Petr Plac\u00e1k a Petr Mach se pustili do vytahov\u00e1n\u00ed na\u0159ezan\u00fdch kmen\u016f jasan\u016f z&nbsp;hromady, kter\u00e1 tam byla u\u017e p\u0159es dva roky. Je to d\u0159evo ur\u010den\u00e9 na leto\u0161n\u00ed zimu, z&nbsp;jasan\u016f pok\u00e1cen\u00fdch vzadu za stodolou. Navr\u0161ili jsme to tam kdysi a ono to u\u017e prorostlo kop\u0159ivami. Kmeny jsou na\u0159ezan\u00fd asi na metr a n\u011bkter\u00fd hodn\u011b t\u011b\u017ek\u00fd. Kluci si vskutku m\u00e1kli fest. Vyrovnali tam ale do ve\u010dera velikou hranici, je par\u00e1da se na to jen pod\u00edvat. Petr m\u011bl v\u010dera tu vernis\u00e1\u017e, tak mu asi nebylo nejl\u00e9pe, mo\u017en\u00e1 ani druh\u00e9mu Petrovi, ale pracovali jak rasi.<\/p>\n\n\n\n<p>Cht\u011bli to taky na\u0159ezat na cirkul\u00e1rce, ale zjistili jsme, \u017ee elektrik\u00e1\u0159 vym\u011bnil z\u00e1suvku na 380, zmodernizoval ji, tak\u017ee m\u00e1 5 otvor\u016f, kde\u017eto mil\u00fd kabel od cirkul\u00e1rky m\u00e1 jen 4 kol\u00edky. Tak\u017ee se mus\u00ed nejd\u0159\u00edv koupit redukce. Ale kdy\u017e je ta hranice takhle p\u0159ipraven\u00e1, je to \u00fapln\u011b o n\u011b\u010dem jin\u00e9m. Vypad\u00e1 to, \u017ee by toho mohlo b\u00fdt snad kolem 10 kub\u00edk\u016f, nebo tak 8. Ka\u017edop\u00e1dn\u011b d\u0159evo na leto\u0161n\u00ed zimu m\u00e1m a tipuju, \u017ee mi i zbyde. V&nbsp;pozdn\u00edm odpoledni je\u0161t\u011b Ivo nakl\u00e1dal na vozejk to d\u0159evo zezadu ze zahrady, kter\u00fd jsme nestihli uklidit p\u0159es zimu a ono tam dosti pr\u00e1chniv\u011blo, ale u\u017e se zase vlivem tepla vzpamatovalo. Chvilku jsem nakl\u00e1dala s&nbsp;n\u00edm, p\u0159ipojil se k&nbsp;n\u00e1m i Petr.<\/p>\n\n\n\n<h3 class=\"wp-block-heading\">Ob\u011bd a kr\u00e1tk\u00e1 siesta<\/h3>\n\n\n\n<p>Ob\u011bd byl n\u011bjak kolem t\u0159et\u00ed hodiny \u010di kousek d\u0159\u00edve, u\u017e nev\u00edm. Sed\u011bli jsme pod o\u0159echem, teda j\u00e1 jsem dost odb\u00edhala. Oni m\u011bli tu pol\u00edvku od K\u0159i\u0161\u0165anky, byla d\u011bsn\u011b dobr\u00e1, j\u00e1 jsem si ji vzala a\u017e v&nbsp;ned\u011bli, m\u011bla jsem ob\u011bd z&nbsp;pe\u010dovatelsk\u00e9 slu\u017eby. Pak se pije kafe a je takov\u00e1 siesta krat\u0161\u00ed, v\u011bt\u0161ina pr\u00e1ce se ale u\u017e ch\u00fdlila ke konci. K\u0159i\u0161\u0165anka cht\u011bla p\u0159id\u011blit n\u011bjakou \u010dinnost je\u0161t\u011b, tak jsem j\u00ed nab\u00eddla odvozit pokosenou tr\u00e1vu. J\u00e1 to \u010dasto ani nest\u00edh\u00e1m odv\u00e1\u017eet toti\u017e\u2026<\/p>\n\n\n\n<p>K\u0159i\u0161\u0165anka vyrobila taky vynikaj\u00edc\u00ed pomaz\u00e1nku z&nbsp;vajec, neb m\u00e1m vajec hory. Bylo to velmi dobr\u00e9. Kubovi se to obzvl\u00e1\u0161\u0165 zamlouvalo, ptal se, co do toho K\u0159i\u0161\u0165anka dala, tak to mus\u00edm je\u0161t\u011b zjistit. Ve\u010der kolem \u0161est\u00e9 jsem taky zajela nakoupit, beru je\u0161t\u011b dal\u0161\u00ed basu a vody a chleba, a kdy\u017e se vrac\u00edm, Ivo zrovna p\u0159ivezl druh\u00fd vlek d\u0159eva a vzadu t\u00edm p\u00e1dem nez\u016fstalo nic. Kr\u00e1sn\u011b to vyskl\u00e1dali do d\u0159evn\u00edku, jsou z&nbsp;toho dv\u011b \u0159ady, na zimu jich pot\u0159ebuju p\u0159ibli\u017en\u011b 7.<\/p>\n\n\n\n<h3 class=\"wp-block-heading\">Ve\u010dern\u00ed ohe\u0148 a z\u00e1bava<\/h3>\n\n\n\n<p>Vrac\u00edm se ze stodoly a vid\u00edm, \u017ee u\u017e na dvo\u0159e p\u0159ed z\u00e1pra\u017e\u00edm ho\u0159\u00ed ohe\u0148. Je tam obrovsk\u00e1 hora r\u016fzn\u00fdch prken a d\u0159eva na sp\u00e1len\u00ed, je\u0161t\u011b z&nbsp;podzima. R\u016fzn\u011b poch\u016fzkuju kolem m\u00e1my a d\u011bl\u00e1m taky kafe do konvice a podobn\u011b. Hanka s&nbsp;Kubou nejd\u0159\u00edv sed\u011bli pod o\u0159echem a \u0159e\u0161ili si tam n\u011bco sv\u00e9ho, pak se postupn\u011b v\u0161ichni sesedli k&nbsp;ohni. Za\u010dali hr\u00e1t na kytaru, byly tam dokonce t\u0159i kytary v&nbsp;jednu chv\u00edli. Op\u00e9kaj\u00ed se \u0161pekoni, pop\u00edj\u00ed se, co hrdlo r\u00e1\u010d\u00ed.<\/p>\n\n\n\n<p>Al\u017eb\u011bta kr\u00e1sn\u011b hr\u00e1la na kytaru a zp\u00edvala takov\u00e9 zaj\u00edmav\u00e9 p\u00edsn\u011b s d\u016fmysln\u00fdmi texty, nic z&nbsp;toho jsem neznala. Pak to \u00fapln\u011b par\u00e1dn\u011b rozbalil na kytaru Ivo Motl. To m\u011b teda siln\u011b zaujalo, proto\u017ee mi jeho styl hry i zp\u011bvu \u00fapln\u011b rozproudil jak\u00fdsi undergroundov\u00fd ohe\u0148 v&nbsp;t\u011ble. Zp\u00edval r\u016fzn\u00e9 p\u00edsn\u011b z \u201eundergroundov\u00fdch\u201c kapel, Joe Karafi\u00e1t, od Sv\u00e1ti Kar\u00e1ska\u2026 Zp\u00edvalo se docela dlouho a to spole\u010denstv\u00ed bylo velmi dobr\u00e9, k&nbsp;tomu scen\u00e9rie s&nbsp;\u00fapl\u0148kem.<\/p>\n\n\n\n<p>\u00dapln\u011bk vych\u00e1zel a pak se p\u0159ehoupl p\u0159es st\u0159echu vejminky a obloha byla pokryt\u00e1 b\u00edl\u00fdmi ber\u00e1nky geometricky rozm\u00edst\u011bn\u00fdmi, jak to tak b\u00fdv\u00e1. Na n\u00e1vsi prob\u00edhala oslava pok\u00e1cen\u00ed m\u00e1jky a n\u011bkte\u0159\u00ed si tam chodili pro to\u010den\u00e9 pivo. Taky se pov\u00eddalo mezi zp\u011bvem. Kuba vypr\u00e1v\u011bl n\u011bjak\u00e9 pozoruhodn\u00e9 z\u00e1\u017eitky z&nbsp;d\u011btstv\u00ed, jak bych vychov\u00e1v\u00e1n v&nbsp;ciz\u00ed zemi, ale j\u00e1 to nedok\u00e1\u017eu reprodukovat. Vypad\u00e1 to, \u017ee s&nbsp;Hankou tak\u00e9 opravuj\u00ed n\u011bjakou budovu, mus\u00edm se na to \u010dasem p\u0159eptat. Petr Plac\u00e1k ho\u0159ekoval nad stavem lidstva a p\u0159el se tam s&nbsp;n\u011bk\u00fdm (asi s&nbsp;Petrem Machem), zda lidstvo zahyne na p\u0159em\u00edru chemik\u00e1li\u00ed a oslabenou imunitu, nebo na klimatickou zm\u011bnu (co\u017e Petr P. oponoval, \u017ee to zajist\u00e9 p\u00e1r lid\u00ed p\u0159e\u017eije, kde\u017eto oslaben\u00e1 imunita chemik\u00e1liemi je to nejhor\u0161\u00ed). Kolem Petra se pak taky debatovalo o Rusku a p\u0159\u00ed\u010din\u00e1ch v\u00e1lky, vpravo jsem zaslechla n\u011bco o ekologii, Al\u017eb\u011bta s&nbsp;Hankou tam n\u011bco takov\u00e9ho rozv\u00edjely, bohu\u017eel nev\u00edm co p\u0159esn\u011b. P\u0159\u00ed\u0161t\u011b se mus\u00edm taky Hanky s&nbsp;Kubou vyptat, co d\u011blaj\u00ed, ale j\u00e1 jsem zdr\u017eenliv\u011bj\u0161\u00ed v&nbsp;t\u011bchto ot\u00e1zk\u00e1ch.<\/p>\n\n\n\n<p>Chod\u00edm se d\u00edvat za m\u00e1mou, pak ji ukl\u00e1d\u00e1m po des\u00e1t\u00e9 hodin\u011b a je\u0161t\u011b sed\u00edme a pokra\u010dujeme v&nbsp;programu. Pila jsem jen 4 piva, des\u00edtku, to je m\u016fj limit holt, bohu\u017eel, ona ta j\u00f3ga m\u00e1 velmi siln\u00fd vliv na po\u017e\u00edv\u00e1n\u00ed v\u0161ech n\u00e1vykov\u00fdch l\u00e1tek a \u010dlov\u011bku je z&nbsp;toho pak blb\u011b, tak si to mus\u00edm je\u0161t\u011b v\u00edc hl\u00eddat, inu t\u011b\u017ek\u00fd \u017eivot jog\u00edna. Pak tak\u00e9 vyslali Arno\u0161ta pro posledn\u00ed t\u0159i to\u010den\u00fd a on je po ur\u010dit\u00fdch peripeti\u00edch s&nbsp;p\u016fllitry hrdinn\u011b donesl. Chlapi z&nbsp;n\u00e1vsi toti\u017e u\u017e cht\u011bli kon\u010dit, oni kon\u010d\u00edvaj\u00ed o p\u016flnoci.<\/p>\n\n\n\n<p>Jdu sp\u00e1t ve \u00be na jednu, kontroluju, jestli Motlovi nemaj\u00ed v&nbsp;aut\u011b Frod\u00edka, on byl rozja\u0159en lidskou spole\u010dnost\u00ed a v\u0161ude poletoval. D\u011bti a pes \u0161li sp\u00e1t d\u0159\u00edv, na p\u016fdu, tak\u017ee m\u011bl voln\u00e9 pole. \u017dol\u00edk byl na\u0161t\u011bst\u00ed u\u017e doma, to se mi ulevilo. Taky v&nbsp;jednu chv\u00edli vysko\u010dil Frodo na z\u00e1da Ale\u0161ovi a blahobytn\u011b se tam uvelebil. To se tady zat\u00edm nestalo, \u017ee by Frod\u00edn vyhledal takhle i jin\u00fd z\u00e1da ne\u017e moje. Ale\u0161 \u0159\u00edkal, \u017ee zv\u00ed\u0159ata na n\u011bho maj\u00ed n\u011bjak\u00fd zvl\u00e1\u0161tn\u00ed \u010duch a maj\u00ed ho r\u00e1dy. Taky vypr\u00e1v\u011bl o n\u011bjak\u00fdch plaveck\u00fdch discipl\u00edn\u00e1ch, kter\u00e9 provozuje, p\u0159eplaval La Manche, \u010di co. A taky mysl\u00edm, \u017ee spal venku. Motlovi odj\u00ed\u017ed\u00ed v&nbsp;jednu hodinu v&nbsp;noci autem, tak jsem je\u0161t\u011b vysko\u010dila z&nbsp;postele se s&nbsp;nimi rozlou\u010dit. A zbyl\u00e9 osazenstvo tam je\u0161t\u011b \u010dile vysed\u00e1v\u00e1, pr\u00fd mo\u017en\u00e1 a\u017e do t\u0159\u00ed.<\/p>\n\n\n<style>.kb-row-layout-id757_34af75-30 > .kt-row-column-wrap{align-content:start;}:where(.kb-row-layout-id757_34af75-30 > .kt-row-column-wrap) > .wp-block-kadence-column{justify-content:start;}.kb-row-layout-id757_34af75-30 > .kt-row-column-wrap{column-gap:var(--global-kb-gap-md, 2rem);row-gap:var(--global-kb-gap-md, 2rem);padding-top:var(--global-kb-spacing-sm, 1.5rem);padding-bottom:var(--global-kb-spacing-sm, 1.5rem);grid-template-columns:repeat(2, minmax(0, 1fr));}.kb-row-layout-id757_34af75-30 > .kt-row-layout-overlay{opacity:0.30;}@media all and (max-width: 1024px){.kb-row-layout-id757_34af75-30 > .kt-row-column-wrap{grid-template-columns:repeat(2, minmax(0, 1fr));}}@media all and (max-width: 767px){.kb-row-layout-id757_34af75-30 > .kt-row-column-wrap{grid-template-columns:minmax(0, 1fr);}}<\/style><div class=\"kb-row-layout-wrap kb-row-layout-id757_34af75-30 alignnone wp-block-kadence-rowlayout\"><div class=\"kt-row-column-wrap kt-has-2-columns kt-row-layout-equal kt-tab-layout-inherit kt-mobile-layout-row kt-row-valign-top\">\n<style>.kadence-column757_891d38-a0 > .kt-inside-inner-col,.kadence-column757_891d38-a0 > .kt-inside-inner-col:before{border-top-left-radius:0px;border-top-right-radius:0px;border-bottom-right-radius:0px;border-bottom-left-radius:0px;}.kadence-column757_891d38-a0 > .kt-inside-inner-col{column-gap:var(--global-kb-gap-sm, 1rem);}.kadence-column757_891d38-a0 > .kt-inside-inner-col{flex-direction:column;}.kadence-column757_891d38-a0 > .kt-inside-inner-col > .aligncenter{width:100%;}.kadence-column757_891d38-a0 > .kt-inside-inner-col:before{opacity:0.3;}.kadence-column757_891d38-a0{position:relative;}@media all and (max-width: 1024px){.kadence-column757_891d38-a0 > .kt-inside-inner-col{flex-direction:column;justify-content:center;}}@media all and (max-width: 767px){.kadence-column757_891d38-a0 > .kt-inside-inner-col{flex-direction:column;justify-content:center;}}<\/style>\n<div class=\"wp-block-kadence-column kadence-column757_891d38-a0\"><div class=\"kt-inside-inner-col\">\n<figure class=\"wp-block-image size-full\"><img loading=\"lazy\" decoding=\"async\" width=\"2048\" height=\"1488\" src=\"https:\/\/www.statek-uprostred.cz\/wp-content\/uploads\/2023\/07\/placak1.jpg\" alt=\"\" class=\"wp-image-793\" srcset=\"https:\/\/www.statek-uprostred.cz\/wp-content\/uploads\/2023\/07\/placak1.jpg 2048w, https:\/\/www.statek-uprostred.cz\/wp-content\/uploads\/2023\/07\/placak1-1280x930.jpg 1280w, https:\/\/www.statek-uprostred.cz\/wp-content\/uploads\/2023\/07\/placak1-300x218.jpg 300w, https:\/\/www.statek-uprostred.cz\/wp-content\/uploads\/2023\/07\/placak1-768x558.jpg 768w, https:\/\/www.statek-uprostred.cz\/wp-content\/uploads\/2023\/07\/placak1-1536x1116.jpg 1536w\" sizes=\"auto, (max-width: 2048px) 100vw, 2048px\" \/><figcaption class=\"wp-element-caption\">Foto: Petr Plac\u00e1k<\/figcaption><\/figure>\n<\/div><\/div>\n\n\n<style>.kadence-column757_e38a4c-a7 > .kt-inside-inner-col,.kadence-column757_e38a4c-a7 > .kt-inside-inner-col:before{border-top-left-radius:0px;border-top-right-radius:0px;border-bottom-right-radius:0px;border-bottom-left-radius:0px;}.kadence-column757_e38a4c-a7 > .kt-inside-inner-col{column-gap:var(--global-kb-gap-sm, 1rem);}.kadence-column757_e38a4c-a7 > .kt-inside-inner-col{flex-direction:column;}.kadence-column757_e38a4c-a7 > .kt-inside-inner-col > .aligncenter{width:100%;}.kadence-column757_e38a4c-a7 > .kt-inside-inner-col:before{opacity:0.3;}.kadence-column757_e38a4c-a7{position:relative;}@media all and (max-width: 1024px){.kadence-column757_e38a4c-a7 > .kt-inside-inner-col{flex-direction:column;justify-content:center;}}@media all and (max-width: 767px){.kadence-column757_e38a4c-a7 > .kt-inside-inner-col{flex-direction:column;justify-content:center;}}<\/style>\n<div class=\"wp-block-kadence-column kadence-column757_e38a4c-a7\"><div class=\"kt-inside-inner-col\">\n<figure class=\"wp-block-image size-full\"><img loading=\"lazy\" decoding=\"async\" width=\"2048\" height=\"1536\" src=\"https:\/\/www.statek-uprostred.cz\/wp-content\/uploads\/2023\/07\/353604001_6302784199801270_4973321144340101034_n.jpg\" alt=\"\" class=\"wp-image-797\" srcset=\"https:\/\/www.statek-uprostred.cz\/wp-content\/uploads\/2023\/07\/353604001_6302784199801270_4973321144340101034_n.jpg 2048w, https:\/\/www.statek-uprostred.cz\/wp-content\/uploads\/2023\/07\/353604001_6302784199801270_4973321144340101034_n-1280x960.jpg 1280w, https:\/\/www.statek-uprostred.cz\/wp-content\/uploads\/2023\/07\/353604001_6302784199801270_4973321144340101034_n-300x225.jpg 300w, https:\/\/www.statek-uprostred.cz\/wp-content\/uploads\/2023\/07\/353604001_6302784199801270_4973321144340101034_n-768x576.jpg 768w, https:\/\/www.statek-uprostred.cz\/wp-content\/uploads\/2023\/07\/353604001_6302784199801270_4973321144340101034_n-1536x1152.jpg 1536w\" sizes=\"auto, (max-width: 2048px) 100vw, 2048px\" \/><figcaption class=\"wp-element-caption\">Hanka. Foto: K\u0159i\u0161\u0165anka<\/figcaption><\/figure>\n<\/div><\/div>\n\n<\/div><\/div>\n\n\n<h2 class=\"wp-block-heading\">Ned\u011ble 4. \u010dervna<\/h2>\n\n\n\n<p>Vst\u00e1v\u00e1m kolem p\u016fl dev\u00e1t\u00e9 a jdu ven s&nbsp;Frodem na rameni. Venku u\u017e sed\u00ed Ale\u0161 a Petr, Petr Plac\u00e1k a Kuba. Hanka taky p\u0159ich\u00e1z\u00ed. Hanka s&nbsp;Kubou si postavili je\u0161t\u011b v&nbsp;noci stan na dvo\u0159e. Nos\u00edm jim ven r\u016fzn\u00e9 sn\u00eddan\u011b, konvici s&nbsp;\u010dajem, pomaz\u00e1nka zbyla je\u0161t\u011b ze v\u010derej\u0161ka, 4 bu\u0159ty na op\u00e9k\u00e1n\u00ed a dal\u0161\u00ed. Petr se v\u010dera po\u0159\u00e1d chystal ps\u00e1t n\u011bjak\u00fd \u010dl\u00e1nek do Babylonu, ale vlivem pr\u00e1ce a pak hlavn\u011b z\u00e1bavy, se k&nbsp;tomu nedostal, tak to p\u00ed\u0161e te\u010f pod o\u0159echem. Pak odch\u00e1z\u00ed p\u011b\u0161ky do Da\u010dic, chce se proj\u00edt, m\u00e1 to tak ve zvyku, a pak vlakem do Prahy.<\/p>\n\n\n\n<p>Chceme jet s&nbsp;K\u0159i\u0161\u0165ankou na m\u0161i do Kosteln\u00ed Myslov\u00e9, ona p\u0159ich\u00e1z\u00ed p\u0159ed des\u00e1tou a je\u0161t\u011b si stihla up\u00e9ct bu\u0159t. \u0158\u00edkala, \u017ee s&nbsp;Kate\u0159inou sed\u011bly dlouho do noci a v\u0161echno si vypov\u011bd\u011bly. Jedeme na m\u0161i m\u00fdm autem. Cht\u011bla jsem K\u0159i\u0161\u0165anku vz\u00edt na m\u0161i slou\u017eenou kn\u011bzem Karlem Satoriou, proto\u017ee on m\u00e1 velkou s\u00edlu ducha a laskavost z\u00e1rove\u0148. Na\u0161t\u011bst\u00ed tam byl. V&nbsp;kostele nen\u00ed moc lid\u00ed, ale pak jich bylo dost vzadu. Sedly jsme si do lavice. Zazp\u00edvaly jsem si taky (\u010d. 514). Satoria tak v\u00fdrazn\u011b a pevn\u011b mluv\u00ed, \u017ee ka\u017ed\u00e9 slovo m\u00e1 v\u00e1hu a vl\u00e9v\u00e1 se z&nbsp;n\u011bho do prostoru energie. V\u00fdborn\u011b k\u00e1zal, vysv\u011btlil skv\u011ble jednu t\u011b\u017ekou pas\u00e1\u017e. Z&nbsp;toho \u010dlov\u011bka skute\u010dn\u011b vych\u00e1z\u00ed jak\u00e9si sv\u011btlo a radost, takhle p\u016fsob\u00ed Duch. N\u011bkte\u0159\u00ed kn\u011b\u017e\u00ed te\u010f propadli moru, \u017ee v\u0161ude vid\u00ed zlo a \u010f\u00e1bla, ale to je opak toho, co by m\u011bl k\u0159es\u0165an d\u011blat. Pozvedat sv\u011bt. Vn\u00e1\u0161et do n\u011bho l\u00e1sku. My samoz\u0159ejm\u011b nem\u016f\u017eeme v\u017edycky \u010derpat radost a l\u00e1sku ze sv\u011bta, tam \u010dasto nen\u00ed, ale m\u00e1me to do sv\u011bta vn\u00e1\u0161et! Jak se to d\u00e1 prov\u00e9st neust\u00e1l\u00fdm mluven\u00edm o zlu mi nikterak nen\u00ed jasn\u00e9. K\u0159i\u0161\u0165anka tam potkala sv\u00e9 zn\u00e1m\u00e9 Peterkovy, maj\u00ed tady chalupu n\u011bkde, promluvila s&nbsp;nimi, po m\u0161i jsme se s&nbsp;n\u011bma taky zastavili na kus \u0159e\u010di. Obe\u0161ly jsme si ale cel\u00fd ten kostel\u00edk, m\u00e1 to velmi dobrou atmosf\u00e9ru plnou historie.<\/p>\n\n\n\n<p>Jedeme zp\u011bt. V\u0161ichni jsou pry\u010d, pr\u00fd \u0161li na proch\u00e1zku. V&nbsp;sednici je pe\u010dovatelka Majka, v\u0161e je dobr\u00e9. Sed\u00edme je\u0161t\u011b s&nbsp;K\u0159i\u0161\u0165ankou na zahrad\u011b pod o\u0159echem a pov\u00edd\u00e1me. P\u0159ijela taky Marta vyzvednout B\u00e1ru, kter\u00e1 byla p\u0159es v\u00edkend s&nbsp;kamar\u00e1dkami na vejmince, m\u011bly tam vlastn\u00ed program. J\u00e1 jsem si za\u010dala ps\u00e1t z\u00e1pis ze soboty a pokra\u010duji st\u00e1le d\u00e1l, prolo\u017eila jsem to hrou na klav\u00edr a poj\u00edd\u00e1n\u00edm pol\u00e9vky, co zbyla ze v\u010derej\u0161ka.<\/p>\n\n\n\n<p>Oni se vracej\u00ed a\u017e pozd\u011bji, nejd\u0159\u00edv Hanka s&nbsp;Kubou, byli v&nbsp;Da\u010dic\u00edch. Chv\u00edli je\u0161t\u011b pov\u00edd\u00e1me, oni se bal\u00ed, pak se lou\u010d\u00edme. Maj\u00ed v&nbsp;pl\u00e1nu je\u0161t\u011b p\u0159ijet na dal\u0161\u00ed brig\u00e1du, Zbyn\u011bk byl z&nbsp;nich nad\u0161en, \u0159\u00edkala jsem jim, \u017ee pokud p\u0159ijedou je\u0161t\u011b po t\u00e9 velk\u00e9 part\u011b v&nbsp;\u010dervenci, tak v\u011b\u0159\u00edm, \u017ee se ta stodola u\u017e poda\u0159\u00ed. Pak se vrac\u00ed i druh\u00e1 parta, taky byli v&nbsp;Da\u010dic\u00edch. Pov\u00edd\u00e1me si je\u0161t\u011b dlouho na dvo\u0159e, o ko\u010dk\u00e1ch taky hodn\u011b. A o provozu statku, co tady kon\u00e1m a pl\u00e1nuju. Uk\u00e1zala jsem taky Petrovi sednici. L\u00edbilo se jim tu, tak m\u011b to t\u011b\u0161ilo, a d\u011bti mi \u0159\u00edkaly, \u017ee je ta pr\u00e1ce bavila a p\u0159ijely by znova. Lidem, kte\u0159\u00ed se p\u0159\u00edli\u0161 nebr\u00e1nili, jsem taky moc r\u00e1da dala pen\u00edze na benz\u00edn, n\u011bkte\u0159\u00ed zaryt\u011b odm\u00edtli. V\u0161e je t\u0159eba respektovat.<\/p>\n\n\n\n<p><\/p>\n","protected":false},"excerpt":{"rendered":"<p>Prvn\u00ed leto\u0161n\u00ed brig\u00e1da s\u00a0c\u00edlem pokra\u010dovat v\u00a0rekonstrukci stodoly prob\u011bhla 3.\u20134. \u010dervna. P\u0159ijelo v\u00edc lid\u00ed, ne\u017e se ohl\u00e1silo, a vytvo\u0159ila se bezvadn\u00e1 parta, jak pro pr\u00e1ci, tak na ve\u010dern\u00ed z\u00e1bavu u ohn\u011b s\u00a0kytarami a zp\u011bvem. Pr\u00e1ce se ud\u011blala hromada, jedni zpracov\u00e1vali d\u0159evo nebo vykl\u00edzeli star\u00e9 n\u00e1nosy, dal\u0161\u00ed pracovali na oprav\u011b krovu. <\/p>\n","protected":false},"author":2,"featured_media":761,"comment_status":"open","ping_status":"open","sticky":false,"template":"","format":"standard","meta":{"_kad_post_transparent":"","_kad_post_title":"","_kad_post_layout":"","_kad_post_sidebar_id":"","_kad_post_content_style":"","_kad_post_vertical_padding":"","_kad_post_feature":"","_kad_post_feature_position":"","_kad_post_header":false,"_kad_post_footer":false,"_kad_post_classname":"","footnotes":""},"categories":[28],"tags":[],"class_list":["post-757","post","type-post","status-publish","format-standard","has-post-thumbnail","hentry","category-opravy"],"_links":{"self":[{"href":"https:\/\/www.statek-uprostred.cz\/index.php\/wp-json\/wp\/v2\/posts\/757","targetHints":{"allow":["GET"]}}],"collection":[{"href":"https:\/\/www.statek-uprostred.cz\/index.php\/wp-json\/wp\/v2\/posts"}],"about":[{"href":"https:\/\/www.statek-uprostred.cz\/index.php\/wp-json\/wp\/v2\/types\/post"}],"author":[{"embeddable":true,"href":"https:\/\/www.statek-uprostred.cz\/index.php\/wp-json\/wp\/v2\/users\/2"}],"replies":[{"embeddable":true,"href":"https:\/\/www.statek-uprostred.cz\/index.php\/wp-json\/wp\/v2\/comments?post=757"}],"version-history":[{"count":28,"href":"https:\/\/www.statek-uprostred.cz\/index.php\/wp-json\/wp\/v2\/posts\/757\/revisions"}],"predecessor-version":[{"id":2720,"href":"https:\/\/www.statek-uprostred.cz\/index.php\/wp-json\/wp\/v2\/posts\/757\/revisions\/2720"}],"wp:featuredmedia":[{"embeddable":true,"href":"https:\/\/www.statek-uprostred.cz\/index.php\/wp-json\/wp\/v2\/media\/761"}],"wp:attachment":[{"href":"https:\/\/www.statek-uprostred.cz\/index.php\/wp-json\/wp\/v2\/media?parent=757"}],"wp:term":[{"taxonomy":"category","embeddable":true,"href":"https:\/\/www.statek-uprostred.cz\/index.php\/wp-json\/wp\/v2\/categories?post=757"},{"taxonomy":"post_tag","embeddable":true,"href":"https:\/\/www.statek-uprostred.cz\/index.php\/wp-json\/wp\/v2\/tags?post=757"}],"curies":[{"name":"wp","href":"https:\/\/api.w.org\/{rel}","templated":true}]}}