{"id":557,"date":"2012-08-03T10:01:00","date_gmt":"2012-08-03T08:01:00","guid":{"rendered":"https:\/\/www.statek-uprostred.cz\/?p=557"},"modified":"2024-12-20T10:59:56","modified_gmt":"2024-12-20T09:59:56","slug":"3-tyden-oprav-30-7-3-8-2012","status":"publish","type":"post","link":"https:\/\/www.statek-uprostred.cz\/index.php\/3-tyden-oprav-30-7-3-8-2012\/557\/","title":{"rendered":"T\u0159et\u00ed t\u00fdden od vzniku sdru\u017een\u00ed. Srpen 2012"},"content":{"rendered":"\n<pre class=\"wp-block-verse\">Od zalo\u017een\u00ed sdru\u017een\u00ed 22. \u010dervence jsem psala pro p\u0159ib\u00fdvaj\u00edc\u00ed \u010dleny na Facebook zpr\u00e1vy, jako nap\u0159\u00edklad tuto. Pr\u00e1ce na rekonstrukci se ale pomalu rozh\u00fdbala a\u017e v srpnu d\u00edky nov\u00fdm kontakt\u016fm. Statek si k&nbsp;sob\u011b u\u017e tento t\u0159et\u00ed t\u00fdden fungov\u00e1n\u00ed sdru\u017een\u00ed (30.7 a\u017e 3. 8.) p\u0159it\u00e1hl lidi, z&nbsp;nich\u017e n\u011bkte\u0159\u00ed, hlavn\u011b Jarda Prok\u016fpek, pak fungovali jako hlavn\u00ed pracovn\u00ed s\u00edla i v\u00edce let. P\u0159ijel tak\u00e9 Lubo\u0161 Krumphanzl, Alena Teskov\u00e1 a jezdil sem Ladin Hejl. --- P\u0159ehled \u010dinnosti za cel\u00fd rok 2012 najdete tak\u00e9 v souhrnn\u00e9 <strong><a href=\"https:\/\/www.statek-uprostred.cz\/index.php\/2012-jak-to-vsechno-zacalo\/1630\/\" data-type=\"URL\" data-id=\"https:\/\/www.statek-uprostred.cz\/index.php\/2012\/12\/03\/2012-jak-to-vsechno-zacalo\/(otev\u0159e se na nov\u00e9 z\u00e1lo\u017ece)\">fotogalerii<\/a><\/strong>. --- Zpr\u00e1va o \u00fapln\u00e9m za\u010d\u00e1tku snah o rekonstrukci s Janou a Liborem je <strong><a href=\"https:\/\/www.statek-uprostred.cz\/index.php\/vodohospodar\/2040\/\" data-type=\"URL\" data-id=\"https:\/\/www.statek-uprostred.cz\/index.php\/2023\/08\/06\/vodohospodar\/(otev\u0159e se na nov\u00e9 z\u00e1lo\u017ece)\">zde<\/a><\/strong>. --- <\/pre>\n\n\n<style>.kb-row-layout-id557_740ffa-84 > .kt-row-column-wrap{align-content:start;}:where(.kb-row-layout-id557_740ffa-84 > .kt-row-column-wrap) > .wp-block-kadence-column{justify-content:start;}.kb-row-layout-id557_740ffa-84 > .kt-row-column-wrap{column-gap:var(--global-kb-gap-md, 2rem);row-gap:var(--global-kb-gap-md, 2rem);padding-top:var(--global-kb-spacing-sm, 1.5rem);padding-bottom:var(--global-kb-spacing-sm, 1.5rem);grid-template-columns:repeat(2, minmax(0, 1fr));}.kb-row-layout-id557_740ffa-84 > .kt-row-layout-overlay{opacity:0.30;}@media all and (max-width: 1024px){.kb-row-layout-id557_740ffa-84 > .kt-row-column-wrap{grid-template-columns:repeat(2, minmax(0, 1fr));}}@media all and (max-width: 767px){.kb-row-layout-id557_740ffa-84 > .kt-row-column-wrap{grid-template-columns:minmax(0, 1fr);}}<\/style><div class=\"kb-row-layout-wrap kb-row-layout-id557_740ffa-84 alignnone wp-block-kadence-rowlayout\"><div class=\"kt-row-column-wrap kt-has-2-columns kt-row-layout-equal kt-tab-layout-inherit kt-mobile-layout-row kt-row-valign-top\">\n<style>.kadence-column557_9a0be1-87 > .kt-inside-inner-col,.kadence-column557_9a0be1-87 > .kt-inside-inner-col:before{border-top-left-radius:0px;border-top-right-radius:0px;border-bottom-right-radius:0px;border-bottom-left-radius:0px;}.kadence-column557_9a0be1-87 > .kt-inside-inner-col{column-gap:var(--global-kb-gap-sm, 1rem);}.kadence-column557_9a0be1-87 > .kt-inside-inner-col{flex-direction:column;}.kadence-column557_9a0be1-87 > .kt-inside-inner-col > .aligncenter{width:100%;}.kadence-column557_9a0be1-87 > .kt-inside-inner-col:before{opacity:0.3;}.kadence-column557_9a0be1-87{position:relative;}@media all and (max-width: 1024px){.kadence-column557_9a0be1-87 > .kt-inside-inner-col{flex-direction:column;justify-content:center;}}@media all and (max-width: 767px){.kadence-column557_9a0be1-87 > .kt-inside-inner-col{flex-direction:column;justify-content:center;}}<\/style>\n<div class=\"wp-block-kadence-column kadence-column557_9a0be1-87\"><div class=\"kt-inside-inner-col\">\n<figure class=\"wp-block-image size-full\"><img loading=\"lazy\" decoding=\"async\" width=\"1621\" height=\"1216\" src=\"https:\/\/www.statek-uprostred.cz\/wp-content\/uploads\/2023\/07\/vydri1.jpg\" alt=\"\" class=\"wp-image-561\" srcset=\"https:\/\/www.statek-uprostred.cz\/wp-content\/uploads\/2023\/07\/vydri1.jpg 1621w, https:\/\/www.statek-uprostred.cz\/wp-content\/uploads\/2023\/07\/vydri1-1280x960.jpg 1280w, https:\/\/www.statek-uprostred.cz\/wp-content\/uploads\/2023\/07\/vydri1-150x113.jpg 150w, https:\/\/www.statek-uprostred.cz\/wp-content\/uploads\/2023\/07\/vydri1-768x576.jpg 768w, https:\/\/www.statek-uprostred.cz\/wp-content\/uploads\/2023\/07\/vydri1-1536x1152.jpg 1536w\" sizes=\"auto, (max-width: 1621px) 100vw, 1621px\" \/><figcaption class=\"wp-element-caption\">Pohled na vejminku. Okna zatloukl po Magorov\u011b smrti na podzim 2011 Skal\u00e1k, a tak to z\u016fstalo do l\u00e9ta 2012, kdy za\u010dala rekonstrukce.<\/figcaption><\/figure>\n<\/div><\/div>\n\n\n<style>.kadence-column557_e35f97-61 > .kt-inside-inner-col,.kadence-column557_e35f97-61 > .kt-inside-inner-col:before{border-top-left-radius:0px;border-top-right-radius:0px;border-bottom-right-radius:0px;border-bottom-left-radius:0px;}.kadence-column557_e35f97-61 > .kt-inside-inner-col{column-gap:var(--global-kb-gap-sm, 1rem);}.kadence-column557_e35f97-61 > .kt-inside-inner-col{flex-direction:column;}.kadence-column557_e35f97-61 > .kt-inside-inner-col > .aligncenter{width:100%;}.kadence-column557_e35f97-61 > .kt-inside-inner-col:before{opacity:0.3;}.kadence-column557_e35f97-61{position:relative;}@media all and (max-width: 1024px){.kadence-column557_e35f97-61 > .kt-inside-inner-col{flex-direction:column;justify-content:center;}}@media all and (max-width: 767px){.kadence-column557_e35f97-61 > .kt-inside-inner-col{flex-direction:column;justify-content:center;}}<\/style>\n<div class=\"wp-block-kadence-column kadence-column557_e35f97-61\"><div class=\"kt-inside-inner-col\">\n<figure class=\"wp-block-image size-full\"><img loading=\"lazy\" decoding=\"async\" width=\"1155\" height=\"866\" src=\"https:\/\/www.statek-uprostred.cz\/wp-content\/uploads\/2023\/07\/IMG_0994.jpg\" alt=\"\" class=\"wp-image-625\" srcset=\"https:\/\/www.statek-uprostred.cz\/wp-content\/uploads\/2023\/07\/IMG_0994.jpg 1155w, https:\/\/www.statek-uprostred.cz\/wp-content\/uploads\/2023\/07\/IMG_0994-150x112.jpg 150w, https:\/\/www.statek-uprostred.cz\/wp-content\/uploads\/2023\/07\/IMG_0994-768x576.jpg 768w\" sizes=\"auto, (max-width: 1155px) 100vw, 1155px\" \/><figcaption class=\"wp-element-caption\">Poni\u010den\u00e1 st\u0159echa na hlavn\u00ed budov\u011b. <\/figcaption><\/figure>\n<\/div><\/div>\n\n<\/div><\/div>\n\n\n<p>Je to lep\u0161\u00ed! Minul\u00e1 zpr\u00e1va [ztratila se] byla odrazem m\u00fdch zcela \u010dern\u00fdch my\u0161lenek (i na idealisty ob\u010das p\u0159ijde krize\u2026). Nejd\u0159\u00edv statistiky: Na \u00fa\u010dtu sdru\u017een\u00ed je p\u0159ibli\u017en\u011b 40 000 K\u010d. Po\u010det \u010dlen\u016f: 41<\/p>\n\n\n\n<h2 class=\"wp-block-heading\">Stru\u010dn\u00fd pr\u016fb\u011bh t\u00fddne 30. \u010dervence a\u017e 3. srpna<\/h2>\n\n\n\n<p>Na za\u010d\u00e1tku t\u00fddne p\u0159ijel Lubo\u0161 Krumphanzl, prozkoumal st\u011bny a zd\u00e1 se, \u017ee statek v\u016fbec nen\u00ed v tak hrozn\u00e9m stavu, ohledn\u011b statiky, jak se mi to jevilo. N\u00e1sledn\u011b mi to potvrdily i dal\u0161\u00ed konzultace se stava\u0159i, kte\u0159\u00ed u\u017e statek p\u0159edt\u00edm vid\u011bli.<\/p>\n\n\n\n<p>Byla jsem tam den a p\u016fl sama (ten zarostl\u00fd zelen\u00fd dv\u016fr je balz\u00e1m na du\u0161i) a pak p\u0159ijela Alena Teskov\u00e1. J\u00e1 jsem pokra\u010dovala p\u0159es t\u00fdden v p\u0159eb\u00edr\u00e1n\u00ed a t\u0159\u00edd\u011bn\u00ed poz\u016fstalosti, Alena se pustila do stavby jedn\u00e9 d\u016fle\u017eit\u00e9 konstrukce, a to latr\u00edny. Alena tady byla u\u017e p\u0159edt\u00edm p\u00e1r dn\u016f a\u017e do 18. \u010dervence, to jsme za\u010daly s kosen\u00edm. Obdivovala zarostl\u00fd dv\u016fr a \u0159\u00edkala tomu &#8222;zelen\u00e9 l\u00e1zn\u011b&#8220;, m\u011bla zde i jeden zvl\u00e1\u0161tn\u00ed sen. Ale hlavn\u011b jsme sh\u00e1n\u011bly \u0159emesln\u00edky a tak\u00e9 nakoupily prvn\u00ed materi\u00e1ly \u2013 n\u00e1\u0159ad\u00ed a maltu. N\u011bkolikr\u00e1t se zastavil Ladin Hejl a nakonec p\u0159ivezl zpr\u00e1vu o mo\u017en\u00e9m vy\u010di\u0161t\u011bn\u00ed studn\u011b. \u2013 M\u011bla bych na to sice firmu, ale vy\u010di\u0161t\u011bn\u00ed by st\u00e1lo 10 000 a to se mi zd\u00e1 jako zbyte\u010dn\u00e1 investice, pokud je \u0161ance vy\u010distit studnu levn\u011bji.<\/p>\n\n\n\n<p>Hlavn\u00edm v\u00fdsledkem cel\u00e9ho pobytu nakonec bylo, \u017ee p\u0159i\u0161el pan Jaroslav Prok\u016fpek z vesnice a nab\u00eddl n\u00e1m pomoc (oprava kom\u00ednu na hlavn\u00ed budov\u011b), kontakty na \u0159emesln\u00edky, p\u0159\u00edpadn\u011b pomoc s vy\u010di\u0161t\u011bn\u00edm studny. Z toho m\u00e1m nejv\u011bt\u0161\u00ed radost. A tak\u00e9 Zbyn\u011bk Burian se stavil, rychle jsme vyklidili p\u016fdu nad t\u011bmi uhnil\u00fdmi tr\u00e1my a Zbyn\u011bk mi dodal odvahu k rozebr\u00e1n\u00ed st\u0159echy sv\u00e9pomoc\u00ed p\u0159\u00ed\u0161t\u00ed t\u00fdden \u2013 kdy\u017e se v\u00ed jak na to, v\u0161echno jde.<\/p>\n\n\n\n<p>Hlavn\u00ed zpr\u00e1va: Zdi se nemus\u00ed nutn\u011b p\u0159ed zimou stahovat ty\u010demi nebo ocelov\u00fdmi lany! U\u017e m\u00e1m snad celkem jasno, co se do zimy nutn\u011b mus\u00ed ud\u011blat a co se d\u00e1 re\u00e1ln\u011b stihnout za pen\u00edze, kter\u00e9 jsme z\u00edskali d\u00edky \u010dlen\u016fm sdru\u017een\u00ed a p\u0159\u00e1tel\u016fm:<\/p>\n\n\n\n<h2 class=\"wp-block-heading\">\u0160t\u00edt hlavn\u00ed budovy<\/h2>\n\n\n\n<p>Zedn\u00edci jsou te\u010f v l\u00e9t\u011b zcela zanepr\u00e1zdn\u011bni, ale p\u0159ibli\u017en\u011b v polovin\u011b z\u00e1\u0159\u00ed \u010di d\u0159\u00edve je re\u00e1ln\u00e1 nad\u011bje, \u017ee se poda\u0159\u00ed znovu postavit levou polovinu \u0161t\u00edtu, kter\u00fd by se p\u0159es zimu mrazem roztrhl je\u0161t\u011b v\u00edc, ne\u017e je, zat\u00e9kalo by na p\u016fdu a t\u00edm i do hlavn\u00ed m\u00edstnosti. Le\u0161en\u00ed sl\u00edbil Ji\u0159\u00ed \u0160. [te\u010f, 2023, u\u017e bohu\u017eel nev\u00edm, kdo to byl, nejsp\u00ed\u0161 Ji\u0159\u00ed \u0160afr]. Dobr\u00fd zedn\u00edk, nejl\u00e9pe p\u0159\u00edmo z vesnice, ud\u011bl\u00e1 pr\u00e1ci rychle a pom\u011brn\u011b levn\u011b.<\/p>\n\n\n\n<p>Kom\u00edn, oplechov\u00e1n\u00ed kolem kom\u00edna na hlavn\u00ed budov\u011b, v\u00fdm\u011bna po\u0161kozen\u00fdch ta\u0161ek na obou st\u0159ech\u00e1ch (vejminka i hlavn\u00ed budova) \u2013 Douf\u00e1m, \u017ee tohle by ud\u011blali tak\u00e9 \u0159emesln\u00edci z vesnice nebo bl\u00edzk\u00e9ho okol\u00ed. Kontakty jsem sehnala. Uhnil\u00e9 nosn\u00e9 tr\u00e1my na hlavn\u00ed budov\u011b: Odborn\u00e1 firma ocenila rozebr\u00e1n\u00ed st\u0159echy (odstran\u011bn\u00ed ta\u0161ek, od\u0159\u00edznut\u00ed men\u0161\u00ed \u010d\u00e1sti krovu) na 15 000. To\u017e mnohem levn\u011bj\u0161\u00ed a taky z\u00e1bavn\u011bj\u0161\u00ed bude, kdy\u017e si st\u0159echu rozebereme sami. J\u00e1 u\u017e se na to t\u011b\u0161\u00edm. Demoli\u010dn\u00ed pr\u00e1ce bych m\u011bla dob\u0159e um\u011bt, d\u011bdictv\u00ed otc\u016f\u2026<\/p>\n\n\n\n<h2 class=\"wp-block-heading\">D\u00edra ve zdi [v budouc\u00edm hostinsk\u00e9m pokoji]<\/h2>\n\n\n\n<p>V jedn\u00e9 zdi hlavn\u00ed budovy zeje d\u00edra od doby, co tam Magor cht\u011bl stav\u011bt (on skute\u010dn\u011b cht\u011bl ve Vyd\u0159\u00ed st\u00e1le n\u011bco budovat, na\u0161li jsme v poz\u016fstalosti spoustu seznam\u016f, co se mus\u00ed za\u0159\u00eddit a opravit a vystav\u011bt, ale jaksi se v\u011bt\u0161inou nedostal p\u0159es tu f\u00e1zi p\u0159edch\u016fdn\u00e9ho bo\u0159en\u00ed. D\u00edra tam sice zeje od roku 1999, ale m\u00edstnost, ve kter\u00e9 je, zat\u00edm nen\u00ed nijak po\u0161kozena, tak\u017ee to tam p\u0159\u00ed\u0161t\u00ed t\u00fdden zazd\u00edme. U\u017e se t\u011b\u0161\u00edm, jak se nau\u010d\u00edm zd\u00edt, to se v\u017edycky hod\u00ed. Na tomhle se nic ned\u00e1 zkazit, je to prost\u011b jen d\u00edra v jinak zachoval\u00e9 zdi! Pokud by se n\u011bkdo cht\u011bl d\u011bsit, \u017ee zni\u010d\u00edm statek, je to zbyte\u010dn\u00e9. Krom toho tam budu m\u00edt zase pomocn\u00edka, kter\u00fd tomu rozum\u00ed.) &#8212; (Pozn. z roku 2023. Ta d\u00edra byla v budouc\u00edm hostinsk\u00e9m pokoji. Jak jsme ji tam z Magorova na\u0159\u00edzen\u00ed vykop\u00e1valy s Janou Bauerovou je zaznamen\u00e1no detailn\u011b v knize M\u00e1ga.)<\/p>\n\n\n\n<h2 class=\"wp-block-heading\">Okapy<\/h2>\n\n\n\n<p>Okapy snad koup\u00edme p\u0159\u00ed\u0161t\u00ed t\u00fdden, nebo za 14 dn\u00ed a naistalujeme je na st\u0159echu. T\u00edm se snad odstran\u00ed v\u011bt\u0161ina vlhkosti z m\u00edstnosti, kde m\u00e1 b\u00fdt pam\u00e1tn\u00edk. \u010casem bude nutn\u00e9 n\u011bjak vymyslet celkov\u00e9 odvodn\u011bn\u00ed statku, p\u00e1\u010d tam b\u00fdvaj\u00ed na ja\u0159e z\u00e1plavy, te\u010de tam voda z pol\u00ed.<\/p>\n\n\n<style>.kb-row-layout-id557_6b991f-cf > .kt-row-column-wrap{align-content:start;}:where(.kb-row-layout-id557_6b991f-cf > .kt-row-column-wrap) > .wp-block-kadence-column{justify-content:start;}.kb-row-layout-id557_6b991f-cf > .kt-row-column-wrap{column-gap:var(--global-kb-gap-md, 2rem);row-gap:var(--global-kb-gap-md, 2rem);padding-top:var(--global-kb-spacing-sm, 1.5rem);padding-bottom:var(--global-kb-spacing-sm, 1.5rem);grid-template-columns:repeat(2, minmax(0, 1fr));}.kb-row-layout-id557_6b991f-cf > .kt-row-layout-overlay{opacity:0.30;}@media all and (max-width: 1024px){.kb-row-layout-id557_6b991f-cf > .kt-row-column-wrap{grid-template-columns:repeat(2, minmax(0, 1fr));}}@media all and (max-width: 767px){.kb-row-layout-id557_6b991f-cf > .kt-row-column-wrap{grid-template-columns:minmax(0, 1fr);}}<\/style><div class=\"kb-row-layout-wrap kb-row-layout-id557_6b991f-cf alignnone wp-block-kadence-rowlayout\"><div class=\"kt-row-column-wrap kt-has-2-columns kt-row-layout-equal kt-tab-layout-inherit kt-mobile-layout-row kt-row-valign-top\">\n<style>.kadence-column557_c3eb37-1c > .kt-inside-inner-col,.kadence-column557_c3eb37-1c > .kt-inside-inner-col:before{border-top-left-radius:0px;border-top-right-radius:0px;border-bottom-right-radius:0px;border-bottom-left-radius:0px;}.kadence-column557_c3eb37-1c > .kt-inside-inner-col{column-gap:var(--global-kb-gap-sm, 1rem);}.kadence-column557_c3eb37-1c > .kt-inside-inner-col{flex-direction:column;}.kadence-column557_c3eb37-1c > .kt-inside-inner-col > .aligncenter{width:100%;}.kadence-column557_c3eb37-1c > .kt-inside-inner-col:before{opacity:0.3;}.kadence-column557_c3eb37-1c{position:relative;}@media all and (max-width: 1024px){.kadence-column557_c3eb37-1c > .kt-inside-inner-col{flex-direction:column;justify-content:center;}}@media all and (max-width: 767px){.kadence-column557_c3eb37-1c > .kt-inside-inner-col{flex-direction:column;justify-content:center;}}<\/style>\n<div class=\"wp-block-kadence-column kadence-column557_c3eb37-1c\"><div class=\"kt-inside-inner-col\">\n<figure class=\"wp-block-image size-full\"><img loading=\"lazy\" decoding=\"async\" width=\"1155\" height=\"866\" src=\"https:\/\/www.statek-uprostred.cz\/wp-content\/uploads\/2023\/08\/P5073260.jpg\" alt=\"\" class=\"wp-image-2046\" srcset=\"https:\/\/www.statek-uprostred.cz\/wp-content\/uploads\/2023\/08\/P5073260.jpg 1155w, https:\/\/www.statek-uprostred.cz\/wp-content\/uploads\/2023\/08\/P5073260-300x225.jpg 300w, https:\/\/www.statek-uprostred.cz\/wp-content\/uploads\/2023\/08\/P5073260-768x576.jpg 768w\" sizes=\"auto, (max-width: 1155px) 100vw, 1155px\" \/><figcaption class=\"wp-element-caption\">Magor\u016fv kuchy\u0148sk\u00fd kout. Druhou lednici jsme p\u0159ivezly s Alenou z Prahy. <\/figcaption><\/figure>\n<\/div><\/div>\n\n\n<style>.kadence-column557_c54079-02 > .kt-inside-inner-col,.kadence-column557_c54079-02 > .kt-inside-inner-col:before{border-top-left-radius:0px;border-top-right-radius:0px;border-bottom-right-radius:0px;border-bottom-left-radius:0px;}.kadence-column557_c54079-02 > .kt-inside-inner-col{column-gap:var(--global-kb-gap-sm, 1rem);}.kadence-column557_c54079-02 > .kt-inside-inner-col{flex-direction:column;}.kadence-column557_c54079-02 > .kt-inside-inner-col > .aligncenter{width:100%;}.kadence-column557_c54079-02 > .kt-inside-inner-col:before{opacity:0.3;}.kadence-column557_c54079-02{position:relative;}@media all and (max-width: 1024px){.kadence-column557_c54079-02 > .kt-inside-inner-col{flex-direction:column;justify-content:center;}}@media all and (max-width: 767px){.kadence-column557_c54079-02 > .kt-inside-inner-col{flex-direction:column;justify-content:center;}}<\/style>\n<div class=\"wp-block-kadence-column kadence-column557_c54079-02\"><div class=\"kt-inside-inner-col\">\n<figure class=\"wp-block-image size-large\"><img loading=\"lazy\" decoding=\"async\" width=\"1600\" height=\"1200\" src=\"https:\/\/www.statek-uprostred.cz\/wp-content\/uploads\/2023\/08\/vydri2at-1600x1200.jpg\" alt=\"\" class=\"wp-image-2049\" srcset=\"https:\/\/www.statek-uprostred.cz\/wp-content\/uploads\/2023\/08\/vydri2at-1600x1200.jpg 1600w, https:\/\/www.statek-uprostred.cz\/wp-content\/uploads\/2023\/08\/vydri2at-1200x900.jpg 1200w, https:\/\/www.statek-uprostred.cz\/wp-content\/uploads\/2023\/08\/vydri2at-300x225.jpg 300w, https:\/\/www.statek-uprostred.cz\/wp-content\/uploads\/2023\/08\/vydri2at-768x576.jpg 768w, https:\/\/www.statek-uprostred.cz\/wp-content\/uploads\/2023\/08\/vydri2at-1536x1152.jpg 1536w, https:\/\/www.statek-uprostred.cz\/wp-content\/uploads\/2023\/08\/vydri2at.jpg 1621w\" sizes=\"auto, (max-width: 1600px) 100vw, 1600px\" \/><figcaption class=\"wp-element-caption\">Zarostl\u00fd dv\u016fr v l\u00e9t\u011b 2012 a pohled na vejminku. V pop\u0159ed\u00ed je je\u0161t\u011b Magor\u016fv st\u016fl, na kter\u00e9m r\u00e1d myl n\u00e1dob\u00ed. (Foto Alena Teskov\u00e1)<\/figcaption><\/figure>\n<\/div><\/div>\n\n<\/div><\/div>\n\n\n<h2 class=\"wp-block-heading\">Vy\u010di\u0161t\u011bn\u00ed studny<\/h2>\n\n\n\n<p>Po t\u0159ech t\u00fddnech marn\u00e9ho domlouv\u00e1n\u00ed s hasi\u010di a odm\u00edt\u00e1n\u00ed firmy (vy\u010di\u0161t\u011bn\u00ed studny za 10 000 K\u010d) m\u00e1m jeden dobr\u00fd tip na p\u0159\u00ed\u0161t\u00ed t\u00fdden od Ladina Hejla, a pokud to nevyjde, tak Jarda Prok\u016fpek sl\u00edbil p\u016fj\u010dit \u010derpadlo a pomoci s \u010di\u0161t\u011bn\u00edm. T\u00edm se u\u0161et\u0159\u00ed t\u011bch 10 000, co\u017e je dobr\u00e9.<\/p>\n\n\n\n<p>Po\u010d\u00edt\u00e1m, \u017ee na tyhle pr\u00e1ce n\u00e1m pen\u00edze sta\u010d\u00ed a snad je\u0161t\u011b n\u011bjak\u00e9 p\u0159ibudou. Probl\u00e9m je se stodolou, m\u011bla by se aspo\u0148 p\u0159ikr\u00fdt st\u0159echa p\u0159es zimu a opravit zdi. Zdi oprav\u00edme, to jo, ale s tou st\u0159echou si to zat\u00edm neum\u00edm p\u0159edstavit. N\u011bco mo\u017en\u00e1 vymysl\u00ed Martin M. [???] Ale moje pl\u00e1ny je\u0161t\u011b tak daleko nesahaj\u00ed, jsem r\u00e1da, \u017ee jsem se aspo\u0148 za ty t\u0159i t\u00fddny dobrala k n\u011bjak\u00e9mu konkr\u00e9tn\u00edmu pl\u00e1nu a z\u00edskala v\u0161echny kontakty, vyslechla spoustu n\u00e1zor\u016f a ut\u0159\u00eddila si v\u0161echno v hlav\u011b.<\/p>\n\n\n\n<p>Tedy moc d\u00edky v\u0161em \u010dlen\u016fm za jejich p\u0159\u00edsp\u011bvky, je to hned veselej\u0161\u00ed, kdy\u017e si \u010dlov\u011bk m\u016f\u017ee zajet do stavebnin pro materi\u00e1ly a dokonce objedn\u00e1vat zedn\u00edky! Jinak je\u0161t\u011b bych m\u011bla asi vysv\u011btlit, pro\u010d tyhle akce nem\u016f\u017eu platit ze sv\u00fdch pen\u011bz \u2013 nu proto, \u017ee jsem doktorandka na FF UK a \u017eiju ze stipendia, kter\u00e9 \u010din\u00ed 9300 K\u010d. Mn\u011b to tak zcela vyhovuje, v\u011bnuju se pln\u011b sv\u00e9 pr\u00e1ci na dizertaci (te\u010f tedy ne\u2026), ob\u010das si p\u0159ivyd\u011bl\u00e1m na koleje, ale holt na opravy statku nezb\u00fdv\u00e1 nic. A statek prost\u011b nemohu prodat, ch\u00e1pala bych to jako osobn\u00ed prohru a moc se t\u011b\u0161\u00edm, jestli se poda\u0159\u00ed ta idea s pam\u00e1tn\u00edkem a ubytov\u00e1n\u00edm, \u017ee bych tam vid\u011bla jezdit lidi a \u017ee by si to tam mohlo za\u010d\u00edt \u017e\u00edt n\u011bjak\u00fdm samostatn\u011bj\u0161\u00edm \u017eivotem, ani\u017e bych tam musela st\u00e1le b\u00fdt.<\/p>\n\n\n\n<p>P\u0159\u00ed\u0161t\u00ed t\u00fdden zase nap\u00ed\u0161u n\u011bjakou podobnou zpr\u00e1vu, a takhle to bude snad fungovat, dokud budeme na statku n\u011bco podnikat. Pak nutn\u011b mus\u00edm odjet do Prahy, ve druh\u00e9 polovin\u011b srpna, mus\u00edm se toti\u017e p\u0159ipravit na st\u00e1tnice, ale vypad\u00e1 to, \u017ee by na statku mohl na pr\u00e1ce n\u011bkdo dohl\u00ed\u017eet a v\u0161echno to tam koordinovat m\u00edsto m\u011b a jen mi pod\u00e1vat zpr\u00e1vy do Prahy. Zdrav\u00edm v\u0161echny a d\u00edky!<\/p>\n","protected":false},"excerpt":{"rendered":"<p>Od zalo\u017een\u00ed sdru\u017een\u00ed 22. \u010dervence jsem psala pro p\u0159ib\u00fdvaj\u00edc\u00ed \u010dleny na Facebook zpr\u00e1vy, jako nap\u0159\u00edklad tuto. Pr\u00e1ce na rekonstrukci se ale pomalu rozh\u00fdbala a\u017e v srpnu d\u00edky nov\u00fdm kontakt\u016fm. Statek si k sob\u011b u\u017e tento t\u0159et\u00ed t\u00fdden fungov\u00e1n\u00ed sdru\u017een\u00ed (30.7 a\u017e 3. 8.) p\u0159it\u00e1hl lidi, z nich\u017e n\u011bkte\u0159\u00ed, hlavn\u011b Jarda Prok\u016fpek, pak fungovali jako hlavn\u00ed pracovn\u00ed s\u00edla i v\u00edce let. P\u0159ijel tak\u00e9 Lubo\u0161 Krumphanzl, Alena Teskov\u00e1 a jezdil sem Ladin Hejl. <\/p>\n","protected":false},"author":2,"featured_media":562,"comment_status":"open","ping_status":"open","sticky":false,"template":"","format":"standard","meta":{"_kad_post_transparent":"","_kad_post_title":"","_kad_post_layout":"","_kad_post_sidebar_id":"","_kad_post_content_style":"","_kad_post_vertical_padding":"","_kad_post_feature":"","_kad_post_feature_position":"","_kad_post_header":false,"_kad_post_footer":false,"_kad_post_classname":"","footnotes":""},"categories":[28],"tags":[],"class_list":["post-557","post","type-post","status-publish","format-standard","has-post-thumbnail","hentry","category-opravy"],"_links":{"self":[{"href":"https:\/\/www.statek-uprostred.cz\/index.php\/wp-json\/wp\/v2\/posts\/557","targetHints":{"allow":["GET"]}}],"collection":[{"href":"https:\/\/www.statek-uprostred.cz\/index.php\/wp-json\/wp\/v2\/posts"}],"about":[{"href":"https:\/\/www.statek-uprostred.cz\/index.php\/wp-json\/wp\/v2\/types\/post"}],"author":[{"embeddable":true,"href":"https:\/\/www.statek-uprostred.cz\/index.php\/wp-json\/wp\/v2\/users\/2"}],"replies":[{"embeddable":true,"href":"https:\/\/www.statek-uprostred.cz\/index.php\/wp-json\/wp\/v2\/comments?post=557"}],"version-history":[{"count":17,"href":"https:\/\/www.statek-uprostred.cz\/index.php\/wp-json\/wp\/v2\/posts\/557\/revisions"}],"predecessor-version":[{"id":3725,"href":"https:\/\/www.statek-uprostred.cz\/index.php\/wp-json\/wp\/v2\/posts\/557\/revisions\/3725"}],"wp:featuredmedia":[{"embeddable":true,"href":"https:\/\/www.statek-uprostred.cz\/index.php\/wp-json\/wp\/v2\/media\/562"}],"wp:attachment":[{"href":"https:\/\/www.statek-uprostred.cz\/index.php\/wp-json\/wp\/v2\/media?parent=557"}],"wp:term":[{"taxonomy":"category","embeddable":true,"href":"https:\/\/www.statek-uprostred.cz\/index.php\/wp-json\/wp\/v2\/categories?post=557"},{"taxonomy":"post_tag","embeddable":true,"href":"https:\/\/www.statek-uprostred.cz\/index.php\/wp-json\/wp\/v2\/tags?post=557"}],"curies":[{"name":"wp","href":"https:\/\/api.w.org\/{rel}","templated":true}]}}