{"id":513,"date":"2021-07-26T22:58:00","date_gmt":"2021-07-26T20:58:00","guid":{"rendered":"https:\/\/www.statek-uprostred.cz\/?p=513"},"modified":"2026-03-11T23:52:43","modified_gmt":"2026-03-11T22:52:43","slug":"knihy-ktere-vznikaly-na-statku","status":"publish","type":"post","link":"https:\/\/www.statek-uprostred.cz\/index.php\/knihy-ktere-vznikaly-na-statku\/513\/","title":{"rendered":"Um\u011bleck\u00e1 d\u00edla a hlavn\u011b knihy, kter\u00e9 vznikaly na statku"},"content":{"rendered":"\n<pre class=\"wp-block-verse\">Mo\u017enost tv\u016fr\u010d\u00edch pobyt\u016f vyu\u017eili od roku 2014 spisovatel\u00e9, b\u00e1sn\u00edc\u00ed, badatel\u00e9, v\u00fdzkumn\u00edci, v\u00fdtvarn\u00edci, divadeln\u00edci, lid\u00e9 z pom\u00e1haj\u00edc\u00edch profes\u00ed\u2026 Zde je seznam text\u016f a um\u011bleck\u00fdch d\u011bl, kter\u00e9 na statku z\u010d\u00e1sti vznikaly a byly kni\u017en\u011b publikov\u00e1ny nebo jinak prezentov\u00e1ny ve\u0159ejnosti. \u0158azeny jsou od nejnov\u011bj\u0161\u00edch po nejstar\u0161\u00ed. (Knihy Franti\u0161ky Jirousov\u00e9, kter\u00e9 zde samoz\u0159ejm\u011b vznikaly tak\u00e9, jsou jmenov\u00e1ny na konci str\u00e1nky <a href=\"https:\/\/www.statek-uprostred.cz\/index.php\/o-nas\/\" data-type=\"URL\" data-id=\"https:\/\/www.statek-uprostred.cz\/index.php\/o-nas\/\" target=\"_blank\" rel=\"noreferrer noopener\">O n\u00e1s<\/a>.)<\/pre>\n\n\n\n<h2 class=\"wp-block-heading\">Kl\u00e1ra Kr\u00e1sensk\u00e1: b\u00e1snick\u00e1 sb\u00edrka <em>Veni veni<\/em> (2025)<\/h2>\n\n\n<style>.kb-row-layout-id513_43de7d-53 > .kt-row-column-wrap{align-content:start;}:where(.kb-row-layout-id513_43de7d-53 > .kt-row-column-wrap) > .wp-block-kadence-column{justify-content:start;}.kb-row-layout-id513_43de7d-53 > .kt-row-column-wrap{column-gap:var(--global-kb-gap-md, 2rem);row-gap:var(--global-kb-gap-md, 2rem);padding-top:var(--global-kb-spacing-sm, 1.5rem);padding-bottom:var(--global-kb-spacing-sm, 1.5rem);grid-template-columns:minmax(0, 1fr) minmax(0, 2fr);}.kb-row-layout-id513_43de7d-53 > .kt-row-layout-overlay{opacity:0.30;}@media all and (max-width: 1024px){.kb-row-layout-id513_43de7d-53 > .kt-row-column-wrap{grid-template-columns:minmax(0, 1fr) minmax(0, 2fr);}}@media all and (max-width: 767px){.kb-row-layout-id513_43de7d-53 > .kt-row-column-wrap{grid-template-columns:minmax(0, 1fr);}}<\/style><div class=\"kb-row-layout-wrap kb-row-layout-id513_43de7d-53 alignnone wp-block-kadence-rowlayout\"><div class=\"kt-row-column-wrap kt-has-2-columns kt-row-layout-right-golden kt-tab-layout-inherit kt-mobile-layout-row kt-row-valign-top\">\n<style>.kadence-column513_99105c-5a > .kt-inside-inner-col,.kadence-column513_99105c-5a > .kt-inside-inner-col:before{border-top-left-radius:0px;border-top-right-radius:0px;border-bottom-right-radius:0px;border-bottom-left-radius:0px;}.kadence-column513_99105c-5a > .kt-inside-inner-col{column-gap:var(--global-kb-gap-sm, 1rem);}.kadence-column513_99105c-5a > .kt-inside-inner-col{flex-direction:column;}.kadence-column513_99105c-5a > .kt-inside-inner-col > .aligncenter{width:100%;}.kadence-column513_99105c-5a > .kt-inside-inner-col:before{opacity:0.3;}.kadence-column513_99105c-5a{position:relative;}@media all and (max-width: 1024px){.kadence-column513_99105c-5a > .kt-inside-inner-col{flex-direction:column;justify-content:center;}}@media all and (max-width: 767px){.kadence-column513_99105c-5a > .kt-inside-inner-col{flex-direction:column;justify-content:center;}}<\/style>\n<div class=\"wp-block-kadence-column kadence-column513_99105c-5a\"><div class=\"kt-inside-inner-col\"><div class=\"wp-block-image\">\n<figure class=\"aligncenter size-full is-resized\"><img loading=\"lazy\" decoding=\"async\" width=\"250\" height=\"324\" src=\"https:\/\/www.statek-uprostred.cz\/wp-content\/uploads\/2021\/07\/Veni-veni.jpg\" alt=\"\" class=\"wp-image-4520\" style=\"width:213px;height:auto\"\/><\/figure>\n<\/div><\/div><\/div>\n\n\n<style>.kadence-column513_eb6bec-ec > .kt-inside-inner-col,.kadence-column513_eb6bec-ec > .kt-inside-inner-col:before{border-top-left-radius:0px;border-top-right-radius:0px;border-bottom-right-radius:0px;border-bottom-left-radius:0px;}.kadence-column513_eb6bec-ec > .kt-inside-inner-col{column-gap:var(--global-kb-gap-sm, 1rem);}.kadence-column513_eb6bec-ec > .kt-inside-inner-col{flex-direction:column;}.kadence-column513_eb6bec-ec > .kt-inside-inner-col > .aligncenter{width:100%;}.kadence-column513_eb6bec-ec > .kt-inside-inner-col:before{opacity:0.3;}.kadence-column513_eb6bec-ec{position:relative;}@media all and (max-width: 1024px){.kadence-column513_eb6bec-ec > .kt-inside-inner-col{flex-direction:column;justify-content:center;}}@media all and (max-width: 767px){.kadence-column513_eb6bec-ec > .kt-inside-inner-col{flex-direction:column;justify-content:center;}}<\/style>\n<div class=\"wp-block-kadence-column kadence-column513_eb6bec-ec\"><div class=\"kt-inside-inner-col\">\n<p>Sb\u00edrka Veni veni za\u010dala vznikat na statku, kdy\u017e tu Kl\u00e1ra byla poprv\u00e9 v roce 2024. Koupit se d\u00e1 <a href=\"https:\/\/argo.cz\/knihy\/veni-veni\/\" target=\"_blank\" data-type=\"link\" data-id=\"https:\/\/argo.cz\/knihy\/veni-veni\/\" rel=\"noreferrer noopener\">na webu nakladatelstv\u00ed Argo<\/a>. <\/p>\n\n\n\n<p><span style=\"text-decoration: underline;\">Anotace<\/span>: \u201eSv\u00e9ho Boha nepokou\u0161ej \/ v\u00edrou v budouc\u00ed \u017eivot \/ nato\u017epak ten v\u011b\u010dn\u00fd, \/ v lehk\u00e9 a jasn\u00e9 dny, neur\u010dit\u00e9 nad\u011bje.\u201c Po b\u00e1snick\u00e9m debutu M\u00fdtinami, jen\u017e se do\u010dkal nad\u0161en\u00e9ho p\u0159ijet\u00ed ze strany liter\u00e1rn\u00ed kritiky i \u010dten\u00e1\u0159stva, vyd\u00e1v\u00e1 Kl\u00e1ra Kr\u00e1sensk\u00e1 b\u00e1snickou skladbu Veni, veni. Zvol\u00e1n\u00ed p\u0159evzat\u00e9 z latinsk\u00e9ho hymnu Veni, veni Emmanuel se neodehr\u00e1v\u00e1 v neproblematick\u00e9 poloze touhy. P\u0159edch\u00e1z\u00ed mu rozchod s Bohem smrti, s n\u00edm\u017e nelze \u017e\u00edt, rozchod, kter\u00fd se mus\u00ed odehr\u00e1t, aby se b\u00e1se\u0148 mohla st\u00e1t o\u010dek\u00e1v\u00e1n\u00edm Jin\u00e9ho, odpout\u00e1n\u00edm vzpurn\u00e9ho Prom\u00e9thea. \u201eKdy\u017e se odch\u00e1z\u00ed do noci \/ u\u017e to tak b\u00fdv\u00e1, \u017ee se jeden nevr\u00e1t\u00ed.\u201c<\/p>\n<\/div><\/div>\n\n<\/div><\/div>\n\n\n<hr class=\"wp-block-separator has-alpha-channel-opacity\"\/>\n\n\n\n<h2 class=\"wp-block-heading\">Anna \u0160ti\u010dkov\u00e1: b\u00e1snick\u00e1 sb\u00edrka V\u0161ude pak vid\u011bla husy (2025)<\/h2>\n\n\n<style>.kb-row-layout-id513_9185a6-31 > .kt-row-column-wrap{align-content:start;}:where(.kb-row-layout-id513_9185a6-31 > .kt-row-column-wrap) > .wp-block-kadence-column{justify-content:start;}.kb-row-layout-id513_9185a6-31 > .kt-row-column-wrap{column-gap:var(--global-kb-gap-md, 2rem);row-gap:var(--global-kb-gap-md, 2rem);padding-top:var(--global-kb-spacing-sm, 1.5rem);padding-bottom:var(--global-kb-spacing-sm, 1.5rem);grid-template-columns:minmax(0, 1fr) minmax(0, 2fr);}.kb-row-layout-id513_9185a6-31 > .kt-row-layout-overlay{opacity:0.30;}@media all and (max-width: 1024px){.kb-row-layout-id513_9185a6-31 > .kt-row-column-wrap{grid-template-columns:minmax(0, 1fr) minmax(0, 2fr);}}@media all and (max-width: 767px){.kb-row-layout-id513_9185a6-31 > .kt-row-column-wrap{grid-template-columns:minmax(0, 1fr);}}<\/style><div class=\"kb-row-layout-wrap kb-row-layout-id513_9185a6-31 alignnone wp-block-kadence-rowlayout\"><div class=\"kt-row-column-wrap kt-has-2-columns kt-row-layout-right-golden kt-tab-layout-inherit kt-mobile-layout-row kt-row-valign-top\">\n<style>.kadence-column513_ca5c0a-e7 > .kt-inside-inner-col,.kadence-column513_ca5c0a-e7 > .kt-inside-inner-col:before{border-top-left-radius:0px;border-top-right-radius:0px;border-bottom-right-radius:0px;border-bottom-left-radius:0px;}.kadence-column513_ca5c0a-e7 > .kt-inside-inner-col{column-gap:var(--global-kb-gap-sm, 1rem);}.kadence-column513_ca5c0a-e7 > .kt-inside-inner-col{flex-direction:column;}.kadence-column513_ca5c0a-e7 > .kt-inside-inner-col > .aligncenter{width:100%;}.kadence-column513_ca5c0a-e7 > .kt-inside-inner-col:before{opacity:0.3;}.kadence-column513_ca5c0a-e7{position:relative;}@media all and (max-width: 1024px){.kadence-column513_ca5c0a-e7 > .kt-inside-inner-col{flex-direction:column;justify-content:center;}}@media all and (max-width: 767px){.kadence-column513_ca5c0a-e7 > .kt-inside-inner-col{flex-direction:column;justify-content:center;}}<\/style>\n<div class=\"wp-block-kadence-column kadence-column513_ca5c0a-e7\"><div class=\"kt-inside-inner-col\"><div class=\"wp-block-image\">\n<figure class=\"aligncenter size-full is-resized\"><img loading=\"lazy\" decoding=\"async\" width=\"820\" height=\"1102\" src=\"https:\/\/www.statek-uprostred.cz\/wp-content\/uploads\/2021\/07\/Vsude-pak-videla-husy.jpg\" alt=\"\" class=\"wp-image-4950\" style=\"aspect-ratio:0.7441056445239568;width:313px;height:auto\" srcset=\"https:\/\/www.statek-uprostred.cz\/wp-content\/uploads\/2021\/07\/Vsude-pak-videla-husy.jpg 820w, https:\/\/www.statek-uprostred.cz\/wp-content\/uploads\/2021\/07\/Vsude-pak-videla-husy-298x400.jpg 298w, https:\/\/www.statek-uprostred.cz\/wp-content\/uploads\/2021\/07\/Vsude-pak-videla-husy-768x1032.jpg 768w\" sizes=\"auto, (max-width: 820px) 100vw, 820px\" \/><\/figure>\n<\/div><\/div><\/div>\n\n\n<style>.kadence-column513_9e02b9-22 > .kt-inside-inner-col,.kadence-column513_9e02b9-22 > .kt-inside-inner-col:before{border-top-left-radius:0px;border-top-right-radius:0px;border-bottom-right-radius:0px;border-bottom-left-radius:0px;}.kadence-column513_9e02b9-22 > .kt-inside-inner-col{column-gap:var(--global-kb-gap-sm, 1rem);}.kadence-column513_9e02b9-22 > .kt-inside-inner-col{flex-direction:column;}.kadence-column513_9e02b9-22 > .kt-inside-inner-col > .aligncenter{width:100%;}.kadence-column513_9e02b9-22 > .kt-inside-inner-col:before{opacity:0.3;}.kadence-column513_9e02b9-22{position:relative;}@media all and (max-width: 1024px){.kadence-column513_9e02b9-22 > .kt-inside-inner-col{flex-direction:column;justify-content:center;}}@media all and (max-width: 767px){.kadence-column513_9e02b9-22 > .kt-inside-inner-col{flex-direction:column;justify-content:center;}}<\/style>\n<div class=\"wp-block-kadence-column kadence-column513_9e02b9-22\"><div class=\"kt-inside-inner-col\">\n<p>Anna \u0160ti\u010dkov\u00e1 je jedna z\u00a0b\u00e1sn\u00ed\u0159ek, kter\u00e9 na statek jezd\u00ed ps\u00e1t. V\u00a0listopadu 2025 p\u0159ivezla svou novou sb\u00edrku, kter\u00e1 tady tak\u00e9 z\u010d\u00e1sti vznikala na jednom jej\u00edm tv\u016fr\u010d\u00edm pobytu. Je tam tak\u00e9 b\u00e1se\u0148 o Vyd\u0159\u00ed. <\/p>\n\n\n\n<p><span style=\"text-decoration: underline;\">Anotace<\/span>: Poezie Anny \u0160ti\u010dkov\u00e9 v knize <em>V\u0161ude pak vid\u011bla husy<\/em> je v\u011bnov\u00e1na pro\u017e\u00edv\u00e1n\u00ed n\u00e1rodn\u00ed \u010di n\u00e1bo\u017eensk\u00e9 identity a m\u016f\u017ee b\u00fdt cestou k identit\u011b i integrit\u011b person\u00e1ln\u00ed a zp\u016fsobem jej\u00edho budov\u00e1n\u00ed prost\u0159ednictv\u00edm genera\u010dn\u00edch vzpom\u00ednek a udr\u017eov\u00e1n\u00ed rodov\u00fdch rit\u016f. Autorka tyto osobn\u00ed vnit\u0159n\u00ed ponory um\u00eds\u0165uje do sugestivn\u00edho celku s b\u00e1sn\u011bmi milostn\u00fdmi, reflektuj\u00edc\u00edmi \u017eivotod\u00e1rn\u00e9, ale n\u00e1ro\u010dn\u00e9 sou\u017eit\u00ed k\u0159ehk\u00fdch a oddan\u00fdch bytost\u00ed, a s texty v\u011bnovan\u00fdmi osobn\u00edm vzpom\u00ednk\u00e1m, stesku po ko\u0159enech a jejich aktivn\u00edmu zal\u00e9v\u00e1n\u00ed i sou\u010dasn\u00fdm nitern\u00fdm pro\u017eitk\u016fm, kter\u00e9 toto v\u0161e p\u0159ebarvuje. Trauma, vzpom\u00ednka, domov a l\u00e1ska maj\u00ed mnoho vrstev a faset; ty nejhlub\u0161\u00ed, nejbolestn\u011bj\u0161\u00ed vr\u00e1sy nesnesou p\u0159\u00edm\u00e9 pojmenov\u00e1n\u00ed, je pot\u0159eba je vyt\u00e1hnout na sv\u011btlo tak, jak to dok\u00e1\u017ee b\u00e1se\u0148.<\/p>\n\n\n\n<p>Koupit se d\u00e1 v nakladatelstv\u00ed Protimluv: <br><a href=\"https:\/\/protimluv.net\/publikace\/vsude-pak-videla-husy\/\" target=\"_blank\" rel=\"noreferrer noopener\">https:\/\/protimluv.net\/publikace\/vsude-pak-videla-husy\/<\/a><\/p>\n<\/div><\/div>\n\n<\/div><\/div>\n\n\n<hr class=\"wp-block-separator has-alpha-channel-opacity\"\/>\n\n\n\n<h2 class=\"wp-block-heading\">Luk\u00e1\u0161 Trejbal: V kapse m\u00e1\u0161 kl\u00ed\u010de od Arm\u00e1dy sp\u00e1sy (2024)<\/h2>\n\n\n<style>.kb-row-layout-id513_82f0f1-ec > .kt-row-column-wrap{align-content:start;}:where(.kb-row-layout-id513_82f0f1-ec > .kt-row-column-wrap) > .wp-block-kadence-column{justify-content:start;}.kb-row-layout-id513_82f0f1-ec > .kt-row-column-wrap{column-gap:var(--global-kb-gap-md, 2rem);row-gap:var(--global-kb-gap-md, 2rem);padding-top:var(--global-kb-spacing-sm, 1.5rem);padding-bottom:var(--global-kb-spacing-sm, 1.5rem);grid-template-columns:minmax(0, 1fr) minmax(0, 2fr);}.kb-row-layout-id513_82f0f1-ec > .kt-row-layout-overlay{opacity:0.30;}@media all and (max-width: 1024px){.kb-row-layout-id513_82f0f1-ec > .kt-row-column-wrap{grid-template-columns:minmax(0, 1fr) minmax(0, 2fr);}}@media all and (max-width: 767px){.kb-row-layout-id513_82f0f1-ec > .kt-row-column-wrap{grid-template-columns:minmax(0, 1fr);}}<\/style><div class=\"kb-row-layout-wrap kb-row-layout-id513_82f0f1-ec alignnone wp-block-kadence-rowlayout\"><div class=\"kt-row-column-wrap kt-has-2-columns kt-row-layout-right-golden kt-tab-layout-inherit kt-mobile-layout-row kt-row-valign-top\">\n<style>.kadence-column513_9bedda-c2 > .kt-inside-inner-col,.kadence-column513_9bedda-c2 > .kt-inside-inner-col:before{border-top-left-radius:0px;border-top-right-radius:0px;border-bottom-right-radius:0px;border-bottom-left-radius:0px;}.kadence-column513_9bedda-c2 > .kt-inside-inner-col{column-gap:var(--global-kb-gap-sm, 1rem);}.kadence-column513_9bedda-c2 > .kt-inside-inner-col{flex-direction:column;}.kadence-column513_9bedda-c2 > .kt-inside-inner-col > .aligncenter{width:100%;}.kadence-column513_9bedda-c2 > .kt-inside-inner-col:before{opacity:0.3;}.kadence-column513_9bedda-c2{position:relative;}@media all and (max-width: 1024px){.kadence-column513_9bedda-c2 > .kt-inside-inner-col{flex-direction:column;justify-content:center;}}@media all and (max-width: 767px){.kadence-column513_9bedda-c2 > .kt-inside-inner-col{flex-direction:column;justify-content:center;}}<\/style>\n<div class=\"wp-block-kadence-column kadence-column513_9bedda-c2\"><div class=\"kt-inside-inner-col\"><div class=\"wp-block-image\">\n<figure class=\"aligncenter size-full is-resized\"><img loading=\"lazy\" decoding=\"async\" width=\"231\" height=\"350\" src=\"https:\/\/www.statek-uprostred.cz\/wp-content\/uploads\/2021\/07\/v-kapse-mas-klice-od-armady-spasy.jpg\" alt=\"\" class=\"wp-image-3962\" style=\"width:223px;height:auto\"\/><\/figure>\n<\/div><\/div><\/div>\n\n\n<style>.kadence-column513_06161b-7e > .kt-inside-inner-col,.kadence-column513_06161b-7e > .kt-inside-inner-col:before{border-top-left-radius:0px;border-top-right-radius:0px;border-bottom-right-radius:0px;border-bottom-left-radius:0px;}.kadence-column513_06161b-7e > .kt-inside-inner-col{column-gap:var(--global-kb-gap-sm, 1rem);}.kadence-column513_06161b-7e > .kt-inside-inner-col{flex-direction:column;}.kadence-column513_06161b-7e > .kt-inside-inner-col > .aligncenter{width:100%;}.kadence-column513_06161b-7e > .kt-inside-inner-col:before{opacity:0.3;}.kadence-column513_06161b-7e{position:relative;}@media all and (max-width: 1024px){.kadence-column513_06161b-7e > .kt-inside-inner-col{flex-direction:column;justify-content:center;}}@media all and (max-width: 767px){.kadence-column513_06161b-7e > .kt-inside-inner-col{flex-direction:column;justify-content:center;}}<\/style>\n<div class=\"wp-block-kadence-column kadence-column513_06161b-7e\"><div class=\"kt-inside-inner-col\">\n<p>Luk\u00e1\u0161 Trejbal byl na tv\u016fr\u010d\u00edm pobytu v dubnu 2024. Pracoval tu na sb\u00edrce V kapse m\u00e1\u0161 kl\u00ed\u010de&#8230; a dal\u0161\u00edch textech. V doprovodn\u00e9m emailu k zaslan\u00e9 vydan\u00e9 sb\u00edrce napsal:<\/p>\n\n\n\n<blockquote class=\"wp-block-quote is-layout-flow wp-block-quote-is-layout-flow\">\n<p> \u201eAhoj Franti\u0161ko! R\u00e1d bych ti poslal sb\u00edrku V kapse m\u00e1\u0161 kl\u00ed\u010de od Arm\u00e1dy sp\u00e1sy, kterou jsem na konci lo\u0148sk\u00e9ho roku vydal. Jsou v n\u00ed obsa\u017eeny i b\u00e1sn\u011b, kter\u00e9 jsem napsal na vejminku ve Vyd\u0159\u00ed. D\u00e1val jsem tam tu sb\u00edrku dokupy a p\u0159itom vznikla je\u0161t\u011b dal\u0161\u00ed tvorba. V lednov\u00e9m Tvaru vy\u0161lo n\u011bkolik m\u00fdch b\u00e1sn\u00ed ze sb\u00edrky a Milan Ohnisko vybral i dv\u011b inspirovan\u00e9 Vyd\u0159\u00edm: <em>Konec hl\u00e1\u0161en\u00ed<\/em> vznikla vloni p\u0159i pobytu, <em>Na hrob\u011b ve Vyd\u0159\u00ed<\/em> o p\u00e1r let nazp\u011bt, kdy\u017e jsme se vraceli od Skal\u00e1ka z festivalu.<br>Po\u017eehnan\u00e9 dny vin\u0161uju z Polab\u00ed, n\u011bkdy zaslechnu tv\u016fj klav\u00edr, kter\u00fd n\u00e1s obla\u017eoval jeden ve\u010der.&#8220;<\/p>\n<\/blockquote>\n<\/div><\/div>\n\n<\/div><\/div>\n\n\n<hr class=\"wp-block-separator has-alpha-channel-opacity\"\/>\n\n\n\n<h2 class=\"wp-block-heading\">Tereza \u0160ustkov\u00e1: Koutnice (2024)<\/h2>\n\n\n\n<p>B\u00e1sn\u00ed\u0159ka Tereza \u0160ustkov\u00e1 jezd\u00ed na statek pracovat na sv\u00fdch b\u00e1sn\u00edch u\u017e v\u00edce let. V roce 2024 j\u00ed vych\u00e1z\u00ed sb\u00edrka <em>Koutnice<\/em>, kter\u00e1 vznikala z v\u011bt\u0161\u00ed \u010d\u00e1sti na statku. Je v n\u00ed tak\u00e9 b\u00e1se\u0148 z n\u00e1v\u0161t\u011bvy.  Sb\u00edrku vydalo nakladatelstv\u00ed Host, <a href=\"https:\/\/www.hostbrno.cz\/koutnice\/\" data-type=\"link\" data-id=\"https:\/\/www.hostbrno.cz\/koutnice\/\" target=\"_blank\" rel=\"noreferrer noopener\">zakoupit<\/a> lze nap\u0159. na jejich webu. <\/p>\n\n\n<style>.kb-row-layout-id513_c7abc4-a6 > .kt-row-column-wrap{align-content:start;}:where(.kb-row-layout-id513_c7abc4-a6 > .kt-row-column-wrap) > .wp-block-kadence-column{justify-content:start;}.kb-row-layout-id513_c7abc4-a6 > .kt-row-column-wrap{column-gap:var(--global-kb-gap-md, 2rem);row-gap:var(--global-kb-gap-md, 2rem);padding-top:var(--global-kb-spacing-sm, 1.5rem);padding-bottom:var(--global-kb-spacing-sm, 1.5rem);grid-template-columns:minmax(0, 1fr) minmax(0, 2fr);}.kb-row-layout-id513_c7abc4-a6 > .kt-row-layout-overlay{opacity:0.30;}@media all and (max-width: 1024px){.kb-row-layout-id513_c7abc4-a6 > .kt-row-column-wrap{grid-template-columns:minmax(0, 1fr) minmax(0, 2fr);}}@media all and (max-width: 767px){.kb-row-layout-id513_c7abc4-a6 > .kt-row-column-wrap{grid-template-columns:minmax(0, 1fr);}}<\/style><div class=\"kb-row-layout-wrap kb-row-layout-id513_c7abc4-a6 alignnone wp-block-kadence-rowlayout\"><div class=\"kt-row-column-wrap kt-has-2-columns kt-row-layout-right-golden kt-tab-layout-inherit kt-mobile-layout-row kt-row-valign-top\">\n<style>.kadence-column513_7315db-1b > .kt-inside-inner-col,.kadence-column513_7315db-1b > .kt-inside-inner-col:before{border-top-left-radius:0px;border-top-right-radius:0px;border-bottom-right-radius:0px;border-bottom-left-radius:0px;}.kadence-column513_7315db-1b > .kt-inside-inner-col{column-gap:var(--global-kb-gap-sm, 1rem);}.kadence-column513_7315db-1b > .kt-inside-inner-col{flex-direction:column;}.kadence-column513_7315db-1b > .kt-inside-inner-col > .aligncenter{width:100%;}.kadence-column513_7315db-1b > .kt-inside-inner-col:before{opacity:0.3;}.kadence-column513_7315db-1b{position:relative;}@media all and (max-width: 1024px){.kadence-column513_7315db-1b > .kt-inside-inner-col{flex-direction:column;justify-content:center;}}@media all and (max-width: 767px){.kadence-column513_7315db-1b > .kt-inside-inner-col{flex-direction:column;justify-content:center;}}<\/style>\n<div class=\"wp-block-kadence-column kadence-column513_7315db-1b\"><div class=\"kt-inside-inner-col\"><style>.kb-image513_3199cb-1c.kb-image-is-ratio-size, .kb-image513_3199cb-1c .kb-image-is-ratio-size{max-width:197px;width:100%;}.wp-block-kadence-column > .kt-inside-inner-col > .kb-image513_3199cb-1c.kb-image-is-ratio-size, .wp-block-kadence-column > .kt-inside-inner-col > .kb-image513_3199cb-1c .kb-image-is-ratio-size{align-self:unset;}.kb-image513_3199cb-1c figure{max-width:197px;}.kb-image513_3199cb-1c .image-is-svg, .kb-image513_3199cb-1c .image-is-svg img{width:100%;}.kb-image513_3199cb-1c .kb-image-has-overlay:after{opacity:0.3;}<\/style>\n<div class=\"wp-block-kadence-image kb-image513_3199cb-1c\"><figure class=\"aligncenter size-full\"><img loading=\"lazy\" decoding=\"async\" width=\"350\" height=\"547\" src=\"https:\/\/www.statek-uprostred.cz\/wp-content\/uploads\/2024\/05\/koutnice_w350.jpeg\" alt=\"\" class=\"kb-img wp-image-3171\" srcset=\"https:\/\/www.statek-uprostred.cz\/wp-content\/uploads\/2024\/05\/koutnice_w350.jpeg 350w, https:\/\/www.statek-uprostred.cz\/wp-content\/uploads\/2024\/05\/koutnice_w350-256x400.jpeg 256w\" sizes=\"auto, (max-width: 350px) 100vw, 350px\" \/><\/figure><\/div>\n<\/div><\/div>\n\n\n<style>.kadence-column513_d26b7a-75 > .kt-inside-inner-col,.kadence-column513_d26b7a-75 > .kt-inside-inner-col:before{border-top-left-radius:0px;border-top-right-radius:0px;border-bottom-right-radius:0px;border-bottom-left-radius:0px;}.kadence-column513_d26b7a-75 > .kt-inside-inner-col{column-gap:var(--global-kb-gap-sm, 1rem);}.kadence-column513_d26b7a-75 > .kt-inside-inner-col{flex-direction:column;}.kadence-column513_d26b7a-75 > .kt-inside-inner-col > .aligncenter{width:100%;}.kadence-column513_d26b7a-75 > .kt-inside-inner-col:before{opacity:0.3;}.kadence-column513_d26b7a-75{position:relative;}@media all and (max-width: 1024px){.kadence-column513_d26b7a-75 > .kt-inside-inner-col{flex-direction:column;justify-content:center;}}@media all and (max-width: 767px){.kadence-column513_d26b7a-75 > .kt-inside-inner-col{flex-direction:column;justify-content:center;}}<\/style>\n<div class=\"wp-block-kadence-column kadence-column513_d26b7a-75\"><div class=\"kt-inside-inner-col\">\n<p>(Anotace) \u201ePokou\u0161\u00edm se o&nbsp;k\u0159ehkou ch\u016fzi mezi otev\u0159enost\u00ed a&nbsp;zahalenost\u00ed,\u201c charakterizovala svou poezii v&nbsp;ned\u00e1vn\u00e9m rozhovoru Tereza&nbsp;\u0160ustkov\u00e1 (nar.&nbsp;1991). A&nbsp;tato v\u011bta dob\u0159e p\u0159il\u00e9h\u00e1 i&nbsp;ke&nbsp;t\u0159et\u00ed sb\u00edrce b\u00e1sn\u00ed\u0159ky, kter\u00e1 citliv\u011b a&nbsp;osobit\u011b rozv\u00edj\u00ed bohatou tradici na\u0161\u00ed spiritu\u00e1ln\u00ed lyriky. Erbovn\u00edm motivem, kter\u00fd dal n\u00e1zev jednomu z&nbsp;odd\u00edl\u016f i&nbsp;cel\u00e9 knize, je&nbsp;koutnice, koutn\u00ed plachta, kter\u00e1 kdysi odd\u011blovala \u0161estined\u011blky od&nbsp;okoln\u00edho sv\u011bta. Nov\u00e9 b\u00e1sn\u011b se tak zcela p\u0159irozen\u011b dot\u00fdkaj\u00ed (nejen) \u017eensk\u00e9 existence, nejsou v\u0161ak akcentov\u00e1ny vysloven\u011b anga\u017eovan\u011b. Perspektiva je v\u0161elidsk\u00e1; takto jdeme na&nbsp;sv\u011bt, toto je n\u00e1\u0161 \u00fad\u011bl a&nbsp;na\u0161e podstata a&nbsp;nic na&nbsp;tom nezm\u011bn\u00ed vyt\u011bs\u0148ov\u00e1n\u00ed \u010di&nbsp;naopak banalizace. K\u0159ehk\u00fd motiv skrytosti a&nbsp;odd\u011blenosti prostupuje cel\u00e9 jej\u00ed d\u00edlo. Co&nbsp;v\u0161e je zasuto \u201eza\u201c \u010di&nbsp;\u201epod\u201c pomyslnou plachtou? D\u00e1&nbsp;se naj\u00edt kotva skrze t\u00edhu? I&nbsp;v\u0161echno to odm\u00edtnut\u00e9, pon\u00ed\u017een\u00e9, nep\u0159ita\u017eliv\u00e9, mal\u00e9, pok\u0159iven\u00e9, zastr\u010den\u00e9 do&nbsp;kouta m\u016f\u017ee b\u00fdt se\u010dteno a&nbsp;oslaveno v&nbsp;poezii ticha a&nbsp;cudnosti. V&nbsp;poezii nad\u011bje a&nbsp;ryz\u00edho pro\u017e\u00edv\u00e1n\u00ed.&nbsp;<\/p>\n<\/div><\/div>\n\n<\/div><\/div>\n\n\n<hr class=\"wp-block-separator has-alpha-channel-opacity\"\/>\n\n\n\n<h2 class=\"wp-block-heading\">Mikro-teatro: Co je v byt\u00ed, nelze odejmouti (2023)<\/h2>\n\n\n<style>.kb-row-layout-id513_5d6027-d9 > .kt-row-column-wrap{align-content:start;}:where(.kb-row-layout-id513_5d6027-d9 > .kt-row-column-wrap) > .wp-block-kadence-column{justify-content:start;}.kb-row-layout-id513_5d6027-d9 > .kt-row-column-wrap{column-gap:var(--global-kb-gap-md, 2rem);row-gap:var(--global-kb-gap-md, 2rem);padding-top:var(--global-kb-spacing-sm, 1.5rem);padding-bottom:var(--global-kb-spacing-sm, 1.5rem);grid-template-columns:minmax(0, 1fr) minmax(0, 2fr);}.kb-row-layout-id513_5d6027-d9 > .kt-row-layout-overlay{opacity:0.30;}@media all and (max-width: 1024px){.kb-row-layout-id513_5d6027-d9 > .kt-row-column-wrap{grid-template-columns:minmax(0, 1fr) minmax(0, 2fr);}}@media all and (max-width: 767px){.kb-row-layout-id513_5d6027-d9 > .kt-row-column-wrap{grid-template-columns:minmax(0, 1fr);}}<\/style><div class=\"kb-row-layout-wrap kb-row-layout-id513_5d6027-d9 alignnone wp-block-kadence-rowlayout\"><div class=\"kt-row-column-wrap kt-has-2-columns kt-row-layout-right-golden kt-tab-layout-inherit kt-mobile-layout-row kt-row-valign-top\">\n<style>.kadence-column513_d05a31-87 > .kt-inside-inner-col,.kadence-column513_d05a31-87 > .kt-inside-inner-col:before{border-top-left-radius:0px;border-top-right-radius:0px;border-bottom-right-radius:0px;border-bottom-left-radius:0px;}.kadence-column513_d05a31-87 > .kt-inside-inner-col{column-gap:var(--global-kb-gap-sm, 1rem);}.kadence-column513_d05a31-87 > .kt-inside-inner-col{flex-direction:column;}.kadence-column513_d05a31-87 > .kt-inside-inner-col > .aligncenter{width:100%;}.kadence-column513_d05a31-87 > .kt-inside-inner-col:before{opacity:0.3;}.kadence-column513_d05a31-87{position:relative;}@media all and (max-width: 1024px){.kadence-column513_d05a31-87 > .kt-inside-inner-col{flex-direction:column;justify-content:center;}}@media all and (max-width: 767px){.kadence-column513_d05a31-87 > .kt-inside-inner-col{flex-direction:column;justify-content:center;}}<\/style>\n<div class=\"wp-block-kadence-column kadence-column513_d05a31-87\"><div class=\"kt-inside-inner-col\"><div class=\"wp-block-image\">\n<figure class=\"aligncenter size-full is-resized\"><img loading=\"lazy\" decoding=\"async\" width=\"1440\" height=\"956\" src=\"https:\/\/www.statek-uprostred.cz\/wp-content\/uploads\/1210494-800.jpg\" alt=\"P\u0159edstaven\u00ed hry\" class=\"wp-image-529\" style=\"width:360px;height:239px\" srcset=\"https:\/\/www.statek-uprostred.cz\/wp-content\/uploads\/1210494-800.jpg 1440w, https:\/\/www.statek-uprostred.cz\/wp-content\/uploads\/1210494-800-1280x850.jpg 1280w, https:\/\/www.statek-uprostred.cz\/wp-content\/uploads\/1210494-800-768x510.jpg 768w\" sizes=\"auto, (max-width: 1440px) 100vw, 1440px\" \/><\/figure>\n<\/div><\/div><\/div>\n\n\n<style>.kadence-column513_a4b1c3-60 > .kt-inside-inner-col,.kadence-column513_a4b1c3-60 > .kt-inside-inner-col:before{border-top-left-radius:0px;border-top-right-radius:0px;border-bottom-right-radius:0px;border-bottom-left-radius:0px;}.kadence-column513_a4b1c3-60 > .kt-inside-inner-col{column-gap:var(--global-kb-gap-sm, 1rem);}.kadence-column513_a4b1c3-60 > .kt-inside-inner-col{flex-direction:column;}.kadence-column513_a4b1c3-60 > .kt-inside-inner-col > .aligncenter{width:100%;}.kadence-column513_a4b1c3-60 > .kt-inside-inner-col:before{opacity:0.3;}.kadence-column513_a4b1c3-60{position:relative;}@media all and (max-width: 1024px){.kadence-column513_a4b1c3-60 > .kt-inside-inner-col{flex-direction:column;justify-content:center;}}@media all and (max-width: 767px){.kadence-column513_a4b1c3-60 > .kt-inside-inner-col{flex-direction:column;justify-content:center;}}<\/style>\n<div class=\"wp-block-kadence-column kadence-column513_a4b1c3-60\"><div class=\"kt-inside-inner-col\">\n<p>\u010clenky brn\u011bnsk\u00e9ho divadla Mikro-teatro vym\u00fd\u0161lely na statku v&nbsp;b\u0159eznu 2023 divadeln\u00ed bytovou hru \u201eCo je v byt\u00ed, nelze odejmouti\u201c inspirovanou osudy p\u0159edstavitel\u016f skryt\u00e9 c\u00edrkve Koin\u00f3t\u00e9s F. M. Dav\u00eddka a Ludmily Javorov\u00e9.  &#8212; \u017deny v byt\u011b p\u0159edstavuj\u00ed inscenaci o \u017een\u011b v c\u00edrkvi. M\u00e1 \u017eena v katolick\u00e9 c\u00edrkvi sv\u00e9 m\u00edsto? Co m\u016f\u017ee \u017eena c\u00edrkvi p\u0159in\u00e9st? M\u016f\u017ee b\u00fdt \u017eena kn\u011bzem? <\/p>\n\n\n\n<p>Premi\u00e9ra hry se konala v l\u00e9t\u011b 2023, zde je mo\u017en\u00e9 koupit <a href=\"https:\/\/goout.net\/en\/co-je-v-byti-nelze-odejmouti\/szxkkcw\/\" data-type=\"URL\" data-id=\"https:\/\/goout.net\/en\/co-je-v-byti-nelze-odejmouti\/szxkkcw\/\" target=\"_blank\" rel=\"noreferrer noopener\">vstupenky<\/a>.<\/p>\n<\/div><\/div>\n\n<\/div><\/div>\n\n\n<p>\u0158ada \u010dlen\u016f katolick\u00e9 c\u00edrkve a zejm\u00e9na kn\u011b\u017e\u00ed dosp\u011bla b\u011bhem komunistick\u00e9 totality k p\u0159esv\u011bd\u010den\u00ed, \u017ee c\u00edrkev mus\u00ed m\u00edt krom\u011b sv\u00e9 ofici\u00e1ln\u00ed linie, a\u0165 u\u017e jej\u00ed \u010d\u00e1sti perzekvovan\u00e9, trp\u011bn\u00e9 nebo t\u00e9 kolaboruj\u00edc\u00ed s re\u017eimem, tak\u00e9 skrytou \u010d\u00e1st, kter\u00e1 bude p\u016fsobit ve vnit\u0159n\u00ed svobod\u011b. Postupn\u011b se za\u010dala ustavovat nikoli jednotn\u00e1 organizace, ale sp\u00ed\u0161e rozb\u00edhav\u00e1 s\u00ed\u0165, jej\u00ed\u017e \u010dinnost pochopiteln\u011b komplikovala nezbytn\u00e1 konspira\u010dn\u00ed opat\u0159en\u00ed proti odhalen\u00ed. Autorky Veronika V\u0161iansk\u00e1 a Eva Lietavov\u00e1 si jako v\u00fdchodisko pro svou inscenaci zvolily osudy dvou v\u00fdznamn\u00fdch p\u0159edstavitel\u016f moravsk\u00e9 \u010d\u00e1sti t\u00e9to skryt\u00e9 c\u00edrkve. Ludmila Javorov\u00e1 je jedinou \u017eenou u n\u00e1s, o n\u00ed\u017e se ve\u0159ejn\u011b v\u00ed, \u017ee byla \u2013 proti ofici\u00e1ln\u00edm pravidl\u016fm katolick\u00e9 c\u00edrkve \u2013 vysv\u011bcena na katolick\u00e9ho kn\u011bze. Felix Maria Dav\u00eddek byl jej\u00ed sv\u011btitel. A\u010dkoli se tento akt uskute\u010dnil p\u0159ed v\u00edce ne\u017e 50 lety, st\u00e1le provokuje na\u0161e p\u0159edstavy. Mohlo se uskute\u010dnit n\u011bco, co je podle pravidel nemo\u017en\u00e9? Existuje a p\u016fsob\u00ed d\u00e1le to, co bylo katolickou c\u00edrkv\u00ed n\u011bkolikr\u00e1t pop\u0159eno?<\/p>\n\n\n\n<hr class=\"wp-block-separator has-alpha-channel-opacity\"\/>\n\n\n\n<h2 class=\"wp-block-heading\">Pavel Nepustil, Tereza Gregorov\u00e1: Bez podm\u00ednek. Metody psychosoci\u00e1ln\u00ed podpory pro lidi u\u017e\u00edvaj\u00edc\u00ed drogy (Masarykova univerzita, 2020)<\/h2>\n\n\n<style>.kb-row-layout-id513_c12f4b-a8 > .kt-row-column-wrap{align-content:start;}:where(.kb-row-layout-id513_c12f4b-a8 > .kt-row-column-wrap) > .wp-block-kadence-column{justify-content:start;}.kb-row-layout-id513_c12f4b-a8 > .kt-row-column-wrap{column-gap:var(--global-kb-gap-md, 2rem);row-gap:var(--global-kb-gap-md, 2rem);padding-top:var(--global-kb-spacing-sm, 1.5rem);padding-bottom:var(--global-kb-spacing-sm, 1.5rem);grid-template-columns:minmax(0, 1fr) minmax(0, 2fr);}.kb-row-layout-id513_c12f4b-a8 > .kt-row-layout-overlay{opacity:0.30;}@media all and (max-width: 1024px){.kb-row-layout-id513_c12f4b-a8 > .kt-row-column-wrap{grid-template-columns:minmax(0, 1fr) minmax(0, 2fr);}}@media all and (max-width: 767px){.kb-row-layout-id513_c12f4b-a8 > .kt-row-column-wrap{grid-template-columns:minmax(0, 1fr);}}<\/style><div class=\"kb-row-layout-wrap kb-row-layout-id513_c12f4b-a8 alignnone wp-block-kadence-rowlayout\"><div class=\"kt-row-column-wrap kt-has-2-columns kt-row-layout-right-golden kt-tab-layout-inherit kt-mobile-layout-row kt-row-valign-top\">\n<style>.kadence-column513_ae1e85-e2 > .kt-inside-inner-col,.kadence-column513_ae1e85-e2 > .kt-inside-inner-col:before{border-top-left-radius:0px;border-top-right-radius:0px;border-bottom-right-radius:0px;border-bottom-left-radius:0px;}.kadence-column513_ae1e85-e2 > .kt-inside-inner-col{column-gap:var(--global-kb-gap-sm, 1rem);}.kadence-column513_ae1e85-e2 > .kt-inside-inner-col{flex-direction:column;}.kadence-column513_ae1e85-e2 > .kt-inside-inner-col > .aligncenter{width:100%;}.kadence-column513_ae1e85-e2 > .kt-inside-inner-col:before{opacity:0.3;}.kadence-column513_ae1e85-e2{position:relative;}@media all and (max-width: 1024px){.kadence-column513_ae1e85-e2 > .kt-inside-inner-col{flex-direction:column;justify-content:center;}}@media all and (max-width: 767px){.kadence-column513_ae1e85-e2 > .kt-inside-inner-col{flex-direction:column;justify-content:center;}}<\/style>\n<div class=\"wp-block-kadence-column kadence-column513_ae1e85-e2\"><div class=\"kt-inside-inner-col\"><div class=\"wp-block-image\">\n<figure class=\"aligncenter size-full is-resized\"><img loading=\"lazy\" decoding=\"async\" width=\"365\" height=\"515\" src=\"https:\/\/www.statek-uprostred.cz\/wp-content\/uploads\/2023\/07\/Nepustil-1.jpg\" alt=\"\" class=\"wp-image-910\" style=\"width:220px;height:auto\" srcset=\"https:\/\/www.statek-uprostred.cz\/wp-content\/uploads\/2023\/07\/Nepustil-1.jpg 365w, https:\/\/www.statek-uprostred.cz\/wp-content\/uploads\/2023\/07\/Nepustil-1-213x300.jpg 213w\" sizes=\"auto, (max-width: 365px) 100vw, 365px\" \/><\/figure>\n<\/div><\/div><\/div>\n\n\n<style>.kadence-column513_0b3538-5a > .kt-inside-inner-col,.kadence-column513_0b3538-5a > .kt-inside-inner-col:before{border-top-left-radius:0px;border-top-right-radius:0px;border-bottom-right-radius:0px;border-bottom-left-radius:0px;}.kadence-column513_0b3538-5a > .kt-inside-inner-col{column-gap:var(--global-kb-gap-sm, 1rem);}.kadence-column513_0b3538-5a > .kt-inside-inner-col{flex-direction:column;}.kadence-column513_0b3538-5a > .kt-inside-inner-col > .aligncenter{width:100%;}.kadence-column513_0b3538-5a > .kt-inside-inner-col:before{opacity:0.3;}.kadence-column513_0b3538-5a{position:relative;}@media all and (max-width: 1024px){.kadence-column513_0b3538-5a > .kt-inside-inner-col{flex-direction:column;justify-content:center;}}@media all and (max-width: 767px){.kadence-column513_0b3538-5a > .kt-inside-inner-col{flex-direction:column;justify-content:center;}}<\/style>\n<div class=\"wp-block-kadence-column kadence-column513_0b3538-5a\"><div class=\"kt-inside-inner-col\">\n<p>Pavel Nepustil jezdil na statek n\u011bkolik let, Platforma pro komplexn\u00ed p\u0159\u00edstup k z\u00e1vislostem si zde po\u0159\u00e1dala i v\u00fdjezdn\u00ed setk\u00e1n\u00ed. Krom\u011b uveden\u00e9 knihy shrnuj\u00edc\u00ed p\u0159\u00edstup Platformy k l\u00e9\u010db\u011b z\u00e1vislost\u00ed zde Pavel psal je\u0161t\u011b n\u011bkter\u00e9 odborn\u00e9 \u010dl\u00e1nky, doporu\u010dujeme k p\u0159e\u010dten\u00ed hlavn\u011b <a href=\"https:\/\/magazin-legalizace.cz\/1992-zavislost-je-jinde-politika-neuronu\/\" data-type=\"URL\" data-id=\"https:\/\/magazin-legalizace.cz\/1992-zavislost-je-jinde-politika-neuronu\/\" target=\"_blank\" rel=\"noreferrer noopener\">Z\u00e1vislost je jinde<\/a> z magaz\u00ednu Legalizace.<\/p>\n\n\n\n<p>Anotace: Kniha p\u0159in\u00e1\u0161\u00ed p\u0159ehled vybran\u00fdch metod pr\u00e1ce s lidmi, kte\u0159\u00ed u\u017e\u00edvaj\u00ed drogy, a je ur\u010dena jak pro odborn\u00edky a studenty psychosoci\u00e1ln\u00edch obor\u016f, tak pro z\u00e1jemce o problematiku drog a z\u00e1vislost\u00ed z \u0159ad \u0161irok\u00e9 ve\u0159ejnosti. Popisovan\u00e9 metody maj\u00ed spole\u010dn\u00e9 z\u00e1zem\u00ed v sou\u010dasn\u00fdch konceptech soci\u00e1ln\u00edch v\u011bd, jako jsou participativn\u00ed p\u0159\u00edstupy, empowerment nebo kritick\u00e1 soci\u00e1ln\u00ed pr\u00e1ce. Autorsk\u00fd t\u00fdm je tvo\u0159en \u010desk\u00fdmi odborn\u00edky, p\u0159ev\u00e1\u017en\u011b soci\u00e1ln\u00edmi pracovn\u00edky, s bohat\u00fdmi zku\u0161enostmi z pr\u00e1ce s lidmi u\u017e\u00edvaj\u00edc\u00edmi drogy. Kniha je ps\u00e1na p\u0159\u00edstupn\u00fdm jazykem, metody obsahuj\u00ed \u0159adu p\u0159\u00edklad\u016f a konkr\u00e9tn\u00edch doporu\u010den\u00ed pro praxi a zvl\u00e1\u0161tn\u00ed pozornost je v\u011bnov\u00e1na skupin\u00e1m se specifick\u00fdmi pot\u0159ebami.<\/p>\n<\/div><\/div>\n\n<\/div><\/div>\n\n\n<hr class=\"wp-block-separator has-alpha-channel-opacity\"\/>\n\n\n\n<h2 class=\"wp-block-heading\">Tom\u00e1\u0161 Hu\u010dko<strong>: Chaconna<\/strong> (OZ Brak, 2018)<\/h2>\n\n\n<style>.kb-row-layout-id513_344945-da > .kt-row-column-wrap{align-content:start;}:where(.kb-row-layout-id513_344945-da > .kt-row-column-wrap) > .wp-block-kadence-column{justify-content:start;}.kb-row-layout-id513_344945-da > .kt-row-column-wrap{column-gap:var(--global-kb-gap-md, 2rem);row-gap:var(--global-kb-gap-md, 2rem);padding-top:var(--global-kb-spacing-sm, 1.5rem);padding-bottom:var(--global-kb-spacing-sm, 1.5rem);grid-template-columns:minmax(0, 1fr) minmax(0, 2fr);}.kb-row-layout-id513_344945-da > .kt-row-layout-overlay{opacity:0.30;}@media all and (max-width: 1024px){.kb-row-layout-id513_344945-da > .kt-row-column-wrap{grid-template-columns:minmax(0, 1fr) minmax(0, 2fr);}}@media all and (max-width: 767px){.kb-row-layout-id513_344945-da > .kt-row-column-wrap{grid-template-columns:minmax(0, 1fr);}}<\/style><div class=\"kb-row-layout-wrap kb-row-layout-id513_344945-da alignnone wp-block-kadence-rowlayout\"><div class=\"kt-row-column-wrap kt-has-2-columns kt-row-layout-right-golden kt-tab-layout-inherit kt-mobile-layout-row kt-row-valign-top\">\n<style>.kadence-column513_9a4019-d6 > .kt-inside-inner-col,.kadence-column513_9a4019-d6 > .kt-inside-inner-col:before{border-top-left-radius:0px;border-top-right-radius:0px;border-bottom-right-radius:0px;border-bottom-left-radius:0px;}.kadence-column513_9a4019-d6 > .kt-inside-inner-col{column-gap:var(--global-kb-gap-sm, 1rem);}.kadence-column513_9a4019-d6 > .kt-inside-inner-col{flex-direction:column;}.kadence-column513_9a4019-d6 > .kt-inside-inner-col > .aligncenter{width:100%;}.kadence-column513_9a4019-d6 > .kt-inside-inner-col:before{opacity:0.3;}.kadence-column513_9a4019-d6{position:relative;}@media all and (max-width: 1024px){.kadence-column513_9a4019-d6 > .kt-inside-inner-col{flex-direction:column;justify-content:center;}}@media all and (max-width: 767px){.kadence-column513_9a4019-d6 > .kt-inside-inner-col{flex-direction:column;justify-content:center;}}<\/style>\n<div class=\"wp-block-kadence-column kadence-column513_9a4019-d6\"><div class=\"kt-inside-inner-col\">\n<figure class=\"wp-block-image size-full\"><img loading=\"lazy\" decoding=\"async\" width=\"619\" height=\"616\" src=\"https:\/\/www.statek-uprostred.cz\/wp-content\/uploads\/Hucko-orez.jpg\" alt=\"\" class=\"wp-image-514\" srcset=\"https:\/\/www.statek-uprostred.cz\/wp-content\/uploads\/Hucko-orez.jpg 619w, https:\/\/www.statek-uprostred.cz\/wp-content\/uploads\/Hucko-orez-150x150.jpg 150w\" sizes=\"auto, (max-width: 619px) 100vw, 619px\" \/><\/figure>\n<\/div><\/div>\n\n\n<style>.kadence-column513_054ba7-f5 > .kt-inside-inner-col,.kadence-column513_054ba7-f5 > .kt-inside-inner-col:before{border-top-left-radius:0px;border-top-right-radius:0px;border-bottom-right-radius:0px;border-bottom-left-radius:0px;}.kadence-column513_054ba7-f5 > .kt-inside-inner-col{column-gap:var(--global-kb-gap-sm, 1rem);}.kadence-column513_054ba7-f5 > .kt-inside-inner-col{flex-direction:column;}.kadence-column513_054ba7-f5 > .kt-inside-inner-col > .aligncenter{width:100%;}.kadence-column513_054ba7-f5 > .kt-inside-inner-col:before{opacity:0.3;}.kadence-column513_054ba7-f5{position:relative;}@media all and (max-width: 1024px){.kadence-column513_054ba7-f5 > .kt-inside-inner-col{flex-direction:column;justify-content:center;}}@media all and (max-width: 767px){.kadence-column513_054ba7-f5 > .kt-inside-inner-col{flex-direction:column;justify-content:center;}}<\/style>\n<div class=\"wp-block-kadence-column kadence-column513_054ba7-f5\"><div class=\"kt-inside-inner-col\">\n<p>Tom\u00e1\u0161 Hu\u010dko, autor novely z\u010d\u00e1sti vznikl\u00e9 na statku ve Vyd\u0159\u00ed, se narodil roku 1983, vystudoval filosofii, je publicista, p\u0159ekladatel, prozaik a redaktor \u010dasopisu Kapit\u00e1l<em>.<\/em> Tom\u00e1\u0161 p\u00ed\u0161e o sv\u00e9m textu a pobytu: <em>\u201eZa\u010diatkom roka 2016 som str\u00e1vil mesiac na Magorovom statku v Prostredn\u00edm Vyd\u0159\u00ed. Cel\u00fd \u010das mrzlo a sne\u017eilo, dni som tr\u00e1vil sekan\u00edm dreva a k\u00faren\u00edm v malej piecke. A pritom som d\u00e1val dokopy tento text. Odvtedy ubehli dva roky, text pre\u0161iel mnoh\u00fdmi zmenami, mnoho z neho vypadlo a nav\u017edy sa stratilo, nie\u010do nov\u00e9 sa v \u0148om objavilo.\u201c<\/em><\/p>\n\n\n\n<p>Novela je pojmenov\u00e1na podle hudebn\u00ed formy odvozen\u00e9 od latinskoamerick\u00e9ho tance. Hrdiny p\u0159\u00edb\u011bhu jsou skladatel\u00e9 Johann Sebastian a Ludwig von, kte\u0159\u00ed se \u017eiv\u00ed skl\u00e1d\u00e1n\u00edm hudby k pornofilm\u016fm. P\u0159\u00edb\u011bh rozpadaj\u00edc\u00edho se vztahu dopl\u0148uj\u00ed fragmenty \u00favah, b\u00e1sn\u00ed a pov\u00eddek, kter\u00e9 autor umn\u011b zasadil do textu. Z&nbsp;anotace: \u201eNevytv\u00e1rame pr\u00edbehy, iba sa sna\u017e\u00edme prezentova\u0165 svoj vlastn\u00fd pokriven\u00fd obraz, ktor\u00e9mu sme po\u010das rozpr\u00e1vania sami uverili. U\u017easn\u00e9 na tom je najm\u00e4 to, \u017ee z toho nie je \u017eiadne v\u00fdchodisko. Na \u00faprimnosti je toti\u017e nie\u010do znepokojivo ne\u00faprimn\u00e9. Za ka\u017edou snahou o pravdu je skryt\u00e1 agenda, nejak\u00e1 lo\u017e vy\u0161\u0161ieho stup\u0148a.\u201c<\/p>\n<\/div><\/div>\n\n<\/div><\/div>\n\n\n<hr class=\"wp-block-separator has-alpha-channel-opacity\"\/>\n\n\n\n<h2 class=\"wp-block-heading\">Michal Ka\u0161p\u00e1rek: Hry bez hranic (Listen, 2018)<\/h2>\n\n\n<style>.kb-row-layout-id513_956145-c9 > .kt-row-column-wrap{align-content:start;}:where(.kb-row-layout-id513_956145-c9 > .kt-row-column-wrap) > .wp-block-kadence-column{justify-content:start;}.kb-row-layout-id513_956145-c9 > .kt-row-column-wrap{column-gap:var(--global-kb-gap-md, 2rem);row-gap:var(--global-kb-gap-md, 2rem);padding-top:var(--global-kb-spacing-sm, 1.5rem);padding-bottom:var(--global-kb-spacing-sm, 1.5rem);grid-template-columns:minmax(0, 1fr) minmax(0, 2fr);}.kb-row-layout-id513_956145-c9 > .kt-row-layout-overlay{opacity:0.30;}@media all and (max-width: 1024px){.kb-row-layout-id513_956145-c9 > .kt-row-column-wrap{grid-template-columns:minmax(0, 1fr) minmax(0, 2fr);}}@media all and (max-width: 767px){.kb-row-layout-id513_956145-c9 > .kt-row-column-wrap{grid-template-columns:minmax(0, 1fr);}}<\/style><div class=\"kb-row-layout-wrap kb-row-layout-id513_956145-c9 alignnone wp-block-kadence-rowlayout\"><div class=\"kt-row-column-wrap kt-has-2-columns kt-row-layout-right-golden kt-tab-layout-inherit kt-mobile-layout-row kt-row-valign-top\">\n<style>.kadence-column513_89b602-11 > .kt-inside-inner-col,.kadence-column513_89b602-11 > .kt-inside-inner-col:before{border-top-left-radius:0px;border-top-right-radius:0px;border-bottom-right-radius:0px;border-bottom-left-radius:0px;}.kadence-column513_89b602-11 > .kt-inside-inner-col{column-gap:var(--global-kb-gap-sm, 1rem);}.kadence-column513_89b602-11 > .kt-inside-inner-col{flex-direction:column;}.kadence-column513_89b602-11 > .kt-inside-inner-col > .aligncenter{width:100%;}.kadence-column513_89b602-11 > .kt-inside-inner-col:before{opacity:0.3;}.kadence-column513_89b602-11{position:relative;}@media all and (max-width: 1024px){.kadence-column513_89b602-11 > .kt-inside-inner-col{flex-direction:column;justify-content:center;}}@media all and (max-width: 767px){.kadence-column513_89b602-11 > .kt-inside-inner-col{flex-direction:column;justify-content:center;}}<\/style>\n<div class=\"wp-block-kadence-column kadence-column513_89b602-11\"><div class=\"kt-inside-inner-col\"><div class=\"wp-block-image\">\n<figure class=\"aligncenter size-full is-resized\"><img loading=\"lazy\" decoding=\"async\" width=\"430\" height=\"550\" src=\"https:\/\/www.statek-uprostred.cz\/wp-content\/uploads\/kasparek-hry-bez-hranic.jpg\" alt=\"\" class=\"wp-image-517\" style=\"aspect-ratio:0.7818219472138296;width:276px;height:auto\"\/><\/figure>\n<\/div><\/div><\/div>\n\n\n<style>.kadence-column513_9a12ec-f0 > .kt-inside-inner-col,.kadence-column513_9a12ec-f0 > .kt-inside-inner-col:before{border-top-left-radius:0px;border-top-right-radius:0px;border-bottom-right-radius:0px;border-bottom-left-radius:0px;}.kadence-column513_9a12ec-f0 > .kt-inside-inner-col{column-gap:var(--global-kb-gap-sm, 1rem);}.kadence-column513_9a12ec-f0 > .kt-inside-inner-col{flex-direction:column;}.kadence-column513_9a12ec-f0 > .kt-inside-inner-col > .aligncenter{width:100%;}.kadence-column513_9a12ec-f0 > .kt-inside-inner-col:before{opacity:0.3;}.kadence-column513_9a12ec-f0{position:relative;}@media all and (max-width: 1024px){.kadence-column513_9a12ec-f0 > .kt-inside-inner-col{flex-direction:column;justify-content:center;}}@media all and (max-width: 767px){.kadence-column513_9a12ec-f0 > .kt-inside-inner-col{flex-direction:column;justify-content:center;}}<\/style>\n<div class=\"wp-block-kadence-column kadence-column513_9a12ec-f0\"><div class=\"kt-inside-inner-col\">\n<p>Autor je brn\u011bnsk\u00fd novin\u00e1\u0159 na voln\u00e9 noze, p\u00ed\u0161e pro web Finmag a dal\u0161\u00ed m\u00e9dia, ob\u010das p\u0159ekl\u00e1d\u00e1. Pob\u00fdval na statku asi t\u00fdden \u010di kousek v\u00edc v&nbsp;\u0159\u00edjnu 2016. Napsal pak do emailu: \u201e<em>Je\u0161t\u011b jednou d\u011bkuji za mo\u017enost pracovat v takov\u00e9m pokoji, v&nbsp;obou v\u00fdznamech toho slova. Doufal jsem, \u017ee se mi zde poda\u0159\u00ed napsat \u010dtvrtou, nejdel\u0161\u00ed a nejn\u00e1ro\u010dn\u011bj\u0161\u00ed kapitolu&nbsp;m\u00e9 novely, a ono fakt jo!<\/em>\u201c<\/p>\n\n\n\n<p>Anotace:&nbsp;Mlad\u00fd program\u00e1tor Filip si u\u017e\u00edv\u00e1 v\u0161eho, co dne\u0161n\u00ed sv\u011bt nab\u00edz\u00ed dob\u0159e placen\u00fdm profesion\u00e1l\u016fm: cestov\u00e1n\u00ed, drogy, sex bez z\u00e1vazk\u016f. Vyd\u011bl\u00e1vat na pohodln\u00fd \u017eivot v\u00fdvojem n\u00e1vykov\u00fdch her a t\u011b\u017ebou osobn\u00edch dat mo\u017en\u00e1 nen\u00ed dvakr\u00e1t mor\u00e1ln\u00ed, ale kdy\u017e to nebude d\u011blat on, bude to p\u0159eci d\u011blat n\u011bkdo jin\u00fd, ne? Jakmile se vynal\u00e9zav\u00e9mu pragmatikovi naskytne b\u011bhem vrchol\u00edc\u00ed uprchlick\u00e9 krize historick\u00e1 p\u0159\u00edle\u017eitost vyt\u0159\u00edskat na lidsk\u00e9m ne\u0161t\u011bst\u00ed tolik, \u017ee u\u017e nikdy nebude muset vst\u00e1vat do pr\u00e1ce, nev\u00e1h\u00e1 prop\u016fj\u010dit sv\u016fj cynismus dobr\u00e9 v\u011bci. P\u0159ed \u010dten\u00e1\u0159i se otev\u0159e nep\u0159\u00edjemn\u00e1 ot\u00e1zka: sleduj\u00ed nechutn\u00e9 vyko\u0159is\u0165ov\u00e1n\u00ed, anebo efektivn\u00ed z\u00e1chrannou misi? Publicista a koment\u00e1tor Michal Ka\u0161p\u00e1rek se ve sv\u00e9 temn\u00e9 grotesce strefuje do sou\u010dasn\u00fdch kult\u016f efektivity, kreativity nebo flexibility a p\u0159edkl\u00e1d\u00e1 mraziv\u00fd i krut\u011b vtipn\u00fd pohled na generaci Y (zdroj www.kosmas.cz).<\/p>\n<\/div><\/div>\n\n<\/div><\/div>\n\n\n<hr class=\"wp-block-separator has-alpha-channel-opacity\"\/>\n\n\n\n<h2 class=\"wp-block-heading\">Martin Valenta a Franti\u0161ek St\u00e1rek: Podzemn\u00ed symfonie Plastic People (Argo, 2018)<\/h2>\n\n\n<style>.kb-row-layout-id513_2f109d-56 > .kt-row-column-wrap{align-content:start;}:where(.kb-row-layout-id513_2f109d-56 > .kt-row-column-wrap) > .wp-block-kadence-column{justify-content:start;}.kb-row-layout-id513_2f109d-56 > .kt-row-column-wrap{column-gap:var(--global-kb-gap-md, 2rem);row-gap:var(--global-kb-gap-md, 2rem);padding-top:var(--global-kb-spacing-sm, 1.5rem);padding-bottom:var(--global-kb-spacing-sm, 1.5rem);grid-template-columns:minmax(0, 1fr) minmax(0, 2fr);}.kb-row-layout-id513_2f109d-56 > .kt-row-layout-overlay{opacity:0.30;}@media all and (max-width: 1024px){.kb-row-layout-id513_2f109d-56 > .kt-row-column-wrap{grid-template-columns:minmax(0, 1fr) minmax(0, 2fr);}}@media all and (max-width: 767px){.kb-row-layout-id513_2f109d-56 > .kt-row-column-wrap{grid-template-columns:minmax(0, 1fr);}}<\/style><div class=\"kb-row-layout-wrap kb-row-layout-id513_2f109d-56 alignnone wp-block-kadence-rowlayout\"><div class=\"kt-row-column-wrap kt-has-2-columns kt-row-layout-right-golden kt-tab-layout-inherit kt-mobile-layout-row kt-row-valign-top\">\n<style>.kadence-column513_d03ad2-53 > .kt-inside-inner-col,.kadence-column513_d03ad2-53 > .kt-inside-inner-col:before{border-top-left-radius:0px;border-top-right-radius:0px;border-bottom-right-radius:0px;border-bottom-left-radius:0px;}.kadence-column513_d03ad2-53 > .kt-inside-inner-col{column-gap:var(--global-kb-gap-sm, 1rem);}.kadence-column513_d03ad2-53 > .kt-inside-inner-col{flex-direction:column;}.kadence-column513_d03ad2-53 > .kt-inside-inner-col > .aligncenter{width:100%;}.kadence-column513_d03ad2-53 > .kt-inside-inner-col:before{opacity:0.3;}.kadence-column513_d03ad2-53{position:relative;}@media all and (max-width: 1024px){.kadence-column513_d03ad2-53 > .kt-inside-inner-col{flex-direction:column;justify-content:center;}}@media all and (max-width: 767px){.kadence-column513_d03ad2-53 > .kt-inside-inner-col{flex-direction:column;justify-content:center;}}<\/style>\n<div class=\"wp-block-kadence-column kadence-column513_d03ad2-53\"><div class=\"kt-inside-inner-col\"><div class=\"wp-block-image\">\n<figure class=\"aligncenter size-large is-resized\"><img decoding=\"async\" src=\"https:\/\/www.statek-uprostred.cz\/wp-content\/uploads\/2023\/07\/Plastic-people.jpg\" alt=\"\" style=\"aspect-ratio:0.7279727195785123;width:254px;height:auto\"\/><\/figure>\n<\/div><\/div><\/div>\n\n\n<style>.kadence-column513_88627e-7e > .kt-inside-inner-col,.kadence-column513_88627e-7e > .kt-inside-inner-col:before{border-top-left-radius:0px;border-top-right-radius:0px;border-bottom-right-radius:0px;border-bottom-left-radius:0px;}.kadence-column513_88627e-7e > .kt-inside-inner-col{column-gap:var(--global-kb-gap-sm, 1rem);}.kadence-column513_88627e-7e > .kt-inside-inner-col{flex-direction:column;}.kadence-column513_88627e-7e > .kt-inside-inner-col > .aligncenter{width:100%;}.kadence-column513_88627e-7e > .kt-inside-inner-col:before{opacity:0.3;}.kadence-column513_88627e-7e{position:relative;}@media all and (max-width: 1024px){.kadence-column513_88627e-7e > .kt-inside-inner-col{flex-direction:column;justify-content:center;}}@media all and (max-width: 767px){.kadence-column513_88627e-7e > .kt-inside-inner-col{flex-direction:column;justify-content:center;}}<\/style>\n<div class=\"wp-block-kadence-column kadence-column513_88627e-7e\"><div class=\"kt-inside-inner-col\">\n<p>Martin Valenta z \u00dastavu pro studium totalitn\u00edch re\u017eim\u016f&nbsp;pob\u00fdval na statku v prosinci 2016, aby zde pracoval na dokon\u010den\u00ed monografie o Plastic People.<\/p>\n\n\n\n<p>V \u00favodu jsou p\u0159ibl\u00ed\u017eeny d\u011bjiny Plastic People v letech 1968\u20131976 v r\u00e1mci importu psychedelick\u00e9ho rocku do \u010ceskoslovenska a formov\u00e1n\u00ed prvn\u00edch koncept\u016f kulturn\u00edch opozic. Analyzov\u00e1n je rovn\u011b\u017e kontext politicky orientovan\u00e9ho disentu, p\u0159edev\u0161\u00edm Charty 77. N\u00e1sledn\u011b jsou mapov\u00e1na l\u00e9ta 1976\u20131986: soci\u00e1ln\u00ed role disentu, hudebn\u00ed tvorba Plastic People, ob\u010dansk\u00e1 anga\u017eovanost jednotliv\u00fdch \u010dlen\u016f kapely. Podzemn\u00ed symfonie Plastic People rovn\u011b\u017e detailn\u011b sleduje dlouhodob\u00e9 vazby rockov\u00e9 skupiny na V\u00e1clava Havla. Nechyb\u00ed \u010d\u00e1st v\u011bnovan\u00e1 perestrojce, kter\u00e1 byla zlomov\u00fdm naru\u0161en\u00edm mocensk\u00e9ho \u0159\u00e1du KS\u010c, v\u010detn\u011b \u0161t\u011bpen\u00ed, je\u017e nov\u00fd v\u00fdvoj vyvol\u00e1val v prost\u0159ed\u00ed druh\u00e9 kultury. V z\u00e1v\u011bru knihy je podrobn\u011b pops\u00e1n rozpad skupiny: ne\u00fasp\u011b\u0161n\u00e1 snaha o legalizaci Plastic People v roce 1987, formov\u00e1n\u00ed r\u016fzn\u00fdch postojov\u00fdch t\u00e1bor\u016f v r\u00e1mci kapely, vznik P\u016flnoci a Dom\u00e1c\u00ed kapely, cesty Mejly Hlavsy do USA a jejich pozad\u00ed.<\/p>\n<\/div><\/div>\n\n<\/div><\/div>\n\n\n<hr class=\"wp-block-separator has-alpha-channel-opacity\"\/>\n\n\n\n<h2 class=\"wp-block-heading\">Daniela Iwashita: Jakub Deml: <em>Sedm let jsem u v\u00e1s slou\u017eil. Vzpom\u00ednky na Josefa Floriana<\/em> (Dauphin, 2015)<\/h2>\n\n\n<style>.kb-row-layout-id513_821ee0-5e > .kt-row-column-wrap{align-content:start;}:where(.kb-row-layout-id513_821ee0-5e > .kt-row-column-wrap) > .wp-block-kadence-column{justify-content:start;}.kb-row-layout-id513_821ee0-5e > .kt-row-column-wrap{column-gap:var(--global-kb-gap-md, 2rem);row-gap:var(--global-kb-gap-md, 2rem);padding-top:var(--global-kb-spacing-sm, 1.5rem);padding-bottom:var(--global-kb-spacing-sm, 1.5rem);grid-template-columns:minmax(0, 1fr) minmax(0, 2fr);}.kb-row-layout-id513_821ee0-5e > .kt-row-layout-overlay{opacity:0.30;}@media all and (max-width: 1024px){.kb-row-layout-id513_821ee0-5e > .kt-row-column-wrap{grid-template-columns:minmax(0, 1fr) minmax(0, 2fr);}}@media all and (max-width: 767px){.kb-row-layout-id513_821ee0-5e > .kt-row-column-wrap{grid-template-columns:minmax(0, 1fr);}}<\/style><div class=\"kb-row-layout-wrap kb-row-layout-id513_821ee0-5e alignnone wp-block-kadence-rowlayout\"><div class=\"kt-row-column-wrap kt-has-2-columns kt-row-layout-right-golden kt-tab-layout-inherit kt-mobile-layout-row kt-row-valign-top\">\n<style>.kadence-column513_9f0415-e3 > .kt-inside-inner-col,.kadence-column513_9f0415-e3 > .kt-inside-inner-col:before{border-top-left-radius:0px;border-top-right-radius:0px;border-bottom-right-radius:0px;border-bottom-left-radius:0px;}.kadence-column513_9f0415-e3 > .kt-inside-inner-col{column-gap:var(--global-kb-gap-sm, 1rem);}.kadence-column513_9f0415-e3 > .kt-inside-inner-col{flex-direction:column;}.kadence-column513_9f0415-e3 > .kt-inside-inner-col > .aligncenter{width:100%;}.kadence-column513_9f0415-e3 > .kt-inside-inner-col:before{opacity:0.3;}.kadence-column513_9f0415-e3{position:relative;}@media all and (max-width: 1024px){.kadence-column513_9f0415-e3 > .kt-inside-inner-col{flex-direction:column;justify-content:center;}}@media all and (max-width: 767px){.kadence-column513_9f0415-e3 > .kt-inside-inner-col{flex-direction:column;justify-content:center;}}<\/style>\n<div class=\"wp-block-kadence-column kadence-column513_9f0415-e3\"><div class=\"kt-inside-inner-col\"><div class=\"wp-block-image\">\n<figure class=\"aligncenter size-large is-resized\"><img decoding=\"async\" src=\"https:\/\/www.statek-uprostred.cz\/wp-content\/uploads\/big_sedm-let-jsem-u-vas-slouzil-vzpomin-LoN-269570.jpg\" alt=\"\" style=\"width:178px;height:auto\"\/><\/figure>\n<\/div><\/div><\/div>\n\n\n<style>.kadence-column513_42d08d-0e > .kt-inside-inner-col,.kadence-column513_42d08d-0e > .kt-inside-inner-col:before{border-top-left-radius:0px;border-top-right-radius:0px;border-bottom-right-radius:0px;border-bottom-left-radius:0px;}.kadence-column513_42d08d-0e > .kt-inside-inner-col{column-gap:var(--global-kb-gap-sm, 1rem);}.kadence-column513_42d08d-0e > .kt-inside-inner-col{flex-direction:column;}.kadence-column513_42d08d-0e > .kt-inside-inner-col > .aligncenter{width:100%;}.kadence-column513_42d08d-0e > .kt-inside-inner-col:before{opacity:0.3;}.kadence-column513_42d08d-0e{position:relative;}@media all and (max-width: 1024px){.kadence-column513_42d08d-0e > .kt-inside-inner-col{flex-direction:column;justify-content:center;}}@media all and (max-width: 767px){.kadence-column513_42d08d-0e > .kt-inside-inner-col{flex-direction:column;justify-content:center;}}<\/style>\n<div class=\"wp-block-kadence-column kadence-column513_42d08d-0e\"><div class=\"kt-inside-inner-col\">\n<p>Anotace: P\u00e1t\u00fd svazek edice Korespondence poprv\u00e9 p\u0159edstavuje rozs\u00e1hl\u00fd rukopis Jakuba Demla z let 1950\u20131951, kdy jeho pr\u00e1ce nesm\u011bly vych\u00e1zet. Ztv\u00e1rnil v n\u011bm sv\u00e9 sv\u011bdectv\u00ed o Josefu Florianovi i vzpom\u00ednky na vlastn\u00ed \u017eivotn\u00ed cestu kn\u011bze, b\u00e1sn\u00edka a vydavatele od po\u010d\u00e1tku 20. stolet\u00ed do jeho poloviny. Hudebn\u011b vystav\u011bn\u00e1 memo\u00e1rov\u00e1 pr\u00f3za obsahuje n\u011bkolik Florianov\u00fdch list\u016f a v z\u00e1v\u011bru se prom\u011b\u0148uje v dopis, v n\u011bm\u017e Deml Florianovi deset let po jeho smrti odpov\u00edd\u00e1. Uzav\u00edr\u00e1 tak p\u0159edchoz\u00ed po\u010detnou vz\u00e1jemnou korespondenci z let 1903\u20131935, obsahuj\u00edc\u00ed stovky list\u016f, je\u017e na vyd\u00e1n\u00ed zat\u00edm \u010dekaj\u00ed. Vzpom\u00ednky rovn\u011b\u017e zavr\u0161uj\u00ed den\u00edkovou a \u017eivotopisnou linii b\u00e1sn\u00edkova kni\u017en\u00edho d\u00edla a spolu s jeho Podzimn\u00edm snem p\u0159edstavuj\u00ed vrcholn\u00fd, dosud v\u0161ak zcela nezn\u00e1m\u00fd text \u010desk\u00e9ho p\u00edsemnictv\u00ed po\u010d\u00e1tku pades\u00e1t\u00fdch let.<\/p>\n<\/div><\/div>\n\n<\/div><\/div>","protected":false},"excerpt":{"rendered":"<p>Seznam knih a um\u011bleck\u00fdch d\u011bl, kter\u00e9 od roku 2014 vznikly na statku v r\u00e1mci tv\u016fr\u010d\u00edch pobyt\u016f a byly publikov\u00e1ny nebo prezentov\u00e1ny ve\u0159ejnosti. <\/p>\n","protected":false},"author":2,"featured_media":521,"comment_status":"open","ping_status":"open","sticky":false,"template":"","format":"standard","meta":{"_kad_post_transparent":"","_kad_post_title":"","_kad_post_layout":"","_kad_post_sidebar_id":"","_kad_post_content_style":"","_kad_post_vertical_padding":"","_kad_post_feature":"","_kad_post_feature_position":"","_kad_post_header":false,"_kad_post_footer":false,"_kad_post_classname":"","footnotes":""},"categories":[21],"tags":[],"class_list":["post-513","post","type-post","status-publish","format-standard","has-post-thumbnail","hentry","category-kultura"],"_links":{"self":[{"href":"https:\/\/www.statek-uprostred.cz\/index.php\/wp-json\/wp\/v2\/posts\/513","targetHints":{"allow":["GET"]}}],"collection":[{"href":"https:\/\/www.statek-uprostred.cz\/index.php\/wp-json\/wp\/v2\/posts"}],"about":[{"href":"https:\/\/www.statek-uprostred.cz\/index.php\/wp-json\/wp\/v2\/types\/post"}],"author":[{"embeddable":true,"href":"https:\/\/www.statek-uprostred.cz\/index.php\/wp-json\/wp\/v2\/users\/2"}],"replies":[{"embeddable":true,"href":"https:\/\/www.statek-uprostred.cz\/index.php\/wp-json\/wp\/v2\/comments?post=513"}],"version-history":[{"count":27,"href":"https:\/\/www.statek-uprostred.cz\/index.php\/wp-json\/wp\/v2\/posts\/513\/revisions"}],"predecessor-version":[{"id":4953,"href":"https:\/\/www.statek-uprostred.cz\/index.php\/wp-json\/wp\/v2\/posts\/513\/revisions\/4953"}],"wp:featuredmedia":[{"embeddable":true,"href":"https:\/\/www.statek-uprostred.cz\/index.php\/wp-json\/wp\/v2\/media\/521"}],"wp:attachment":[{"href":"https:\/\/www.statek-uprostred.cz\/index.php\/wp-json\/wp\/v2\/media?parent=513"}],"wp:term":[{"taxonomy":"category","embeddable":true,"href":"https:\/\/www.statek-uprostred.cz\/index.php\/wp-json\/wp\/v2\/categories?post=513"},{"taxonomy":"post_tag","embeddable":true,"href":"https:\/\/www.statek-uprostred.cz\/index.php\/wp-json\/wp\/v2\/tags?post=513"}],"curies":[{"name":"wp","href":"https:\/\/api.w.org\/{rel}","templated":true}]}}