{"id":2806,"date":"2023-10-15T14:45:53","date_gmt":"2023-10-15T12:45:53","guid":{"rendered":"https:\/\/www.statek-uprostred.cz\/?p=2806"},"modified":"2024-07-26T12:56:01","modified_gmt":"2024-07-26T10:56:01","slug":"religionisticky-vyjezd-studentu-gymnazia-pameti-naroda-rijen-2023","status":"publish","type":"post","link":"https:\/\/www.statek-uprostred.cz\/index.php\/religionisticky-vyjezd-studentu-gymnazia-pameti-naroda-rijen-2023\/2806\/","title":{"rendered":"Religionistick\u00fd v\u00fdjezd student\u016f Gymn\u00e1zia Pam\u011bti n\u00e1roda. \u0158\u00edjen 2023"},"content":{"rendered":"\n<pre class=\"wp-block-verse\">Studenti z pra\u017esk\u00e9ho Gymn\u00e1zia Pam\u011bti n\u00e1roda pob\u00fdvali t\u00fdden na statku b\u011bhem religionistick\u00e9ho v\u00fdjezdu Prameny \u017eivota (2.\u20136. \u0159\u00edjna). Celkem asi 50 student\u016f se vyst\u0159\u00eddalo ve dvou skupink\u00e1ch, v\u00fduka pod veden\u00edm Davida Barton\u011b prob\u00edhala v sednici a na z\u00e1pra\u017e\u00ed, spali na p\u016fd\u011b a vy\u0161lo jim n\u00e1dhern\u00e9 podzimn\u00ed po\u010das\u00ed. <\/pre>\n\n\n<style>.kb-row-layout-id2806_486298-9f > .kt-row-column-wrap{align-content:start;}:where(.kb-row-layout-id2806_486298-9f > .kt-row-column-wrap) > .wp-block-kadence-column{justify-content:start;}.kb-row-layout-id2806_486298-9f > .kt-row-column-wrap{column-gap:var(--global-kb-gap-md, 2rem);row-gap:var(--global-kb-gap-md, 2rem);padding-top:var(--global-kb-spacing-sm, 1.5rem);padding-bottom:var(--global-kb-spacing-sm, 1.5rem);grid-template-columns:repeat(2, minmax(0, 1fr));}.kb-row-layout-id2806_486298-9f > .kt-row-layout-overlay{opacity:0.30;}@media all and (max-width: 1024px){.kb-row-layout-id2806_486298-9f > .kt-row-column-wrap{grid-template-columns:repeat(2, minmax(0, 1fr));}}@media all and (max-width: 767px){.kb-row-layout-id2806_486298-9f > .kt-row-column-wrap{grid-template-columns:minmax(0, 1fr);}}<\/style><div class=\"kb-row-layout-wrap kb-row-layout-id2806_486298-9f alignnone wp-block-kadence-rowlayout\"><div class=\"kt-row-column-wrap kt-has-2-columns kt-row-layout-equal kt-tab-layout-inherit kt-mobile-layout-row kt-row-valign-top\">\n<style>.kadence-column2806_d84303-84 > .kt-inside-inner-col,.kadence-column2806_d84303-84 > .kt-inside-inner-col:before{border-top-left-radius:0px;border-top-right-radius:0px;border-bottom-right-radius:0px;border-bottom-left-radius:0px;}.kadence-column2806_d84303-84 > .kt-inside-inner-col{column-gap:var(--global-kb-gap-sm, 1rem);}.kadence-column2806_d84303-84 > .kt-inside-inner-col{flex-direction:column;}.kadence-column2806_d84303-84 > .kt-inside-inner-col > .aligncenter{width:100%;}.kadence-column2806_d84303-84 > .kt-inside-inner-col:before{opacity:0.3;}.kadence-column2806_d84303-84{position:relative;}@media all and (max-width: 1024px){.kadence-column2806_d84303-84 > .kt-inside-inner-col{flex-direction:column;justify-content:center;}}@media all and (max-width: 767px){.kadence-column2806_d84303-84 > .kt-inside-inner-col{flex-direction:column;justify-content:center;}}<\/style>\n<div class=\"wp-block-kadence-column kadence-column2806_d84303-84\"><div class=\"kt-inside-inner-col\">\n<figure class=\"wp-block-image size-full\"><img loading=\"lazy\" decoding=\"async\" width=\"1137\" height=\"857\" src=\"https:\/\/www.statek-uprostred.cz\/wp-content\/uploads\/2023\/10\/IMG_20231002_145721.jpg\" alt=\"\" class=\"wp-image-2807\" srcset=\"https:\/\/www.statek-uprostred.cz\/wp-content\/uploads\/2023\/10\/IMG_20231002_145721.jpg 1137w, https:\/\/www.statek-uprostred.cz\/wp-content\/uploads\/2023\/10\/IMG_20231002_145721-400x301.jpg 400w, https:\/\/www.statek-uprostred.cz\/wp-content\/uploads\/2023\/10\/IMG_20231002_145721-768x579.jpg 768w\" sizes=\"auto, (max-width: 1137px) 100vw, 1137px\" \/><figcaption class=\"wp-element-caption\">Na za\u010d\u00e1tku t\u00fddne se dalo p\u0159i v\u00fduce je\u0161t\u011b sed\u011bt na z\u00e1pra\u017e\u00ed. <\/figcaption><\/figure>\n<\/div><\/div>\n\n\n<style>.kadence-column2806_e4cb58-5e > .kt-inside-inner-col,.kadence-column2806_e4cb58-5e > .kt-inside-inner-col:before{border-top-left-radius:0px;border-top-right-radius:0px;border-bottom-right-radius:0px;border-bottom-left-radius:0px;}.kadence-column2806_e4cb58-5e > .kt-inside-inner-col{column-gap:var(--global-kb-gap-sm, 1rem);}.kadence-column2806_e4cb58-5e > .kt-inside-inner-col{flex-direction:column;}.kadence-column2806_e4cb58-5e > .kt-inside-inner-col > .aligncenter{width:100%;}.kadence-column2806_e4cb58-5e > .kt-inside-inner-col:before{opacity:0.3;}.kadence-column2806_e4cb58-5e{position:relative;}@media all and (max-width: 1024px){.kadence-column2806_e4cb58-5e > .kt-inside-inner-col{flex-direction:column;justify-content:center;}}@media all and (max-width: 767px){.kadence-column2806_e4cb58-5e > .kt-inside-inner-col{flex-direction:column;justify-content:center;}}<\/style>\n<div class=\"wp-block-kadence-column kadence-column2806_e4cb58-5e\"><div class=\"kt-inside-inner-col\">\n<figure class=\"wp-block-image size-full\"><img loading=\"lazy\" decoding=\"async\" width=\"1137\" height=\"857\" src=\"https:\/\/www.statek-uprostred.cz\/wp-content\/uploads\/2023\/10\/IMG_20231001_161501.jpg\" alt=\"\" class=\"wp-image-2808\" srcset=\"https:\/\/www.statek-uprostred.cz\/wp-content\/uploads\/2023\/10\/IMG_20231001_161501.jpg 1137w, https:\/\/www.statek-uprostred.cz\/wp-content\/uploads\/2023\/10\/IMG_20231001_161501-400x301.jpg 400w, https:\/\/www.statek-uprostred.cz\/wp-content\/uploads\/2023\/10\/IMG_20231001_161501-768x579.jpg 768w\" sizes=\"auto, (max-width: 1137px) 100vw, 1137px\" \/><figcaption class=\"wp-element-caption\">Dal\u0161\u00ed dny byly trochu chladn\u011bj\u0161\u00ed, v\u00fduka se p\u0159esunula do sednice (kde je tak\u00e9 tabule ur\u010den\u00e1 pro podobn\u00e9 \u00fa\u010dely). Ve\u0161lo se tam 25 student\u016f, n\u011bkte\u0159\u00ed sed\u011bli na zemi.<\/figcaption><\/figure>\n<\/div><\/div>\n\n<\/div><\/div>\n\n\n<p>Pra\u017esk\u00e9 Gymn\u00e1zium Pam\u011bti n\u00e1roda vzniklo p\u0159ed p\u00e1r lety a pro sv\u00e9 studenty po\u0159\u00e1d\u00e1 r\u016fzn\u00e9 v\u00fdjezdy. N\u00e1pad vznikl tak, \u017ee u\u010ditel David Barto\u0148, kter\u00fd znal statek z doby festival\u016f i sou\u010dasnosti, mi v l\u00e9t\u011b zavolal, jestli by bylo mo\u017en\u00e9 ubytovat tady 60 student\u016f. Nejd\u0159\u00edv se mi to zd\u00e1lo nere\u00e1ln\u00e9, ale n\u00e1pad to byl moc p\u011bkn\u00fd, a\u017e nakonec David vymyslel, \u017ee se vyst\u0159\u00eddaj\u00ed po dvou part\u00e1ch. T\u00edm se tak\u00e9 ov\u011b\u0159ila kapacita statku. Do sednice se vejde nat\u011bsno 25 lid\u00ed. N\u011bkte\u0159\u00ed spali na p\u016fd\u011b a dal\u0161\u00ed ve stanech na dvo\u0159e i na zahrad\u011b. Se studenty se tu vyst\u0159\u00eddaly jejich t\u0159\u00eddn\u00ed Lucie Cupalov\u00e1  a Eva Markov\u00e1,  a celou dobu byla p\u0159\u00edtomn\u00e1  Zuzana, kter\u00e1 va\u0159ila pro tu velikou bandu a byla pr\u00fd tak\u00e9 psycholo\u017ekou. <\/p>\n\n\n\n<p>V podobn\u011b v\u00fdjime\u010dn\u00fdch p\u0159\u00edpadech jsem m\u011bla ji\u017e d\u0159\u00edve v \u00famyslu p\u016fj\u010dovat celou hlavn\u00ed budovu v\u010detn\u011b sednice, tak jsem si te\u010f ov\u011b\u0159ila, \u017ee je to sch\u016fdn\u00e9. P\u0159est\u011bhovala jsem se s kocourky na vejminku a studenti s  Davidem, Zuzanou a t\u0159\u00eddn\u00edmi  zabydleli hlavn\u00ed budovu. Se studenty se tu vyst\u0159\u00eddaly jejich t\u0159\u00eddn\u00ed Lucie Cupalov\u00e1  a Eva Markov\u00e1,  a celou dobu byla p\u0159\u00edtomn\u00e1  Zuzana, kter\u00e1 va\u0159ila pro tu velikou bandu a byla pr\u00fd tak\u00e9 psycholo\u017ekou. <\/p>\n\n\n\n<h3 class=\"wp-block-heading\">K pramen\u016fm n\u00e1bo\u017eenstv\u00ed pomoc\u00ed symbol\u016f<\/h3>\n\n\n\n<p>Prvn\u00ed parta p\u0159ijela v pond\u011bl\u00ed 2. \u0159\u00edjna odpoledne, p\u0159i\u0161li p\u011b\u0161ky od vlaku z Velk\u00e9ho P\u011b\u010d\u00edna (David jim ale p\u0159ivezl b\u00e1gly), kdy\u017e jsme zrovna se Zby\u0148kem opravovali kousek zdi stodoly. Po objevov\u00e1n\u00ed statku a p\u016fdy se rozesadili na z\u00e1pra\u017e\u00ed ve slune\u010dn\u00e9m odpoledni a za tlumen\u00e9ho hr\u010den\u00ed m\u00edcha\u010dky za\u010dala v\u00fduka. David Barto\u0148 mluvil o d\u011bjin\u00e1ch n\u00e1bo\u017eenstv\u00ed na z\u00e1klad\u011b symbol\u016f a p\u0159i\u0161lo mi to tak zaj\u00edmav\u00e9, \u017ee bych si tam nejrad\u0161i sedla s n\u011bma, ale nena\u0161la jsem bohu\u017eel chv\u00edli \u010dasu. Dal\u0161\u00ed dny jsem ob\u010das zaslechla \u00fatr\u017eky a ten p\u0159\u00edstup k d\u011bjin\u00e1m n\u00e1bo\u017eenstv\u00ed mi p\u0159i\u0161el velmi dobr\u00fd a umo\u017e\u0148uj\u00edc\u00ed porozum\u011bt lidsk\u00e9 kultu\u0159e z nov\u00e9ho \u00fahlu pohledu. David mi pak o tomto sv\u00e9m p\u0159\u00edstupu k v\u00fduce d\u011bjin n\u00e1bo\u017eenstv\u00ed napsal v\u00edc:<\/p>\n\n\n\n<blockquote class=\"wp-block-quote is-layout-flow wp-block-quote-is-layout-flow\">\n<p>Kurs vlastn\u011b navazuje na jednu z prvn\u00edch religionistick\u00fdch prac\u00ed, <em>Prameny \u017eivota<\/em> (Vy\u0161ehrad, Praha 1982), kterou se tehdy \u0161ir\u0161\u00edmu okruhu p\u0159edstavili v\u011bhlasn\u00ed badatel\u00e9 jako Berta Krebsov\u00e1 (\u010c\u00edna), Jan Heller (Egypt, Kanaan, Mezopotamie), Du\u0161an Zbavitel (Indie), Otakar Kl\u00edma (Ir\u00e1n). U\u010dili jsme se \u010d\u00edst jazyk symbol\u016f propojuj\u00edc\u00edch n\u00e1bo\u017eenstv\u00ed mezi sebou, nejstar\u0161\u00ed jazyk ze v\u0161ech, a oz\u0159ejmovali si pro\u017eitek onoho Numen, kter\u00e9 je j\u00e1drem ka\u017ed\u00e9 duchovn\u00ed zku\u0161enosti. Jako skripta pou\u017e\u00edv\u00e1me pr\u00e1ci Jana Hellera<em> \u010clov\u011bk past\u00fd\u0159 stvo\u0159en\u00ed<\/em>, proto\u017ee ta celou problematiku religionistiky propojuje i s dne\u0161n\u00edmi glob\u00e1ln\u00edmi probl\u00e9my lidstva.<\/p>\n<cite>David Barto\u0148, u\u010ditel Gymn\u00e1zia Pam\u011bti n\u00e1roda<\/cite><\/blockquote>\n\n\n\n<h3 class=\"wp-block-heading\">Ve\u010dern\u00ed ohe\u0148. Pond\u011bl\u00ed 2. \u0159\u00edjna<\/h3>\n\n\n\n<p>A p\u0159id\u00e1v\u00e1m je\u0161t\u011b p\u00e1r \u00faryvk\u016f ze sv\u00e9ho den\u00edku. Studenti si ka\u017ed\u00fd den d\u011blali venku ohe\u0148, pov\u00eddali, zp\u00edvali, hr\u00e1li na kytaru nebo si pustili p\u00edsni\u010dky. V prvn\u00ed skupin\u011b byl tak\u00e9 student, kter\u00fd hr\u00e1l na klav\u00edr, v\u017edy to zna\u010dilo p\u0159est\u00e1vku. <\/p>\n\n\n\n<p>(<em>\u00daryvek z den\u00edku<\/em>) Vrac\u00edm se k&nbsp;ve\u010deru na statek a s&nbsp;radost\u00ed pozoruju ten ruch mlad\u00e9ho \u017eivota v\u0161ude na statku. Potkala jsem jednu partu u\u017e po cest\u011b, jak \u0161li s&nbsp;Davidem sm\u011brem od h\u0159bitova. Byl zrovna divok\u00fd pruhovan\u00fd oran\u017eovozelen\u00fd z\u00e1pad slunce, n\u00e1dhern\u00fd to m\u011bli. A p\u0159ed statkem dal\u0161\u00ed parta hraje ping-pong a dal\u0161\u00ed sed\u00ed na z\u00e1pra\u017e\u00ed. V&nbsp;sednici se sv\u00edt\u00ed a zrovna se pod\u00e1v\u00e1 ve\u010de\u0159e. \u0158\u00edkaj\u00ed sednici j\u00eddelna. Pak si ve\u010der ud\u011blali ohe\u0148 a sly\u0161ela jsem do vejminky jejich zp\u011bv, hru na kytaru, pov\u00edd\u00e1n\u00ed. N\u011bjak m\u011b to \u00fapln\u011b bla\u017e\u00ed, kdy\u017e statek takhle buj\u00ed \u017eivotem. A j\u00e1 m\u016f\u017eu b\u00fdt z\u00e1rove\u0148 zalezl\u00e1 a d\u011blat si na sv\u00e9m.  Nec\u00edt\u00edm se v podobn\u00fdch situac\u00edch nijak osam\u011bl\u00e1, naopak m\u011b t\u011b\u0161\u00ed ten ruch \u017eivota, a kdy\u017e v\u00edm, \u017ee se jim tu l\u00edb\u00ed, je to pro m\u011b n\u011bjak zcela p\u0159irozen\u00fd stav, d\u011blat si n\u011bco sv\u00e9ho v&nbsp;\u00fastran\u00ed a z\u00e1rove\u0148 b\u00fdt mezi nimi, ale ne osobn\u011b. <\/p>\n\n\n\n<h3 class=\"wp-block-heading\">Mal\u00e9 dobrodru\u017estv\u00ed s malou vich\u0159ic\u00ed. \u00dater\u00fd 3. \u0159\u00edjna<\/h3>\n\n\n\n<p>(<em>Den\u00edk<\/em>) Po des\u00e1t\u00e9 hodin\u011b se najednou strhl siln\u00fd v\u00edtr, studenti sed\u011bli zrovna u ohn\u011b. N\u00e1stup v\u011btru byl hodn\u011b siln\u00fd, v&nbsp;jednu chv\u00edli v\u0161echno l\u00edtalo vzduchem, spadan\u00e9 listy se vznesly vysoko do vzduchu, stromy divoce hu\u010dely, je\u0161t\u011b jsem tady nevid\u011bla tak rychl\u00fd n\u00e1stup siln\u00e9ho v\u011btru z&nbsp;bezv\u011bt\u0159\u00ed p\u0159i\u0161l\u00fd. \u010clov\u011bk nev\u00ed, co z&nbsp;toho vzejde, tak jsem vyb\u011bhla ven a podlo\u017eila dal\u0161\u00edm \u0161utrem vrata, ony jinak ml\u00e1t\u00ed a otev\u00edraj\u00ed se. Studenti taky l\u00e9tali sem a tam a odkl\u00edzeli v\u011bci a skl\u00e1dali stany. Zalila jsem ohe\u0148, aby oharky n\u011bco nezap\u00e1lily. Zav\u0159ela jsem kocourky do vejminky, byli na\u0161tvan\u00ed, ale p\u0159edstava, \u017ee taky l\u00e9taj\u00ed vzduchem se mi necht\u011bla l\u00edbit. Nebylo prost\u011b jasn\u00fd, co se z toho vyklube. <\/p>\n\n\n\n<p>Pak stoj\u00edme s&nbsp;Davidem venku na z\u00e1pra\u017e\u00ed a mluv\u00edme je\u0161t\u011b s&nbsp;jedn\u00edm studentem o oprav\u011b statku, lidi je\u0161t\u011b pob\u00edhaj\u00ed a domlouvaj\u00ed se, kde budou sp\u00e1t. Div\u00fd v\u00edtr se ale na\u0161t\u011bst\u00ed prom\u011bnil v&nbsp;d\u00e9\u0161\u0165, co\u017e my majitel\u00e9 rekonstruovan\u00fdch dv\u011bst\u011blet\u00fdch dom\u016f sn\u00e1\u0161\u00edme o dost l\u00e9pe. Ti, co m\u011bli stan, budou sp\u00e1t v&nbsp;sednici, kde sp\u00e1v\u00e1 David. Je dobr\u00e9, \u017ee se tam vejdou. Zuzana a Lucie sp\u00ed v hosti\u0148\u00e1ku. &#8212; Pr\u016fvan ov\u0161em vysklil sklo ve dve\u0159\u00edch do hosti\u0148\u00e1ku, David ho ale dal\u0161\u00ed den zasklil, koupil sklo v Da\u010dic\u00edch a za pomoci r\u016fzn\u00fdch ne-n\u00e1stroj\u016f (nemohli jsme nic po\u0159\u00e1dn\u00e9ho naj\u00edt) sklo vzorn\u011b vym\u011bnil. <\/p>\n\n\n<style>.kb-row-layout-id2806_9b1af7-54 > .kt-row-column-wrap{align-content:start;}:where(.kb-row-layout-id2806_9b1af7-54 > .kt-row-column-wrap) > .wp-block-kadence-column{justify-content:start;}.kb-row-layout-id2806_9b1af7-54 > .kt-row-column-wrap{column-gap:var(--global-kb-gap-md, 2rem);row-gap:var(--global-kb-gap-md, 2rem);padding-top:var(--global-kb-spacing-sm, 1.5rem);padding-bottom:var(--global-kb-spacing-sm, 1.5rem);grid-template-columns:repeat(2, minmax(0, 1fr));}.kb-row-layout-id2806_9b1af7-54 > .kt-row-layout-overlay{opacity:0.30;}@media all and (max-width: 1024px){.kb-row-layout-id2806_9b1af7-54 > .kt-row-column-wrap{grid-template-columns:repeat(2, minmax(0, 1fr));}}@media all and (max-width: 767px){.kb-row-layout-id2806_9b1af7-54 > .kt-row-column-wrap{grid-template-columns:minmax(0, 1fr);}}<\/style><div class=\"kb-row-layout-wrap kb-row-layout-id2806_9b1af7-54 alignnone wp-block-kadence-rowlayout\"><div class=\"kt-row-column-wrap kt-has-2-columns kt-row-layout-equal kt-tab-layout-inherit kt-mobile-layout-row kt-row-valign-top\">\n<style>.kadence-column2806_c8d388-36 > .kt-inside-inner-col,.kadence-column2806_c8d388-36 > .kt-inside-inner-col:before{border-top-left-radius:0px;border-top-right-radius:0px;border-bottom-right-radius:0px;border-bottom-left-radius:0px;}.kadence-column2806_c8d388-36 > .kt-inside-inner-col{column-gap:var(--global-kb-gap-sm, 1rem);}.kadence-column2806_c8d388-36 > .kt-inside-inner-col{flex-direction:column;}.kadence-column2806_c8d388-36 > .kt-inside-inner-col > .aligncenter{width:100%;}.kadence-column2806_c8d388-36 > .kt-inside-inner-col:before{opacity:0.3;}.kadence-column2806_c8d388-36{position:relative;}@media all and (max-width: 1024px){.kadence-column2806_c8d388-36 > .kt-inside-inner-col{flex-direction:column;justify-content:center;}}@media all and (max-width: 767px){.kadence-column2806_c8d388-36 > .kt-inside-inner-col{flex-direction:column;justify-content:center;}}<\/style>\n<div class=\"wp-block-kadence-column kadence-column2806_c8d388-36\"><div class=\"kt-inside-inner-col\">\n<figure class=\"wp-block-image size-full\"><img loading=\"lazy\" decoding=\"async\" width=\"1137\" height=\"857\" src=\"https:\/\/www.statek-uprostred.cz\/wp-content\/uploads\/2023\/10\/IMG_20231006_121939.jpg\" alt=\"\" class=\"wp-image-2817\" srcset=\"https:\/\/www.statek-uprostred.cz\/wp-content\/uploads\/2023\/10\/IMG_20231006_121939.jpg 1137w, https:\/\/www.statek-uprostred.cz\/wp-content\/uploads\/2023\/10\/IMG_20231006_121939-400x301.jpg 400w, https:\/\/www.statek-uprostred.cz\/wp-content\/uploads\/2023\/10\/IMG_20231006_121939-768x579.jpg 768w\" sizes=\"auto, (max-width: 1137px) 100vw, 1137px\" \/><figcaption class=\"wp-element-caption\">Posledn\u00ed den pobytu pomohli studenti p\u0159esunout n\u011bkolik des\u00edtek bobrovek na patro stodoly<\/figcaption><\/figure>\n<\/div><\/div>\n\n\n<style>.kadence-column2806_4c8ec4-9c > .kt-inside-inner-col,.kadence-column2806_4c8ec4-9c > .kt-inside-inner-col:before{border-top-left-radius:0px;border-top-right-radius:0px;border-bottom-right-radius:0px;border-bottom-left-radius:0px;}.kadence-column2806_4c8ec4-9c > .kt-inside-inner-col{column-gap:var(--global-kb-gap-sm, 1rem);}.kadence-column2806_4c8ec4-9c > .kt-inside-inner-col{flex-direction:column;}.kadence-column2806_4c8ec4-9c > .kt-inside-inner-col > .aligncenter{width:100%;}.kadence-column2806_4c8ec4-9c > .kt-inside-inner-col:before{opacity:0.3;}.kadence-column2806_4c8ec4-9c{position:relative;}@media all and (max-width: 1024px){.kadence-column2806_4c8ec4-9c > .kt-inside-inner-col{flex-direction:column;justify-content:center;}}@media all and (max-width: 767px){.kadence-column2806_4c8ec4-9c > .kt-inside-inner-col{flex-direction:column;justify-content:center;}}<\/style>\n<div class=\"wp-block-kadence-column kadence-column2806_4c8ec4-9c\"><div class=\"kt-inside-inner-col\">\n<figure class=\"wp-block-image size-full\"><img loading=\"lazy\" decoding=\"async\" width=\"1137\" height=\"857\" src=\"https:\/\/www.statek-uprostred.cz\/wp-content\/uploads\/2023\/10\/IMG_20231011_102357.jpg\" alt=\"\" class=\"wp-image-2815\" srcset=\"https:\/\/www.statek-uprostred.cz\/wp-content\/uploads\/2023\/10\/IMG_20231011_102357.jpg 1137w, https:\/\/www.statek-uprostred.cz\/wp-content\/uploads\/2023\/10\/IMG_20231011_102357-400x301.jpg 400w, https:\/\/www.statek-uprostred.cz\/wp-content\/uploads\/2023\/10\/IMG_20231011_102357-768x579.jpg 768w\" sizes=\"auto, (max-width: 1137px) 100vw, 1137px\" \/><figcaption class=\"wp-element-caption\">Po\u010das\u00ed je tenhle podzim velmi such\u00e9, ale vizu\u00e1ln\u011b je to kouzeln\u00e9, takov\u00e9 &#8222;v\u011b\u010dn\u00e9 l\u00e9to&#8220;, po\u0159\u00e1d sv\u00edt\u00ed a h\u0159eje slunce.<\/figcaption><\/figure>\n<\/div><\/div>\n\n<\/div><\/div>\n\n\n<h3 class=\"wp-block-heading\">Pr\u00e1ce pro statek a lidsk\u00fd \u0159et\u011bz s ta\u0161kami na stodolu. P\u00e1tek 6. \u0159\u00edjna<\/h3>\n\n\n\n<p>Gymn\u00e1zium za cel\u00fd pobyt jednak zaplatilo, a\u010dkoli to nebylo podm\u00ednkou jejich p\u0159\u00edtomnosti, jednak nab\u00eddli pomoc s prac\u00ed a trvali na tom. Ve st\u0159edu tedy nanosili do stodoly zezadu hromadu prken, budeme z toho d\u011blat dal\u0161\u00ed \u010d\u00e1st le\u0161en\u00ed. Vykonali taky r\u016fzn\u00e9 drobn\u00e9 pr\u00e1ce pro statek, sesb\u00edrali spadan\u00e9 o\u0159echy, n\u011bkte\u0159\u00ed kluci opravili rozbitou lavi\u010dku, a nejsp\u00ed\u0161 i dal\u0161\u00ed drobnosti. Zuzana mi tak\u00e9 nakrmila kocourky, kdy\u017e jsem jela ve st\u0159edu za kulturou.  <\/p>\n\n\n\n<p>(<em>Den\u00edk<\/em>) Zbyn\u011bk je nemocn\u00fd, m\u00e1 n\u011bjak\u00fd moribundus, ale p\u0159esto p\u0159ijel, proto\u017ee jsme cht\u011bli vyu\u017e\u00edt p\u0159\u00edtomnosti student\u016f k&nbsp;vytvo\u0159en\u00ed \u0159et\u011bzu na pod\u00e1v\u00e1n\u00ed ta\u0161ek. Nejd\u0159\u00edv pokl\u00edz\u00edm binec do pytl\u016f. Pak s&nbsp;Davidem a n\u011bkolika kluky vyn\u00e1\u0161\u00edme ze Zby\u0148kova vozejku le\u0161en\u00ed. Le\u0161en\u00ed jsme taky postavili, \u010d\u00e1st byla trochu k\u0159iv\u011b, ale nevad\u00ed.<\/p>\n\n\n\n<p>Pak tedy vznikl onen \u0159et\u011bz. M\u00e1me toti\u017e dole v&nbsp;p\u0159\u00edzem\u00ed stodoly vyskl\u00e1d\u00e1no spousta bobrovek na st\u0159echu, n\u011bkter\u00e9 z&nbsp;nich jsme tam sund\u00e1vali u\u017e na podzim 2020. Stodola je odkryt\u00e1 u\u017e t\u0159et\u00ed rok\u2026 u\u017e jde do tuh\u00e9ho. Bylo n\u00e1s celkem asi 8 nebo kolik. P\u0159i\u0161li studenti, kte\u0159\u00ed m\u011bli o pr\u00e1ci z\u00e1jem. M\u011bli to toti\u017e dnes dost nat\u011bsno, mo\u017en\u00e1 m\u011bli je\u0161t\u011b v\u00fduku, pak ukl\u00edzeli, a byli p\u0159ed ob\u011bdem. Kolem druh\u00e9 hodiny pot\u0159ebovali odej\u00edt do P\u011b\u010d\u00edna na vlak. Op\u011bt p\u011b\u0161ky, stejn\u011b jako p\u0159i\u0161li, David jim jen odv\u00e1\u017e\u00ed batohy.<\/p>\n\n\n\n<p>David je dole se studenty, ti tvo\u0159\u00ed \u0159et\u011bz od uskladn\u011bn\u00fdch bobrovek, na doln\u00ed \u010d\u00e1sti le\u0161en\u00ed stoj\u00ed jedna studentka, pod\u00e1v\u00e1 ta\u0161ky mn\u011b, j\u00e1 je rozd\u011bluju a p\u0159ed\u00e1v\u00e1m na dv\u011b strany, na jedn\u00e9 jsou dva studenti (Cyril, to jm\u00e9no si pamatuju), na druh\u00e9 stran\u011b Zbyn\u011bk a dal\u0161\u00ed studentka. \u0158et\u011bz dole hraje slovn\u00ed fotbal, my si naho\u0159e ob\u010das pov\u00edd\u00e1me. Jsou to t\u0159e\u0165\u00e1ci, pr\u00fd jezd\u00ed na v\u00edc r\u016fzn\u00fdch v\u00fdjezd\u016f. Zuzana, co va\u0159ila, se jde rozlou\u010dit, odj\u00ed\u017ed\u00ed autobusem. N\u00e1m to jde dob\u0159e a rychle, jen oni musej\u00ed k&nbsp;ob\u011bdu, tak jsme to cel\u00e9 nestihli, ale i tak dobr\u00fd. Zbyn\u011bk jede dom\u016f se kur\u00fdrovat. <\/p>\n\n\n\n<p>Oni jdou na ob\u011bd, zb\u00fdvalo jim j\u00eddlo, tak jsem se r\u00e1da vet\u0159ela do sednice a nabrala si taky, abych nemusela va\u0159it. Pak odch\u00e1zej\u00ed do P\u011b\u010d\u00edna. M\u00e1v\u00e1m jim s&nbsp;Frod\u00edkem (tomu dali taky ob\u011bd a r\u016fzn\u011b ho \u010dasto ob\u00edrali a chovali, je cel\u00fd omuchlovan\u00fd, ale on je velmi zvykl\u00fd na lidi a nep\u0159ijde mu to). David jim veze b\u00e1gly, pak tady je\u0161t\u011b ukl\u00edz\u00ed, oni taky u\u017e ukl\u00edzeli p\u0159edt\u00edm, a ob\u010das n\u011bco pov\u00edd\u00e1me. J\u00e1 si vyn\u00e1\u0161\u00edm v\u011bci z&nbsp;vejminky, abych se nast\u011bhovala zp\u00e1tky do sednice. Nechali mi tady n\u011bjak\u00e9 j\u00eddlo. Z&nbsp;ohn\u011b \u010dad\u00ed nedoho\u0159el\u00fd \u0161palek. David odj\u00ed\u017ed\u00ed a dv\u016fr se zase no\u0159\u00ed do podzimn\u00edho slune\u010dn\u00e9ho ticha, ale atmosf\u00e9ra statku si to v\u0161echno jako v\u017edy n\u011bkam ukl\u00e1d\u00e1 do tajemn\u00e9 pam\u011bti sv\u00fdch zd\u00ed. <\/p>\n\n\n\n<hr class=\"wp-block-separator has-alpha-channel-opacity\"\/>\n\n\n\n<p>Nu, p\u011bkn\u00e9 to bylo, byla bych r\u00e1da, aby p\u0159\u00ed\u0161t\u00ed rok p\u0159ijeli zas, budou-li cht\u00edt. &#8212; Gymn\u00e1zium m\u00e1 tak\u00e9 p\u011bkn\u00fd web, maj\u00ed tam zaj\u00edmav\u011b vysv\u011btleno pojet\u00ed v\u00fduky a dal\u0161\u00ed. Koukn\u011bte zde: <a rel=\"noreferrer noopener\" href=\"https:\/\/gymnazium.pametnaroda.cz\/\" data-type=\"link\" data-id=\"https:\/\/gymnazium.pametnaroda.cz\/\" target=\"_blank\">Gymn\u00e1zium Pam\u011bti n\u00e1roda<\/a>.<\/p>\n\n\n<style>.kb-row-layout-id2806_34ac08-71 > .kt-row-column-wrap{align-content:start;}:where(.kb-row-layout-id2806_34ac08-71 > .kt-row-column-wrap) > .wp-block-kadence-column{justify-content:start;}.kb-row-layout-id2806_34ac08-71 > .kt-row-column-wrap{column-gap:var(--global-kb-gap-md, 2rem);row-gap:var(--global-kb-gap-md, 2rem);padding-top:var(--global-kb-spacing-sm, 1.5rem);padding-bottom:var(--global-kb-spacing-sm, 1.5rem);grid-template-columns:repeat(2, minmax(0, 1fr));}.kb-row-layout-id2806_34ac08-71 > .kt-row-layout-overlay{opacity:0.30;}@media all and (max-width: 1024px){.kb-row-layout-id2806_34ac08-71 > .kt-row-column-wrap{grid-template-columns:repeat(2, minmax(0, 1fr));}}@media all and (max-width: 767px){.kb-row-layout-id2806_34ac08-71 > .kt-row-column-wrap{grid-template-columns:minmax(0, 1fr);}}<\/style><div class=\"kb-row-layout-wrap kb-row-layout-id2806_34ac08-71 alignnone wp-block-kadence-rowlayout\"><div class=\"kt-row-column-wrap kt-has-2-columns kt-row-layout-equal kt-tab-layout-inherit kt-mobile-layout-row kt-row-valign-top\">\n<style>.kadence-column2806_ab955a-1e > .kt-inside-inner-col,.kadence-column2806_ab955a-1e > .kt-inside-inner-col:before{border-top-left-radius:0px;border-top-right-radius:0px;border-bottom-right-radius:0px;border-bottom-left-radius:0px;}.kadence-column2806_ab955a-1e > .kt-inside-inner-col{column-gap:var(--global-kb-gap-sm, 1rem);}.kadence-column2806_ab955a-1e > .kt-inside-inner-col{flex-direction:column;}.kadence-column2806_ab955a-1e > .kt-inside-inner-col > .aligncenter{width:100%;}.kadence-column2806_ab955a-1e > .kt-inside-inner-col:before{opacity:0.3;}.kadence-column2806_ab955a-1e{position:relative;}@media all and (max-width: 1024px){.kadence-column2806_ab955a-1e > .kt-inside-inner-col{flex-direction:column;justify-content:center;}}@media all and (max-width: 767px){.kadence-column2806_ab955a-1e > .kt-inside-inner-col{flex-direction:column;justify-content:center;}}<\/style>\n<div class=\"wp-block-kadence-column kadence-column2806_ab955a-1e\"><div class=\"kt-inside-inner-col\">\n<figure class=\"wp-block-image size-full\"><img loading=\"lazy\" decoding=\"async\" width=\"1137\" height=\"857\" src=\"https:\/\/www.statek-uprostred.cz\/wp-content\/uploads\/2023\/10\/IMG_20231006_120651.jpg\" alt=\"\" class=\"wp-image-2816\" srcset=\"https:\/\/www.statek-uprostred.cz\/wp-content\/uploads\/2023\/10\/IMG_20231006_120651.jpg 1137w, https:\/\/www.statek-uprostred.cz\/wp-content\/uploads\/2023\/10\/IMG_20231006_120651-400x301.jpg 400w, https:\/\/www.statek-uprostred.cz\/wp-content\/uploads\/2023\/10\/IMG_20231006_120651-768x579.jpg 768w\" sizes=\"auto, (max-width: 1137px) 100vw, 1137px\" \/><figcaption class=\"wp-element-caption\">Skl\u00e1d\u00e1n\u00ed bobrovek. Zbyn\u011bk a studentka ??<\/figcaption><\/figure>\n<\/div><\/div>\n\n\n<style>.kadence-column2806_0d5e7a-45 > .kt-inside-inner-col,.kadence-column2806_0d5e7a-45 > .kt-inside-inner-col:before{border-top-left-radius:0px;border-top-right-radius:0px;border-bottom-right-radius:0px;border-bottom-left-radius:0px;}.kadence-column2806_0d5e7a-45 > .kt-inside-inner-col{column-gap:var(--global-kb-gap-sm, 1rem);}.kadence-column2806_0d5e7a-45 > .kt-inside-inner-col{flex-direction:column;}.kadence-column2806_0d5e7a-45 > .kt-inside-inner-col > .aligncenter{width:100%;}.kadence-column2806_0d5e7a-45 > .kt-inside-inner-col:before{opacity:0.3;}.kadence-column2806_0d5e7a-45{position:relative;}@media all and (max-width: 1024px){.kadence-column2806_0d5e7a-45 > .kt-inside-inner-col{flex-direction:column;justify-content:center;}}@media all and (max-width: 767px){.kadence-column2806_0d5e7a-45 > .kt-inside-inner-col{flex-direction:column;justify-content:center;}}<\/style>\n<div class=\"wp-block-kadence-column kadence-column2806_0d5e7a-45\"><div class=\"kt-inside-inner-col\">\n<figure class=\"wp-block-image size-full\"><img loading=\"lazy\" decoding=\"async\" width=\"1137\" height=\"857\" src=\"https:\/\/www.statek-uprostred.cz\/wp-content\/uploads\/2023\/10\/IMG_20231006_120721.jpg\" alt=\"\" class=\"wp-image-2814\" srcset=\"https:\/\/www.statek-uprostred.cz\/wp-content\/uploads\/2023\/10\/IMG_20231006_120721.jpg 1137w, https:\/\/www.statek-uprostred.cz\/wp-content\/uploads\/2023\/10\/IMG_20231006_120721-400x301.jpg 400w, https:\/\/www.statek-uprostred.cz\/wp-content\/uploads\/2023\/10\/IMG_20231006_120721-768x579.jpg 768w\" sizes=\"auto, (max-width: 1137px) 100vw, 1137px\" \/><figcaption class=\"wp-element-caption\">Cyril a ??<\/figcaption><\/figure>\n<\/div><\/div>\n\n<\/div><\/div>","protected":false},"excerpt":{"rendered":"<p>Studenti z pra\u017esk\u00e9ho Gymn\u00e1zia Pam\u011bti n\u00e1roda pob\u00fdvali t\u00fdden na statku b\u011bhem religionistick\u00e9ho v\u00fdjezdu Prameny \u017eivota (2.\u20136. \u0159\u00edjna). Celkem asi 50 student\u016f se vyst\u0159\u00eddalo ve dvou skupink\u00e1ch, v\u00fduka pod veden\u00edm Davida Barton\u011b prob\u00edhala v sednici a na z\u00e1pra\u017e\u00ed, spali na p\u016fd\u011b a vy\u0161lo jim n\u00e1dhern\u00e9 podzimn\u00ed po\u010das\u00ed. <\/p>\n","protected":false},"author":2,"featured_media":2807,"comment_status":"open","ping_status":"open","sticky":false,"template":"","format":"standard","meta":{"_kad_post_transparent":"","_kad_post_title":"","_kad_post_layout":"","_kad_post_sidebar_id":"","_kad_post_content_style":"","_kad_post_vertical_padding":"","_kad_post_feature":"","_kad_post_feature_position":"","_kad_post_header":false,"_kad_post_footer":false,"_kad_post_classname":"","footnotes":""},"categories":[23],"tags":[],"class_list":["post-2806","post","type-post","status-publish","format-standard","has-post-thumbnail","hentry","category-akce"],"_links":{"self":[{"href":"https:\/\/www.statek-uprostred.cz\/index.php\/wp-json\/wp\/v2\/posts\/2806","targetHints":{"allow":["GET"]}}],"collection":[{"href":"https:\/\/www.statek-uprostred.cz\/index.php\/wp-json\/wp\/v2\/posts"}],"about":[{"href":"https:\/\/www.statek-uprostred.cz\/index.php\/wp-json\/wp\/v2\/types\/post"}],"author":[{"embeddable":true,"href":"https:\/\/www.statek-uprostred.cz\/index.php\/wp-json\/wp\/v2\/users\/2"}],"replies":[{"embeddable":true,"href":"https:\/\/www.statek-uprostred.cz\/index.php\/wp-json\/wp\/v2\/comments?post=2806"}],"version-history":[{"count":11,"href":"https:\/\/www.statek-uprostred.cz\/index.php\/wp-json\/wp\/v2\/posts\/2806\/revisions"}],"predecessor-version":[{"id":2989,"href":"https:\/\/www.statek-uprostred.cz\/index.php\/wp-json\/wp\/v2\/posts\/2806\/revisions\/2989"}],"wp:featuredmedia":[{"embeddable":true,"href":"https:\/\/www.statek-uprostred.cz\/index.php\/wp-json\/wp\/v2\/media\/2807"}],"wp:attachment":[{"href":"https:\/\/www.statek-uprostred.cz\/index.php\/wp-json\/wp\/v2\/media?parent=2806"}],"wp:term":[{"taxonomy":"category","embeddable":true,"href":"https:\/\/www.statek-uprostred.cz\/index.php\/wp-json\/wp\/v2\/categories?post=2806"},{"taxonomy":"post_tag","embeddable":true,"href":"https:\/\/www.statek-uprostred.cz\/index.php\/wp-json\/wp\/v2\/tags?post=2806"}],"curies":[{"name":"wp","href":"https:\/\/api.w.org\/{rel}","templated":true}]}}