{"id":2735,"date":"2023-10-08T21:40:24","date_gmt":"2023-10-08T19:40:24","guid":{"rendered":"https:\/\/www.statek-uprostred.cz\/?p=2735"},"modified":"2024-07-26T12:56:08","modified_gmt":"2024-07-26T10:56:08","slug":"olomoucka-parta-na-brigade-a-koleso-dejin-zari-2023","status":"publish","type":"post","link":"https:\/\/www.statek-uprostred.cz\/index.php\/olomoucka-parta-na-brigade-a-koleso-dejin-zari-2023\/2735\/","title":{"rendered":"Olomouck\u00e1 parta na brig\u00e1d\u011b a &#8222;koleso d\u011bjin&#8220;. Z\u00e1\u0159\u00ed 2023"},"content":{"rendered":"\n<pre class=\"wp-block-verse\">Na podzimn\u00ed brig\u00e1du 28. z\u00e1\u0159\u00ed a\u017e 1. \u0159\u00edjna p\u0159ijela star\u00e1 dobr\u00e1 olomouck\u00e1 parta, Darja, Ond\u0159ej a Al\u017eb\u011bta a dva nov\u00ed lid\u00e9, Jirka a Kl\u00e1ra. Ota s&nbsp;Luci\u00ed pob\u00fdvali na statku u\u017e od ned\u011ble.  A byli s n\u00e1mi taky Zbyn\u011bk s Honzou, kte\u0159\u00ed od\u0159\u00edzli ze stodoly 89 let star\u00fd tr\u00e1m. Za\u010dali jsem tak\u00e9 se stavbou op\u011brn\u00e9ho pil\u00ed\u0159e u zdi a sb\u00edrali jabka. Bylo to dobr\u00e9 a intenzivn\u00ed. Po\u010das\u00ed bylo kr\u00e1sn\u00e9, ale podivn\u00e9, st\u00e1le sv\u00edt\u00ed slunce jako v l\u00e9t\u011b. (D\u0159\u00edv jsem ps\u00e1vala, \u017ee je to parta lid\u00ed kolem LF\u0160, ale D\u00e9mon u\u017e nejezd\u00ed a z LF\u0160 je to jen Ota, tak budu ps\u00e1t prost\u011b olomouck\u00e1 parta.)<\/pre>\n\n\n<style>.kb-row-layout-id2735_870195-74 > .kt-row-column-wrap{align-content:start;}:where(.kb-row-layout-id2735_870195-74 > .kt-row-column-wrap) > .wp-block-kadence-column{justify-content:start;}.kb-row-layout-id2735_870195-74 > .kt-row-column-wrap{column-gap:var(--global-kb-gap-md, 2rem);row-gap:var(--global-kb-gap-md, 2rem);padding-top:var(--global-kb-spacing-sm, 1.5rem);padding-bottom:var(--global-kb-spacing-sm, 1.5rem);grid-template-columns:repeat(2, minmax(0, 1fr));}.kb-row-layout-id2735_870195-74 > .kt-row-layout-overlay{opacity:0.30;}@media all and (max-width: 1024px){.kb-row-layout-id2735_870195-74 > .kt-row-column-wrap{grid-template-columns:repeat(2, minmax(0, 1fr));}}@media all and (max-width: 767px){.kb-row-layout-id2735_870195-74 > .kt-row-column-wrap{grid-template-columns:minmax(0, 1fr);}}<\/style><div class=\"kb-row-layout-wrap kb-row-layout-id2735_870195-74 alignnone wp-block-kadence-rowlayout\"><div class=\"kt-row-column-wrap kt-has-2-columns kt-row-layout-equal kt-tab-layout-inherit kt-mobile-layout-row kt-row-valign-top\">\n<style>.kadence-column2735_f396b4-fc > .kt-inside-inner-col,.kadence-column2735_f396b4-fc > .kt-inside-inner-col:before{border-top-left-radius:0px;border-top-right-radius:0px;border-bottom-right-radius:0px;border-bottom-left-radius:0px;}.kadence-column2735_f396b4-fc > .kt-inside-inner-col{column-gap:var(--global-kb-gap-sm, 1rem);}.kadence-column2735_f396b4-fc > .kt-inside-inner-col{flex-direction:column;}.kadence-column2735_f396b4-fc > .kt-inside-inner-col > .aligncenter{width:100%;}.kadence-column2735_f396b4-fc > .kt-inside-inner-col:before{opacity:0.3;}.kadence-column2735_f396b4-fc{position:relative;}@media all and (max-width: 1024px){.kadence-column2735_f396b4-fc > .kt-inside-inner-col{flex-direction:column;justify-content:center;}}@media all and (max-width: 767px){.kadence-column2735_f396b4-fc > .kt-inside-inner-col{flex-direction:column;justify-content:center;}}<\/style>\n<div class=\"wp-block-kadence-column kadence-column2735_f396b4-fc\"><div class=\"kt-inside-inner-col\">\n<figure class=\"wp-block-image size-full\"><img loading=\"lazy\" decoding=\"async\" width=\"1434\" height=\"1080\" src=\"https:\/\/www.statek-uprostred.cz\/wp-content\/uploads\/2023\/10\/IMG_20230929_180602.jpg\" alt=\"\" class=\"wp-image-2737\" srcset=\"https:\/\/www.statek-uprostred.cz\/wp-content\/uploads\/2023\/10\/IMG_20230929_180602.jpg 1434w, https:\/\/www.statek-uprostred.cz\/wp-content\/uploads\/2023\/10\/IMG_20230929_180602-1200x904.jpg 1200w, https:\/\/www.statek-uprostred.cz\/wp-content\/uploads\/2023\/10\/IMG_20230929_180602-400x301.jpg 400w, https:\/\/www.statek-uprostred.cz\/wp-content\/uploads\/2023\/10\/IMG_20230929_180602-768x578.jpg 768w\" sizes=\"auto, (max-width: 1434px) 100vw, 1434px\" \/><figcaption class=\"wp-element-caption\">V\u00fdlet do Da\u010dic ke kostce cukru, zleva Lucie s Andym, Jirka, Ota a Kl\u00e1ra<\/figcaption><\/figure>\n<\/div><\/div>\n\n\n<style>.kadence-column2735_bc0651-f6 > .kt-inside-inner-col,.kadence-column2735_bc0651-f6 > .kt-inside-inner-col:before{border-top-left-radius:0px;border-top-right-radius:0px;border-bottom-right-radius:0px;border-bottom-left-radius:0px;}.kadence-column2735_bc0651-f6 > .kt-inside-inner-col{column-gap:var(--global-kb-gap-sm, 1rem);}.kadence-column2735_bc0651-f6 > .kt-inside-inner-col{flex-direction:column;}.kadence-column2735_bc0651-f6 > .kt-inside-inner-col > .aligncenter{width:100%;}.kadence-column2735_bc0651-f6 > .kt-inside-inner-col:before{opacity:0.3;}.kadence-column2735_bc0651-f6{position:relative;}@media all and (max-width: 1024px){.kadence-column2735_bc0651-f6 > .kt-inside-inner-col{flex-direction:column;justify-content:center;}}@media all and (max-width: 767px){.kadence-column2735_bc0651-f6 > .kt-inside-inner-col{flex-direction:column;justify-content:center;}}<\/style>\n<div class=\"wp-block-kadence-column kadence-column2735_bc0651-f6\"><div class=\"kt-inside-inner-col\">\n<figure class=\"wp-block-image size-full\"><img loading=\"lazy\" decoding=\"async\" width=\"1434\" height=\"1080\" src=\"https:\/\/www.statek-uprostred.cz\/wp-content\/uploads\/2023\/10\/IMG_20230929_134421.jpg\" alt=\"\" class=\"wp-image-2738\" srcset=\"https:\/\/www.statek-uprostred.cz\/wp-content\/uploads\/2023\/10\/IMG_20230929_134421.jpg 1434w, https:\/\/www.statek-uprostred.cz\/wp-content\/uploads\/2023\/10\/IMG_20230929_134421-1200x904.jpg 1200w, https:\/\/www.statek-uprostred.cz\/wp-content\/uploads\/2023\/10\/IMG_20230929_134421-400x301.jpg 400w, https:\/\/www.statek-uprostred.cz\/wp-content\/uploads\/2023\/10\/IMG_20230929_134421-768x578.jpg 768w\" sizes=\"auto, (max-width: 1434px) 100vw, 1434px\" \/><figcaption class=\"wp-element-caption\">Zbyn\u011bk vykop\u00e1v\u00e1 ve stodole slovutn\u00e9 koleso d\u011bjin (neboli \u017eentour)<\/figcaption><\/figure>\n<\/div><\/div>\n\n<\/div><\/div>\n\n\n<h2 class=\"wp-block-heading\">\u010ctvrtek 28. z\u00e1\u0159\u00ed<\/h2>\n\n\n\n<p>Po\u0159\u00e1d trv\u00e1 jak\u00e9si \u201ev\u011b\u010dn\u00e9 l\u00e9to\u201c, u\u017e tomu tak \u0159\u00edk\u00e1m, neza\u017eila jsem za sv\u016fj \u017eivot l\u00e9to, kter\u00e9 by trvalo p\u0159es cel\u00e9 z\u00e1\u0159\u00ed. Slunce je sice u\u017e podzimn\u011b b\u00edl\u00e9, ale v\u0161echno je zalit\u00e9 jeho svitem, a po\u0159\u00e1d h\u0159eje, p\u0159i pr\u00e1ci a\u017e p\u00e1l\u00ed, obloha je jasn\u00e1. Jablon\u011b jsou obsypan\u00e9 jabky. Na javoru \u017eloutnou prvn\u00ed listy.<\/p>\n\n\n\n<p>Ota s Luci\u00ed jsou tu tedy u\u017e od ned\u011ble, z\u00e1pis o tom je v p\u0159ehledu n\u00e1v\u0161t\u011bv za rok 2023 (<a href=\"https:\/\/www.statek-uprostred.cz\/index.php\/kronika-2023-pobyty-navstevy-prace-a-akce-na-statku\/2422\/\" data-type=\"link\" data-id=\"https:\/\/www.statek-uprostred.cz\/index.php\/kronika-2023-pobyty-navstevy-prace-a-akce-na-statku\/2422\/\">Kronika 2023<\/a>, 24. z\u00e1\u0159\u00ed). Dnes se cel\u00fd den n\u011bco pracovalo. Odpoledne maj\u00ed p\u0159ijet brig\u00e1dn\u00edci a do vejminky v&nbsp;11 komer\u010dn\u00edci, tak tam jdeme nejd\u0159\u00edv ukl\u00edzet s&nbsp;Luci\u00ed ty \u0161pendl\u00edky spadan\u00e9 ze stromu, je jimi zase zasypan\u00e1 zem. P\u0159ijel taky u\u017e Honza Krompholz z&nbsp;Tel\u010de, chce s&nbsp;n\u00e1mi dnes pracovat. Jde se s&nbsp;n\u00e1ma pod\u00edvat na ten kvas v sudech. J\u00e1 jsem se ob\u00e1vala, \u017ee to je zka\u017een\u00fd, jak jsme tam s&nbsp;Janou d\u00e1valy i n\u011bjak\u00fd ty z\u010d\u00e1sti nahnil\u00fd \u0161pendl\u00edky. Ale Honza a pak i Zbyn\u011bk, a\u017e p\u0159ijel, \u0159\u00edkali, \u017ee je to v&nbsp;po\u0159\u00e1dku. Tak jsem r\u00e1da, to by m\u011b mrzelo. Lucie jde u\u017e n\u011bco d\u011blat, j\u00e1 sb\u00edr\u00e1m a shrabuju \u0161pendl\u00edky, Honza rukou rozdrtil ten kvas, aby to l\u00e9pe pracovalo. Vyvezl cel\u00e9 kole\u010dko na kompost. &#8212;Pak se rozd\u011blily \u00fakoly, ka\u017ed\u00fd dle sv\u00e9ho pot\u011b\u0161en\u00ed si vybral. Lucie s&nbsp;Otou se pustili do va\u0159en\u00ed a pe\u010den\u00ed. Darja, kter\u00e1 p\u0159ijede ve\u010der, m\u011bla toti\u017e te\u010f n\u011bkdy narozeniny, tak Jirka a spol. vymysleli, \u017ee j\u00ed tady uspo\u0159\u00e1daj\u00ed malou oslavu. Ota va\u0159il ob\u011bd pro v\u0161echny, Lucie pekla \u0161tr\u016fdl a taky d\u011blali dort v&nbsp;remosce. <\/p>\n\n\n\n<h3 class=\"wp-block-heading\">Rozb\u00edjen\u00ed ml\u00e1ti\u010dky a pr\u00e1ce na stodole<\/h3>\n\n\n\n<p>Honza se Zby\u0148kem \u0161li na stodolu. J\u00e1 jsem je\u0161t\u011b n\u011bco poch\u016fzkovala, umyla z\u00e1chody nap\u0159\u00edklad, pak jsem \u0161la za Zby\u0148kem, a\u0165 mi p\u0159id\u011bl\u00ed n\u011bjakou n\u00e1denickou pr\u00e1ci. Kluci mezit\u00edm rozt\u0159\u00edsk\u00e1vali tu starou ml\u00e1ti\u010dku, kter\u00e1 vzadu vlevo ve stodole st\u00e1la cel\u00e1 desetilet\u00ed. Jen\u017ee tam p\u0159ek\u00e1\u017e\u00ed k&nbsp;d\u016fle\u017eit\u00e9 pr\u00e1ci, tak holt musela j\u00edt. Koupit to samoz\u0159ejm\u011b nikdo nechce. S&nbsp;vervou se do toho pustili, ml\u00e1tili hlava nehlava. J\u00e1 jsem to pak za\u010dala odn\u00e1\u0161et a odv\u00e1\u017eet na kole\u010dku. &#8212; Pak se Zbyn\u011bk a Honza pustili do stodoly. Oni jsou velmi sehran\u00e1 dvojka, nechala jsem je r\u00e1da, a\u0165 pracuj\u00ed spolu, bylo vid\u011bt, jak jsou na sebe zvykl\u00ed a \u010dastovali se r\u016fzn\u00fdmi vt\u00edpky a prov\u00e1d\u011bli legrace. B\u011bhem dne tam p\u0159ivrtali tu povzdu\u0161nici (tak \u0159\u00edk\u00e1me nov\u00e9 pozednici, kter\u00e1 je z v\u011bt\u0161\u00ed \u010d\u00e1sti ve vzduchu) i jej\u00ed postrann\u00ed \u010d\u00e1sti. A je\u0161t\u011b tu kle\u0161tinu tlustou, co jsme tam se Zby\u0148kem umis\u0165ovali minule, p\u0159id\u011blali pevn\u011bji a za\u010dali pracovat na dal\u0161\u00ed. J\u00e1 jsem vozila ty \u010d\u00e1sti ml\u00e1ti\u010dky, n\u011bkter\u00fd dost t\u011b\u017ek\u00fd. Kus mi spadl na nohu, na\u0161t\u011bst\u00ed nijak \u0161patn\u011b.<\/p>\n\n\n\n<p>N\u011bjak po druh\u00e9 hodin\u011b jsme se \u0161li naj\u00edst pod o\u0159ech. Lucie z\u016fstala v&nbsp;sednici, Ota tam jde za n\u00e1mi. Honza za\u010dal rozpravu o n\u011bjak\u00e9 trans\u017een\u011b, tak jsem k&nbsp;tomu p\u0159i\u010dinila p\u00e1r pozn\u00e1mek, jak je ten proces prom\u011bny nesm\u00edrn\u011b n\u00e1ro\u010dnej, \u017ee by si to nikdo nevybral jen tak z m\u00f3dy. Pak je\u0161t\u011b na\u010dal mysl\u00edm man\u017eelstv\u00ed pro v\u0161echny, ale j\u00e1 jsem nereagovala, p\u00e1\u010d jsem to necht\u011bla otev\u00edrat, kdo v\u00ed, co si o tom Zbyn\u011bk mysl\u00ed, necht\u011blo se mi do toho v&nbsp;tom p\u011bkn\u00e9m pracovn\u00edm rozpolo\u017een\u00ed. Ale Honza je v&nbsp;tomhle velmi p\u0159\u00edjemn\u011b tolerantn\u00ed, v\u00e1\u017e\u00edm si ho za to velice. Kluci to jdou je\u0161t\u011b dokon\u010dit. J\u00e1 taky. &#8212; Pak se pou\u0161t\u00edm do rozeb\u00edr\u00e1n\u00ed a vyv\u00e1\u017een\u00ed hromady suti v&nbsp;rohu stodoly. Je pot\u0159eba to odv\u00e9zt za stodolu, kameny a cihly vybrat. Ale stihla jsem vyv\u00e9zt jen jedno kole\u010dko.<\/p>\n\n\n\n<h3 class=\"wp-block-heading\">P\u0159\u00edjezd zbytku party a oslava Darjin\u00fdch narozenin<\/h3>\n\n\n\n<p>Osazenstvo brig\u00e1dy z&nbsp;Olomouce jede a p\u0159ed \u010dtvrtou hodinou byli v&nbsp;P\u011b\u010d\u00edn\u011b. Jedu tam pro n\u011b. Sed\u00ed pod stromem u kolej\u00ed. Seznamuju se s&nbsp;Kl\u00e1rou Strakovou a Jirkou Rame\u0161em, ostatn\u00ed zn\u00e1m. P\u0159ijeli tedy Darja, jej\u00ed partner Ji\u0159\u00ed, Al\u017eb\u011bta a Ondra. Svezla se jen Al\u017eb\u011bta, ostatn\u00ed cht\u011bj\u00ed j\u00edt p\u011b\u0161ky, aby se pro\u0161li po cest\u011b. Pov\u00edd\u00e1me s&nbsp;Al\u017eb\u011btou, co je nov\u00e9ho. Ondra p\u0159ijel v&nbsp;takov\u00e9 \u010dern\u00e9 sukni, slu\u0161\u00ed mu to, l\u00edb\u00ed se mi, kdy\u017e mu\u017ei nos\u00ed sukn\u011b. \u017deny m\u016f\u017eou chodit, v&nbsp;\u010dem se jim zachce, a u mu\u017e\u016f se to po\u0159\u00e1d je\u0161t\u011b \u0159e\u0161\u00ed, kdy\u017e si vezmou n\u011bco \u017eensk\u00e9ho, je to nesmysl. Ukazuju Al\u017eb\u011bt\u011b mo\u017enosti span\u00ed, na p\u016fd\u011b, v&nbsp;sednici, kde to bude pro lidi, kte\u0159\u00ed cht\u011bj\u00ed j\u00edt d\u0159\u00edv sp\u00e1t. Vybrala si sednici. V\u0161ichni pak jdou naproti t\u011bm, co \u0161li p\u011b\u0161ky. J\u00e1 si jdu zacvi\u010dit. &#8212; Oni se pak vracej\u00ed. Ukazuju jim, kde co je v&nbsp;dom\u011b, aby si rozmysleli, kde budou sp\u00e1t. Spali v\u0161ichni na p\u016fd\u011b, v hosti\u0148\u00e1ku je Lucie s Andym, na vejmince jsou komer\u010dn\u00edci. <\/p>\n\n\n\n<p>S&nbsp;Al\u017eb\u011btou se n\u00e1m je\u0161t\u011b cht\u011blo j\u00edt pracovat. Jdeme si vyvozit p\u00e1r kole\u010dek suti, tedy p\u0159esn\u011b \u010dty\u0159i. Al\u017eb\u011bta \u0159\u00edkala, \u017ee te\u010f pracovala na n\u011bjak\u00e9 vinici, l\u00edbilo se j\u00ed to a bylo to dost fyzicky n\u00e1ro\u010dn\u00e9. Rozeb\u00edr\u00e1me ty stavy p\u0159i pr\u00e1ci, kdy \u010dlov\u011bk dojde na hranici sil a pracuje d\u00e1l . Al\u017eb\u011bta bude taky d\u011blat do \u0161koly n\u011bco o Jungovi, tak pr\u00fd jestli k&nbsp;tomu n\u011bco nem\u00e1m. Nu nem\u00e1m nic, Jung je m\u016fj dlouholet\u00fd dluh. Nalo\u017eily jsme \u010dty\u0159i kole\u010dka a ka\u017ed\u00e1 si dv\u011b vyvezla za stodolu. Al\u017eb\u011bta m\u00e1 dost velkou s\u00edlu, a\u010dkoli je podobn\u00e9 t\u011blesn\u00e9 konstituce jako j\u00e1; kole\u010dko vezla velmi zdatn\u011b.<\/p>\n\n\n\n<p>Cht\u011bli pro Darju uspo\u0159\u00e1dat oslavu s&nbsp;p\u0159ekvapen\u00edm. N\u011bjak ji vyl\u00e1kali ven na pingpong, hr\u00e1la ho tam s&nbsp;Al\u017eb\u011btou, a my jsme mezit\u00edm nachystali st\u016fl pod o\u0159echem. Nanosili tam ty pokrmy, Ond\u0159ej taky p\u0159ivezl dort. A sv\u00ed\u010dky dokonce a \u010d\u00edsla do dortu. Nat\u00e1hli tam jeden ten ozdobn\u00fd \u0159et\u011bz. J\u00e1 jsem p\u0159inesla ten velkej sv\u00edcen ze sednice. &#8212; Jdeme v\u0161ichni na n\u00e1ves, zrovna vych\u00e1z\u00ed m\u011bs\u00edc, je obrovskej, oran\u017eovej. A pak se za\u010dal schov\u00e1vat za skoro neviditeln\u00fd mrak, jako by se no\u0159il do n\u011bjak\u00e9ho obr\u00e1cen\u00e9ho oce\u00e1nu na obloze a ten ho polykal. Jdeme tedy v\u0161ichni dovnit\u0159. Zap\u00e1lili tam i n\u011bjakou prskavku. Darja byla asi p\u0159ekvapen\u00e1 a pot\u011b\u0161en\u00e1, jen \u0159\u00edkala, \u017ee nem\u00e1 \u00fapln\u011b r\u00e1da tu koncentrovanou pozornost. To dob\u0159e pojmenovala. Ale bylo to p\u011bkn\u00fd, takhle na dvo\u0159e. Posed\u011bli jsme u dortu a p\u0159ipili si. Pak jsme taky dali Darji knihy jako d\u00e1rek. Al\u017eb\u011bta j\u00ed dala knihu o feminismu, Ond\u0159ej knihu <em>T\u011bla<\/em> a j\u00e1 jsem j\u00ed v\u011bnovala ten sborn\u00edk <em>30 let gender studies<\/em>, <em>Hn\u00edzdo feminismu<\/em>, co sem p\u0159ivezla K\u0159i\u0161\u0165anka, aby to m\u011bl n\u011bkdo, kdo to u\u017eije l\u00e9pe ne\u017e j\u00e1, a\u010dkoli je to zaj\u00edmav\u00e9. &#8212; \u0160la jsem si je\u0161t\u011b zahr\u00e1t na klav\u00edr, hraju ka\u017ed\u00fd ve\u010der kolem osm\u00e9. Al\u017eb\u011bta rozd\u011blala ohe\u0148.<\/p>\n\n\n\n<h3 class=\"wp-block-heading\">Hovory u ohn\u011b a zamy\u0161len\u00ed o aktivismu<\/h3>\n\n\n\n<p>Ohe\u0148 ho\u0159\u00ed. P\u00ed\u0161u den\u00edk u stolu. Stanovila jsem si tentokr\u00e1t, \u017ee budu ps\u00e1t z\u00e1pisy v\u017edy tent\u00fd\u017e den ve\u010der. Darja sed\u00ed u stolu s&nbsp;Al\u017eb\u011btou a n\u011bco tam rozpr\u00e1v\u011bj\u00ed. Jirka s&nbsp;Kl\u00e1rou hovo\u0159\u00ed u ohn\u011b o spole\u010densk\u00fdch t\u00e9matech, segregaci a podobn\u011b, j\u00e1 k&nbsp;v\u011bt\u0161in\u011b hovor\u016f bohu\u017eel tentokr\u00e1t nemohu nic rozumn\u00e9ho konstatovat, p\u00e1\u010d jsem je nest\u00edhala sledovat. Jirka d\u011bl\u00e1 v olomouck\u00e9m P-centru, prevence a l\u00e9\u010dba z\u00e1vislost\u00ed a podpora pro rodiny. Kl\u00e1ra je studentka antropologie. Ondra v \u010dervenci napsal na Mu\u0161\u00edka takovou p\u011bknou recenzi do <strong><a rel=\"noreferrer noopener\" href=\"http:\/\/www.houpaciosel.cz\/2023\/07\/04\/kniha-ktera-se-nesklouzava-do-povrchnich-metafor-klan-musika-prekydu-lici-dospelost-do-velkych-detailu\/\" data-type=\"link\" data-id=\"http:\/\/www.houpaciosel.cz\/2023\/07\/04\/kniha-ktera-se-nesklouzava-do-povrchnich-metafor-klan-musika-prekydu-lici-dospelost-do-velkych-detailu\/\" target=\"_blank\">Houpac\u00edho osla<\/a><\/strong>, velmi m\u011b t\u00edm pot\u011b\u0161il, bude to asi recenze jedin\u00e1. A je\u0161t\u011b se na n\u011bco z&nbsp;Mu\u0161\u00edka po\u0159\u00e1d ptal, co\u017e m\u011b t\u011b\u0161ilo, v\u0161ak v\u00e1h\u00e1m s&nbsp;odpov\u011b\u010fmi, proto\u017ee nechci, aby to ostatn\u00ed obt\u011b\u017eovalo, jak o tom po\u0159\u00e1d meleme. Ondra taky pokra\u010duje ve sv\u00e9m rom\u00e1nu, u\u017e se pr\u00fd ch\u00fdl\u00ed k&nbsp;z\u00e1v\u011bru, ale ty posledn\u00ed kapitoly jsou nejt\u011b\u017e\u0161\u00ed napsat. Za\u010d\u00edn\u00e1m na to b\u00fdt celkem zv\u011bdav\u00e1.<\/p>\n\n\n\n<p>Hovory byly v\u0161elik\u00e9, v\u00e1\u017en\u00e9 i vtipn\u00e9, ale j\u00e1 jsem je nepost\u0159ehovala, tak holt zm\u00edn\u00edm jen to, \u010deho jsem se pak \u00fa\u010dastnila nebo poslouchala. Ota \u0159\u00edkal, \u017ee Darja a Ond\u0159ej byli na n\u011bjak\u00e9 feministick\u00e9 konferenci v&nbsp;Brn\u011b a doloval z&nbsp;nich konkr\u00e9tn\u00ed n\u00e1zory na to, co se tam \u0159\u00edkalo, co je to aktivismus, co by m\u011bli dne\u0161n\u00ed aktivist\u00e9 d\u011blat, v&nbsp;\u010dem je dne\u0161n\u00ed aktivismus jin\u00fd, \u010deho se lid\u00e9 boj\u00ed a tak. Zaj\u00edmav\u00e9 srovn\u00e1v\u00e1n\u00ed z&nbsp;toho bylo.<\/p>\n\n\n\n<p>J\u00e1 jsem si pov\u00eddala trochu v\u00edc s&nbsp;Al\u017eb\u011btou. Dostaly jsme se zase ke zdej\u0161\u00edmu evergreenu, konspira\u010dn\u00ed teorie, a jak je t\u011b\u017ek\u00e9 bavit se s&nbsp;\u010dlov\u011bkem, kter\u00fd tomu propadl, nadto, kdy\u017e se to stane t\u0159eba ve vlastn\u00ed rodin\u011b. Ob\u011b jsme se shodly, \u017ee ty n\u00e1zory jsou pros\u00e1kl\u00e9 tak v\u00fdraznou, podivnou nen\u00e1vist\u00ed k&nbsp;n\u011bjak\u00e9 \u010d\u00e1sti sv\u011bta, skupin\u011b lid\u00ed (LGBT, Rom\u016fm, Ukrajinc\u016fm apod.), kter\u00e1 asi pramen\u00ed z&nbsp;n\u011bjak\u00e9 hlubok\u00e9 frustrace, a tohle \u0161\u00ed\u0159en\u00ed zpr\u00e1v o zka\u017eenosti sv\u011bta, pros\u00e1kl\u00e9ho zlem a nep\u0159\u00e1teli, a \u010distot\u011b n\u011bjak\u00e9 vlastn\u00ed skupiny, mus\u00ed t\u011bm lidem n\u011bjak ulevovat. D\u011bsiv\u00e9 je to pak, kdy\u017e p\u0159\u00edsp\u011bvky, ze kter\u00fdch nen\u00e1vist p\u0159\u00edmo leje, \u0161\u00ed\u0159\u00ed r\u016fzn\u00ed ezo lid\u00e9, kte\u0159\u00ed maj\u00ed cel\u00fd profil zalit\u00fd srd\u00ed\u010dky a \u0159e\u010dmi o l\u00e1sce. Nebo k\u0159es\u0165an\u00e9, to je to sam\u00fd.<\/p>\n\n\n\n<p>J\u00e1 jsem si pak v&nbsp;noci uv\u011bdomila, \u017ee nap\u0159\u00edklad Ota, kter\u00fd je aktivista a siln\u011b na n\u011bho dol\u00e9h\u00e1 stav sv\u011bta, nikdy nepou\u017e\u00edv\u00e1 nen\u00e1vistn\u00fd slova, on taky trp\u00ed nespravedlnost\u00ed sv\u011bta, poukazuje na destruktivn\u00ed rysy syst\u00e9mu, ale je to zjevn\u011b vedeno tou jeho ideou o spole\u010dnosti vz\u00e1jemn\u00e9 pomoci a sd\u00edlen\u00ed, kterou mi tady kdysi vyl\u00ed\u010dil. Je to prost\u011b vedeno l\u00e1skou, mus\u00edm \u0159\u00edct. Darja je taky aktivistka, Lucie taky, ostatn\u00ed jist\u011b taky, jen je je\u0161t\u011b nezn\u00e1m tak moc, a u nikoho z&nbsp;nich nevid\u00edm ty v\u00fdchrsty k\u00fdblu jedovat\u00fdch fek\u00e1li\u00ed na n\u011bjakou skupinu, jak to vid\u00edm u konspiracionist\u016f, a d\u011bl\u00e1 se mi z&nbsp;toho do\u010dista \u0161oufl.<\/p>\n\n\n\n<p>Zm\u00ednila jsem taky propastn\u00fd rozd\u00edl mezi frekvenc\u00ed \u0161\u00ed\u0159en\u00ed t\u011bchhle zpr\u00e1v, ti lid\u00e9 pos\u00edlaj\u00ed t\u0159eba des\u00edtky p\u0159\u00edsp\u011bvk\u016f denn\u011b, a my, co se ob\u010das p\u0159inut\u00edme na to reagovat a vyvracet n\u011bjakou le\u017e nebo nen\u00e1vistnou kampa\u0148, d\u011bl\u00e1me to s&nbsp;naprosto nepom\u011brnou frekvenc\u00ed k \u201ep\u00edli\u201c konspir\u00e1tor\u016f. &#8212; Jdu sp\u00e1t o p\u016fl jedn\u00e9 n\u011bjak. Al\u017eb\u011bta za chv\u00edli jde taky. Ostatn\u00ed tam je\u0161t\u011b n\u011bjakou chvilku sed\u00ed.<\/p>\n\n\n\n<h2 class=\"wp-block-heading\">P\u00e1tek 29. z\u00e1\u0159\u00ed<\/h2>\n\n\n\n<p>Frodo r\u00e1no obch\u00e1z\u00ed sednic\u00ed a k\u0148our\u00e1, proto\u017ee se boj\u00ed s\u00e1m vyl\u00e9zt ven kv\u016fli Andymu. Tak mu jdu otev\u0159\u00edt a pod\u00edvat se tam s&nbsp;n\u00edm. Vst\u00e1v\u00e1m kolem dev\u00e1t\u00e9. Postupn\u011b se v\u0161ichni trous\u00ed z&nbsp;pelech\u016f. Na p\u016fd\u011b se pr\u00fd sp\u00ed dob\u0159e, \u0159\u00edkala to tedy aspo\u0148 Kl\u00e1ra. Zima j\u00ed nebyla. Sn\u00edd\u00e1me, co d\u016fm d\u00e1. Venku zase sv\u00edt\u00ed slunce, je to nekone\u010dn\u00e9 l\u00e9to. &#8212; P\u0159ij\u00ed\u017ed\u00ed Zbyn\u011bk, m\u00e1 n\u011bjakou rozvernou n\u00e1ladu dnes. Honza ale nep\u0159ijel. Za\u010d\u00edn\u00e1me t\u00edm, \u017ee Zbyn\u011bk p\u0159ivrtal v&nbsp;sednici doln\u00ed \u010d\u00e1st uchycen\u00ed t\u00e9 tabule na sloupky b\u00fdval\u00e9ho z\u00e1bradl\u00ed pro m\u00e1mu. J\u00e1 s&nbsp;Otou jsme p\u0159ivrtali tu horn\u00ed \u010d\u00e1st v&nbsp;t\u00fddnu, ale moje aku\u010dka je na to slab\u00e1. A t\u00edmto je tabule p\u0159ipravena k&nbsp;u\u017eit\u00ed pro vzd\u011bl\u00e1v\u00e1n\u00ed a je na m\u00edst\u011b, kde u\u017e z\u016fstane.<\/p>\n\n\n\n<p>Dal\u0161\u00ed \u00fakoly jsou jasn\u00e9, pokra\u010dovat ve stodole a kopat su\u0165. Pr\u00e1ci jsme si rozd\u011blili snadno, p\u00e1\u010d jsem cht\u011bla dop\u0159\u00e1t Zby\u0148kovi zdatn\u00e9ho pomocn\u00edka v&nbsp;podob\u011b Jirky. Mn\u011b a Al\u017eb\u011bt\u011b se cht\u011blo d\u011blat su\u0165. Pracovat chodili jen ti, co cht\u011bli. Kdo m\u011bl zrovna n\u011bjakou svoji pr\u00e1ci, d\u011blal si sv\u00e9. To j\u00e1 tak tady chci, aby ka\u017ed\u00fd d\u011blal, co pot\u0159ebuje, nejezd\u00ed se sem na galeje. Ota tedy ob\u010das redigoval texty pro <em>Den\u00edk Referendum<\/em>, pro kter\u00fd nejen d\u011bl\u00e1 editora, ale <a href=\"https:\/\/denikreferendum.cz\/author\/854\" data-type=\"link\" data-id=\"https:\/\/denikreferendum.cz\/author\/854\" target=\"_blank\" rel=\"noopener\"><strong>taky tam p\u00ed\u0161e<\/strong><\/a>, kdyby to n\u011bkoho zaj\u00edmalo. Ond\u0159ej pracoval na n\u011bjak\u00e9m textu do \u0161koly a Al\u017eb\u011bta se sna\u017eila p\u0159e\u010d\u00edst n\u011bco ze studijn\u00ed literatury, Darja mysl\u00edm taky. <\/p>\n\n\n\n<p>Nejd\u0159\u00edve bylo ov\u0161em zapot\u0159eb\u00ed nanosit hromadu prken na dokon\u010den\u00ed provizorn\u00ed podlahy v&nbsp;pat\u0159e stodoly. Jdeme na to Ota, Kl\u00e1ra, Darja, Al\u017eb\u011bta a j\u00e1. Dva jsou naho\u0159e, ostatn\u00ed nos\u00ed prkna. Nejt\u011b\u017e\u0161\u00ed je to zved\u00e1n\u00ed nahoru. Na\u0161t\u011bst\u00ed tam pak nahoru na patro \u0161el Ond\u0159ej a vytahoval to, tak se to zvedalo l\u00edp. &#8212; Zbyn\u011bk si d\u011bl\u00e1 na t\u011bch kle\u0161tin\u00e1ch, nejsp\u00ed\u0161 s&nbsp;asistenc\u00ed Jirky, ten se ale pustil do podlahy. Ondra tam s&nbsp;nimi byl taky, pokl\u00e1dali prkna. \u0160la jsem je tam vyfotit. Ondra dnes pracoval v&nbsp;t\u00e9 sv\u00e9 sukni, pak se trochu zranil na noze, ale nic v\u00e1\u017en\u00e9ho z&nbsp;toho nebylo, jen jsme se trochu lekli, p\u00e1\u010d vyk\u0159ikl. Ud\u011blali dal\u0161\u00ed velkou \u010d\u00e1st t\u00e9 podlahy prvn\u00edho patra, slou\u017e\u00ed to jako le\u0161en\u00ed pro pr\u00e1ci. <\/p>\n\n\n\n<h3 class=\"wp-block-heading\">Su\u0165 a koleso d\u011bjin<\/h3>\n\n\n\n<p>Na\u0161e parta, Al\u017eb\u011bta, Kl\u00e1ra, Darja a j\u00e1, v\u0161ak kopala su\u0165 v&nbsp;undergroundu, tak jsme o ho\u0159ej\u0161ku moc p\u0159ehledu nem\u011bly. St\u0159\u00eddaly jsme se r\u016fzn\u011b v&nbsp;kop\u00e1n\u00ed, nakl\u00e1d\u00e1n\u00ed, vyv\u00e1\u017een\u00ed, rozeb\u00edraly se cihly a kameny, ale hlavn\u011b se nakl\u00e1dala hl\u00edna s&nbsp;rozbit\u00fdmi ta\u0161kami. M\u011bly jsme dv\u011b kole\u010dka. Nakl\u00e1daly jsme je zeza\u010d\u00e1tku pln\u00fd, p\u00e1\u010d jsme siln\u00e9. Pak jak kdo pot\u0159eboval. Vyv\u00e1\u017e\u00ed se to do kopce za stodolu a pak sype k&nbsp;l\u00edsce. J\u00e1 jsem si dnes vyvozen\u00e9 kotou\u010de po\u010d\u00edtala, p\u00e1\u010d jsem jich kdysi v&nbsp;ml\u00e1d\u00ed vyvezla dost, tak jsem byla zv\u011bdav\u00e1, jak na tom jsem.<\/p>\n\n\n\n<p>Odkop\u00e1valy jsme ten lev\u00fd zadn\u00ed roh stodoly. V&nbsp;t\u00e9 kamenit\u00e9 hromad\u011b hl\u00edny bylo hodn\u011b slep\u00fd\u0161\u016f, jako by tam m\u011bli hn\u00edzdo. Prvn\u00edho jsme rozkoply, chud\u00e1ka, pak se u\u017e ale kopalo opatrn\u011b a j\u00e1 jsem ka\u017edou chv\u00edli vzala \u201ehada\u201c a odnesla ho na jinou hromadu kamen\u016f. Takhle jsem jich p\u0159enesla snad \u0161est. Docela jsme se tam teda zapotily, mus\u00edm \u0159\u00edct. Vyvezly jsme spoustu kole\u010dek a dokopaly se a\u017e k&nbsp;zarovn\u00e1n\u00ed ter\u00e9nu.<\/p>\n\n\n\n<p>Dole se ov\u0161em vyskytla jak\u00e1si podivn\u00e1, \u017eelezn\u00e1 v\u011bc. Velk\u00e9 \u017eelezn\u00e9 kolo jsme tam za\u010daly okr\u00fdvat. Zbyn\u011bk se na to p\u0159i\u0161el taky pod\u00edvat. Nazvala jsem to kolesem d\u011bjin. A pak je\u0161t\u011b jednou men\u0161\u00ed \u017eelezn\u00e9 kole\u010dko jsme objevily vedle. Ale nedok\u00e1zaly jsme to vykopat, bylo to hodn\u011b tlust\u00fd a u\u017e jsme byly dost dod\u011blan\u00fd. Taky je dnes \u00fapln\u011bk, vzpomn\u011bli jsme si na to, jak t\u00e1ta kopal p\u0159i \u00fapl\u0148ku tu j\u00e1mu v&nbsp;sednici kdysi a hledal poklad. My jsme za \u00fapl\u0148ku na\u0161ly koleso d\u011bjin.<\/p>\n\n\n<style>.kb-row-layout-id2735_c85d23-5f > .kt-row-column-wrap{align-content:start;}:where(.kb-row-layout-id2735_c85d23-5f > .kt-row-column-wrap) > .wp-block-kadence-column{justify-content:start;}.kb-row-layout-id2735_c85d23-5f > .kt-row-column-wrap{column-gap:var(--global-kb-gap-md, 2rem);row-gap:var(--global-kb-gap-md, 2rem);padding-top:var(--global-kb-spacing-sm, 1.5rem);padding-bottom:var(--global-kb-spacing-sm, 1.5rem);grid-template-columns:repeat(2, minmax(0, 1fr));}.kb-row-layout-id2735_c85d23-5f > .kt-row-layout-overlay{opacity:0.30;}@media all and (max-width: 1024px){.kb-row-layout-id2735_c85d23-5f > .kt-row-column-wrap{grid-template-columns:repeat(2, minmax(0, 1fr));}}@media all and (max-width: 767px){.kb-row-layout-id2735_c85d23-5f > .kt-row-column-wrap{grid-template-columns:minmax(0, 1fr);}}<\/style><div class=\"kb-row-layout-wrap kb-row-layout-id2735_c85d23-5f alignnone wp-block-kadence-rowlayout\"><div class=\"kt-row-column-wrap kt-has-2-columns kt-row-layout-equal kt-tab-layout-inherit kt-mobile-layout-row kt-row-valign-top\">\n<style>.kadence-column2735_f7878a-10 > .kt-inside-inner-col,.kadence-column2735_f7878a-10 > .kt-inside-inner-col:before{border-top-left-radius:0px;border-top-right-radius:0px;border-bottom-right-radius:0px;border-bottom-left-radius:0px;}.kadence-column2735_f7878a-10 > .kt-inside-inner-col{column-gap:var(--global-kb-gap-sm, 1rem);}.kadence-column2735_f7878a-10 > .kt-inside-inner-col{flex-direction:column;}.kadence-column2735_f7878a-10 > .kt-inside-inner-col > .aligncenter{width:100%;}.kadence-column2735_f7878a-10 > .kt-inside-inner-col:before{opacity:0.3;}.kadence-column2735_f7878a-10{position:relative;}@media all and (max-width: 1024px){.kadence-column2735_f7878a-10 > .kt-inside-inner-col{flex-direction:column;justify-content:center;}}@media all and (max-width: 767px){.kadence-column2735_f7878a-10 > .kt-inside-inner-col{flex-direction:column;justify-content:center;}}<\/style>\n<div class=\"wp-block-kadence-column kadence-column2735_f7878a-10\"><div class=\"kt-inside-inner-col\">\n<figure class=\"wp-block-image size-full\"><img loading=\"lazy\" decoding=\"async\" width=\"1137\" height=\"857\" src=\"https:\/\/www.statek-uprostred.cz\/wp-content\/uploads\/2023\/10\/IMG_20230929_114720.jpg\" alt=\"\" class=\"wp-image-2741\" srcset=\"https:\/\/www.statek-uprostred.cz\/wp-content\/uploads\/2023\/10\/IMG_20230929_114720.jpg 1137w, https:\/\/www.statek-uprostred.cz\/wp-content\/uploads\/2023\/10\/IMG_20230929_114720-400x301.jpg 400w, https:\/\/www.statek-uprostred.cz\/wp-content\/uploads\/2023\/10\/IMG_20230929_114720-768x579.jpg 768w\" sizes=\"auto, (max-width: 1137px) 100vw, 1137px\" \/><figcaption class=\"wp-element-caption\">Zbyn\u011bk s Ondrou a Jirkou na horn\u00edm pat\u0159e. Zbyn\u011bk se zab\u00fdv\u00e1 kle\u0161tinou, Ondra vytahuje nahoru prkna pro podlahu a Jirka je pokl\u00e1d\u00e1.<\/figcaption><\/figure>\n<\/div><\/div>\n\n\n<style>.kadence-column2735_e8d655-7c > .kt-inside-inner-col,.kadence-column2735_e8d655-7c > .kt-inside-inner-col:before{border-top-left-radius:0px;border-top-right-radius:0px;border-bottom-right-radius:0px;border-bottom-left-radius:0px;}.kadence-column2735_e8d655-7c > .kt-inside-inner-col{column-gap:var(--global-kb-gap-sm, 1rem);}.kadence-column2735_e8d655-7c > .kt-inside-inner-col{flex-direction:column;}.kadence-column2735_e8d655-7c > .kt-inside-inner-col > .aligncenter{width:100%;}.kadence-column2735_e8d655-7c > .kt-inside-inner-col:before{opacity:0.3;}.kadence-column2735_e8d655-7c{position:relative;}@media all and (max-width: 1024px){.kadence-column2735_e8d655-7c > .kt-inside-inner-col{flex-direction:column;justify-content:center;}}@media all and (max-width: 767px){.kadence-column2735_e8d655-7c > .kt-inside-inner-col{flex-direction:column;justify-content:center;}}<\/style>\n<div class=\"wp-block-kadence-column kadence-column2735_e8d655-7c\"><div class=\"kt-inside-inner-col\">\n<figure class=\"wp-block-image size-full\"><img loading=\"lazy\" decoding=\"async\" width=\"1137\" height=\"857\" src=\"https:\/\/www.statek-uprostred.cz\/wp-content\/uploads\/2023\/10\/IMG_20230929_115111.jpg\" alt=\"\" class=\"wp-image-2742\" srcset=\"https:\/\/www.statek-uprostred.cz\/wp-content\/uploads\/2023\/10\/IMG_20230929_115111.jpg 1137w, https:\/\/www.statek-uprostred.cz\/wp-content\/uploads\/2023\/10\/IMG_20230929_115111-400x301.jpg 400w, https:\/\/www.statek-uprostred.cz\/wp-content\/uploads\/2023\/10\/IMG_20230929_115111-768x579.jpg 768w\" sizes=\"auto, (max-width: 1137px) 100vw, 1137px\" \/><figcaption class=\"wp-element-caption\">Vykop\u00e1v\u00e1me hromadu suti v rohu stodoly. Zleva Darja, Al\u017eb\u011bta, Kl\u00e1ra.<\/figcaption><\/figure>\n<\/div><\/div>\n\n<\/div><\/div>\n\n\n<h3 class=\"wp-block-heading\">Ob\u011bd a trh\u00e1n\u00ed jablek<\/h3>\n\n\n\n<p>Ota m\u011bl ale u\u017e uva\u0159en\u00fd ob\u011bd, tak jsme \u0161li j\u00edst. V\u010dera si namo\u010dil cizrnu a ud\u011blal z&nbsp;toho v\u00fdbornou pol\u00edvku, \u010di jak to nazvat. J\u00e1 jsem si 2x p\u0159idala. Jdeme pak zase do pr\u00e1ce. Zbyn\u011bk se je\u0161t\u011b se mnou domlouval o dal\u0161\u00edm postupu na stodole. Ondra ud\u011blal kafe a my jsme mu ho vypili, ale on to d\u011bl\u00e1 tak dob\u0159e, speci\u00e1ln\u00edm zp\u016fsobem, v\u00e1\u017e\u00ed to a tak, \u017ee se tomu t\u011b\u017eko d\u00e1 odolat.<\/p>\n\n\n\n<p>Zbyn\u011bk a Jirka jdou zase na stodolu. Al\u017eb\u011bta s&nbsp;Kl\u00e1rou a Darjou jdou otrhat jabka. To je velmi z\u00e1slu\u017en\u00e1 \u010dinnost. Minul\u00fd rok taky jabka skl\u00edzela olomouck\u00e1 parta. P\u0159inesly si tam \u0161tafle a natrhali mysl\u00edm t\u0159i bed\u00fdnky celkem. Dal\u0161\u00ed den trhaly je\u0161t\u011b Lucie s&nbsp;Al\u017eb\u011btou. M\u00e1m dv\u011b prastar\u00fd jablon\u011b je\u0161t\u011b po Chalupov\u00fdch, z&nbsp;t\u00e9 vy\u0161\u0161\u00ed se d\u00e1 sundat maxim\u00e1ln\u011b \u010dtvrtina jablek, proto\u017ee je u\u017e hrozn\u011b vysok\u00e1. Z&nbsp;t\u00e9 p\u0159ed vejminkou se jich teoreticky dostane trochu v\u00edc, ale tento rok m\u011bly v&nbsp;jabloni sr\u0161n\u011b hn\u00edzdo, tak je to taky zt\u00ed\u017een\u00e9. Ka\u017edop\u00e1dn\u011b mi takhle natrhan\u00e1 \u00faroda vydr\u017e\u00ed na celou zimu a kus jara.<\/p>\n\n\n\n<h3 class=\"wp-block-heading\">Koleso se ukazuje b\u00fdti \u017eentourem a n\u00e1sledn\u00e1 poty\u010dka s j\u00e1mou<\/h3>\n\n\n\n<p>Zbyn\u011bk s&nbsp;Jirkou p\u0159i\u0161li k&nbsp;na\u0161emu kolesu a pustili se do jeho vykop\u00e1v\u00e1n\u00ed, \u017ee to prost\u011b mus\u00ed pry\u010d. Tak jsme jim to r\u00e1dy p\u0159enechaly, to u\u017e bylo nad na\u0161e s\u00edly. Vzali si trubku na vyp\u00e1\u010den\u00ed a mocn\u00fdmi z\u00e1sahy vyp\u00e1\u010dili na povrch velik\u00e9 ozuben\u00e9 rezav\u00e9 kolo \u017eelezn\u00e9 a je\u0161t\u011b jedno men\u0161\u00ed. \u0158ekli, \u017ee to byl asi \u017eentour a je to tak, na\u0161la jsem si to na obr\u00e1zku. Je to \u017eentour k&nbsp;pohonu t\u00e9 ml\u00e1ti\u010dky, co tam st\u00e1la. Je to kr\u00e1sn\u00e9 koleso, moc se mi l\u00edb\u00ed takov\u00e9 mocn\u00e9 \u017eelezit\u00e9 n\u00e1stroje p\u0159edk\u016f. Nechali jsme ho op\u0159en\u00e9 o ze\u010f stodoly, a\u0165 tam d\u011bl\u00e1 par\u00e1du.<\/p>\n\n\n\n<p>J\u00e1 jsem \u0161la pokra\u010dovat v&nbsp;kop\u00e1n\u00ed j\u00e1my u\u017e pak sama, holky sb\u00edraly jabka. Zbyn\u011bk pravil, \u017ee se to prost\u011b mus\u00ed vykopat dnes a hotovo. Cht\u011bl to m\u00edt hlubok\u00e9 80 cm, \u0161irok\u00e9 metr. Chce tam pak vystav\u011bt kamenn\u00fd pil\u00ed\u0159 na podep\u0159en\u00ed vymlet\u00e9 zdi stodoly a cel\u00e9ho rohu. Inu, jdu na to. Nen\u00ed to pr\u00e1ce z&nbsp;nejleh\u010d\u00edch, co si budeme pov\u00eddat. Kop\u00e1n\u00ed jam jsem v\u017edy nesn\u00e1\u0161ela, p\u00e1\u010d vlivem sv\u00e9 nicotn\u00e9 t\u011blesn\u00e9 v\u00e1hy mi t\u011blo neum\u00ed r\u00fdt r\u00fd\u010dem. Zbyn\u011bk tam asi 2x p\u0159i\u0161el, p\u00e1rkr\u00e1t r\u00fdpl, \u0159ekl, \u017ee to jde dob\u0159e a a\u0165 pokra\u010duju. Mn\u011b to ale moc ne\u0161lo. U\u017e jsem pak dost nemohla, ale t\u011b\u0161ilo m\u011b to a pro motivaci jsem si po\u010d\u00edtala ty kole\u010dka. Nakl\u00e1dala jsem je po\u0159\u00e1d pln\u00fd, vo\u017een\u00ed kole\u010dek mi jde mnohem l\u00edp ne\u017e kop\u00e1n\u00ed. Po patn\u00e1ct\u00e9m kole\u010dku jsem ale u\u017e n\u011bjak dod\u011bl\u00e1vala. Zbyn\u011bk tam v\u0161ak p\u0159i\u0161el a pronesl n\u011bjakou vtipnou drsnou kravinu, a\u0165 pokra\u010duju. Na m\u011b ty jeho r\u00e1zn\u00fd drsn\u00fd \u0159e\u010di p\u016fsob\u00ed velmi povzbudiv\u011b, tak jsem kopala d\u00e1l. Jirka mezit\u00edm nosil prkna je\u0161t\u011b a Zbyn\u011bk tam n\u011bco dokon\u010doval s&nbsp;t\u011bmi kle\u0161tinami. A na z\u00e1pra\u017e\u00ed byly n\u011bjak\u00e9 zaj\u00edmav\u00e9 intelektu\u00e1ln\u00ed debaty pak, j\u00e1 jsem z&nbsp;toho ale nic nepochytila, neb moje mysl byla zcela zanepr\u00e1zdn\u011bna j\u00e1mou.<\/p>\n\n\n\n<p>Zrovna kdy\u017e jsem to u\u017e opravdu vzdala, u osmn\u00e1ct\u00e9ho kole\u010dka, sestoupili ho\u0161i za mnou, \u017ee budou pokra\u010dovat. Ta \u00farodn\u00e1 vrstva toti\u017e kon\u010dila a za\u010dala tam n\u011bjak\u00e1 zv\u011btral\u00e1 hornina a to u\u017e bylo nad m\u00e9 s\u00edly. M\u011bla jsem asi kousek za polovinou, kolem 45 cm. Zbyn\u011bk do toho kopl kromp\u00e1\u010dem a \u0159ekl, \u017ee si to rozmyslel a nen\u00ed t\u0159eba kopat a\u017e do 80 cm. To jsme se chechtali. Nicm\u00e9n\u011b ho\u0161i se do toho pustili, vyst\u0159\u00eddali se a \u0161lo jim to o pozn\u00e1n\u00ed rychleji ne\u017e mn\u011b. Je\u0161t\u011b jsme jim vyvezla 3 kole\u010dka, abych m\u011bla celkem 21. Celkov\u011b jsme jich s&nbsp;holkama vyvezly snad 35 nebo i v\u00edc. Kluci to je\u0161t\u011b dokop\u00e1vali a vozili, d\u011blali to dno, to je nejt\u011b\u017e\u0161\u00ed ze v\u0161eho, \u010d\u00edm je \u010dlov\u011bk hloub, t\u00edm je m\u00e9n\u011b m\u00edsta na kop\u00e1n\u00ed. A ost\u0159\u00edkali pak kamenn\u00e9 zdi stodoly vodou z&nbsp;hadice.<\/p>\n\n\n\n<h3 class=\"wp-block-heading\">V\u00fdlet do Da\u010dic<\/h3>\n\n\n\n<p>Jdu se trochu zcivilizovat, p\u00e1\u010d jedeme do Da\u010dic nakupovat a na v\u00fdlet. Darja, Al\u017eb\u011bta a Ondra z\u016fst\u00e1vaj\u00ed, j\u00e1 vezu ostatn\u00ed. Nakupujeme nejd\u0159\u00edv. Pak n\u00e1s Ota prov\u00e1d\u00ed po Da\u010dic\u00edch, j\u00e1 moc vizu\u00e1ln\u011b sv\u011bt nevn\u00edm\u00e1m, m\u00e1m v&nbsp;hlav\u011b p\u0159ev\u00e1\u017en\u011b informace a sv\u00e9 p\u0159edstavy, tak jsem s&nbsp;p\u0159ekvapen\u00edm vid\u011bla, co jsem v\u0161echno nevid\u011bla. Zvonek a ruku s&nbsp;me\u010dem na v\u011b\u017ei, ruku s&nbsp;kostkou. Pam\u00e1tn\u00edk kostky jsme si prohl\u00e9dli a \u010detli n\u00e1pisy v&nbsp;r\u016fzn\u00fdch \u0159e\u010dech. Pak jdeme do parku z\u00e1meck\u00e9ho, tam je to kr\u00e1sn\u00fd. Andy pob\u00edh\u00e1 za ka\u0161tanem. Usadili jsme se tam, j\u00e1 jsem se nat\u00e1hla na zem. Ota n\u00e1m \u010detl vzpom\u00ednky na druhou sv\u011btovou v\u00e1lku jedn\u00e9 pan\u00ed z&nbsp;Da\u010dic, bydlela na z\u00e1mku, jezdila na pon\u00edkovi. Jej\u00ed rodina byla po v\u00e1lce odsunuta a zavra\u017edili j\u00ed otce, nespravedliv\u011b, kv\u016fli obav\u011b z&nbsp;pomsty. Lidi jsou \u010dasto naprost\u00fd zr\u016fdy. Jakub Fi\u0161er toti\u017e nat\u00e1\u010del takov\u00e9hle p\u0159\u00edb\u011bhy v&nbsp;jednom dom\u011b senior\u016f a Ota pak redigoval texty, kter\u00e9 vznikly podle z\u00e1znamu.&nbsp;<\/p>\n\n\n\n<p>Oni se p\u011b\u0161ky vracej\u00ed do Vyd\u0159\u00ed, cht\u011bj\u00ed se proj\u00edt. J\u00e1 jedu na statek. Doma nach\u00e1z\u00edm v&nbsp;sednici Darju a Al\u017eb\u011btu, sed\u00ed tam u stolu, studuj\u00ed n\u011bjak\u00e9 knihy a pov\u00eddaj\u00ed si, \u017dol\u00edk je tam s&nbsp;n\u011bma, Frod\u00edka jsem p\u0159inesla. Jdu ps\u00e1t den\u00edk. P\u0159ich\u00e1z\u00ed za n\u00e1mi taky Ondra, pr\u00fd nechce b\u00fdt na p\u016fd\u011b s\u00e1m. Taky si za\u010dal ps\u00e1t den\u00edk, m\u00e1 pr\u00fd v\u00edc ne\u017e t\u00fdden zpo\u017ed\u011bn\u00ed. P\u00ed\u0161e to rukou.<\/p>\n\n\n\n<h3 class=\"wp-block-heading\">\u00dapl\u0148kov\u00fd ohe\u0148<\/h3>\n\n\n\n<p>V\u00fdletn\u00edci se vracej\u00ed po osm\u00e9 hodin\u011b. Holky jdou rozd\u011blat ohe\u0148. J\u00e1 je\u0161t\u011b p\u00ed\u0161u den\u00edk, pak si jdu zahr\u00e1t na klav\u00edr. Al\u017eb\u011bta jde poslouchat, pr\u00fd taky kdysi hr\u00e1la a cht\u011bla by se k&nbsp;tomu vr\u00e1tit. &#8212; Sed\u00edme pak u ohn\u011b. Lucie va\u0159\u00ed maso pro Andyho. Otu napadlo, \u017ee p\u0159e\u010dte ten t\u00e1t\u016fv z\u00e1pis ze sb\u00edrky <em>Magorova Vanitas<\/em>, jak kopal v&nbsp;sednici poklad, vytrhal podlahu a za \u00fapl\u0148ku kopal. Je tam dokonce uvedeno, \u017ee 8 kole\u010dek je jeden kub\u00edk. A j\u00e1 zase od bagristy v\u00edm, \u017ee kdy\u017e se zem\u011b rozkope, nabyde jej\u00ed objem 3x. \u2013 To byla docela dobr\u00e1 vzpom\u00ednka takhle za \u00fapl\u0148ku a je\u0161t\u011b po dne\u0161n\u00ed j\u00e1m\u011b. Jsem hlavn\u011b moc r\u00e1da, \u017ee v&nbsp;sednici je u\u017e norm\u00e1ln\u00ed podlaha\u2026<\/p>\n\n\n\n<p>To \u00fapl\u0148kov\u00e9 sv\u011btlo je dnes zvl\u00e1\u0161tn\u00ed, zal\u00e9v\u00e1 celou vesnici i krajinu, je hodn\u011b siln\u00e9. Hovory si bohu\u017eel moc nepamatuju, nezapsala jsem je. Darja s&nbsp;Ji\u0159\u00edm se budou st\u011bhovat ze star\u00e9ho bytu a na jejich m\u00edsto p\u016fjde Ondra, tak se to tam rozeb\u00edralo. Kl\u00e1rka studuje kulturn\u00ed antropologii, o tom jsme tak\u00e9 mluvili. Ondra zva\u017euje d\u011blat doktor\u00e1t m\u00edsto ze sociologie, sv\u00e9ho oboru, pr\u00e1v\u011b v&nbsp;antropologii. O Istanbulsk\u00e9 \u00famluv\u011b a nesmysln\u00fdm n\u00e1mitk\u00e1m proti tak\u00e9 padlo slovo. &#8212; Lucie va\u0159\u00ed v&nbsp;sednici Andymu maso a tak p\u011bkn\u011b si s&nbsp;Andym pov\u00edd\u00e1, l\u00edb\u00ed se mi to. P\u0159ipom\u00ednala mu, co v\u0161echno dnes za\u017eil a po\u010d\u00edt\u00e1 podle po\u010dtu jeho noh, kolik je\u0161t\u011b \u010dasu ne\u017e bude maso uva\u0159en\u00e9. P\u0159ipomn\u011blo mi to moje hovory s&nbsp;kocourky. &#8212; Jdu sp\u00e1t v&nbsp;jednu, ostatn\u00ed asi taky brzo pot\u00e9.<\/p>\n\n\n\n<h2 class=\"wp-block-heading\">Sobota 30. z\u00e1\u0159\u00ed <\/h2>\n\n\n\n<p>Nechce se mi vst\u00e1vat, a\u017e v&nbsp;9 jsem vylezla. \u017dol\u00edk i Frodo spali se mnou. Pokl\u00edz\u00edm trochu, d\u00e1v\u00e1m pr\u00e1t. V\u0161echno postupn\u011b vst\u00e1v\u00e1. Po\u010das\u00ed je dnes trochu chladn\u011bj\u0161\u00ed, ale ne moc, a je sp\u00ed\u0161e zata\u017eeno. Tak\u017ee po \u00fapl\u0148ku se to zm\u011bnilo, jak to b\u00fdv\u00e1, ale l\u00e9to trv\u00e1. P\u0159ich\u00e1z\u00ed Zbyn\u011bk, rokujeme, pak jdeme na pr\u00e1ci. <\/p>\n\n\n\n<h3 class=\"wp-block-heading\">Betonov\u00e1n\u00ed a pravidla pr\u00e1ce<\/h3>\n\n\n\n<p>Dnes se bude betonovat ta d\u00edra, co jsme v\u010dera vykopali. Jdeme s&nbsp;Darjou pro cement nejd\u0159\u00edv do Zby\u0148kova auta. Je tam 10 pytl\u016f. Nalo\u017eila jsem si jich 5 a t\u00edm jsem seznala, \u017ee uvezu metr\u00e1k, co\u017e m\u011b pot\u011b\u0161ilo. Jirka taky veze. Rychtujeme si m\u00edcha\u010dku vzadu u stodoly a rozd\u011blujeme pr\u00e1ci, co kdo chce d\u011blat. Darja s&nbsp;Jirkou cht\u011bli m\u00edchat beton, Darja se to cht\u011bla nau\u010dit, tak jsme se do toho dali, Zbyn\u011bk ur\u010dil spr\u00e1vn\u00e9 pom\u011bry sm\u011bsi a oni pak m\u00edchali. M\u00edchaj\u00ed to se \u0161t\u011brkem. J\u00e1 jsem si to dovezla k&nbsp;j\u00e1m\u011b a lila dovnit\u0159 pomoc\u00ed takov\u00e9 nab\u011bra\u010dky a d\u00e1vala tam \u0161utry. Zbyn\u011bk se taky \u00fa\u010dastnil nejd\u0159\u00edv j\u00e1my, pak si \u0161el betonovat tu jednu patku k budouc\u00edm podp\u011br\u00e1m.<\/p>\n\n\n\n<p>P\u0159ich\u00e1z\u00ed Honza Krompholc a zapojuje se do pr\u00e1ce. On je takov\u00fd ak\u010dn\u00ed, \u017ee zvl\u00e1dne horu pr\u00e1ce s\u00e1m. Vid\u011bl Darju s&nbsp;lopatou a ve sv\u00e9 naivn\u00ed starosv\u011btsk\u00e9 vehemenci j\u00ed tu lopatu vzal z&nbsp;ruky a za\u010dal h\u00e1zet. Nu\u2026 tak jsem se to sna\u017eila urovnat a vylo\u017eila mu mezi \u0159evem m\u00edcha\u010dky, \u017ee tu m\u00e1me jin\u00e1 pravidla. Darja s&nbsp;Jirkou \u0161li ale pak dozadu za stodolu nab\u00edrat a vozit p\u00edsek. V\u0161echen ho odvozili k m\u00edcha\u010dce. \u0160la jsem taky za nima a \u0159ekla jim o t\u011bhle situac\u00edch, jak to tu \u0159e\u0161\u00edm tenhle rok. Darja byla v&nbsp;pohod\u011b, Honza se j\u00ed omluvil. Je to st\u0159et pravidel dvou sv\u011bt\u016f holt. Olomouck\u00e1 parta se toti\u017e v\u017edy vyzna\u010dovala t\u00edm, \u017ee pravidla maj\u00ed p\u0159esn\u011b takov\u00e1, jak\u00fd uzn\u00e1v\u00e1m i j\u00e1: Ka\u017ed\u00fd d\u011bl\u00e1, co zrovna chce, pr\u00e1ce se ned\u011bl\u00ed na mu\u017eskou a \u017eenskou, kdo chce s&nbsp;n\u011b\u010d\u00edm pomoct, \u0159ekne si s\u00e1m, nepom\u00e1h\u00e1 se mu jen kv\u016fli tomu, \u017ee je \u017eena nebo mu\u017e. Pova\u017eovala jsem to za samoz\u0159ejmost posledn\u00ed roky, proto\u017ee Br\u0148\u00e1ci to m\u011bli trochu podobn\u011b, ale ono se to ve v\u011bt\u0161in\u011b sv\u011bta mus\u00ed je\u0161t\u011b vyjedn\u00e1vat.<\/p>\n\n\n\n<p>M\u00edcha\u010dka n\u00e1hle p\u0159estala m\u00edchat, ale Honza p\u0159i\u0161el na to, kde je chyba, vypadla n\u011bjak\u00e1 z\u00e1vla\u010dka, tak to opravil. J\u00e1 n\u011bjak nem\u00e1m st\u00e1n\u00ed, p\u00e1\u010d mi vad\u00ed, \u017ee Frodo nep\u0159i\u0161el k&nbsp;ob\u011bdu, tak ho hled\u00e1m. Pak jsem mu nechala ob\u011bd v&nbsp;sednici a \u201eva\u0159\u00edc\u00ed\u201c parta mu ho dala. On pak usnul na posteli v&nbsp;sednici a cel\u00e9 odpoledne tam byl a z&nbsp;Andyho si u\u017e pranic ned\u011blal. Andy se toti\u017e uvelebil na druh\u00e9 posteli. &#8212; Pak u\u017e d\u011bl\u00e1me, m\u00edch\u00e1 Honza, jednou sm\u011bs se \u0161t\u011brkem pro m\u011b, pak bez \u0161t\u011brku pro Zby\u0148ka. Nos\u00edme kameny a d\u00e1v\u00e1me je do betonu do j\u00e1my.<\/p>\n\n\n\n<h3 class=\"wp-block-heading\">Va\u0159en\u00ed, sb\u00edr\u00e1n\u00ed jablek a vo\u017een\u00ed \u0161utr\u016f<\/h3>\n\n\n\n<p>V&nbsp;sednici mezit\u00edm vypuklo velk\u00e9 va\u0159en\u00ed. V\u0161ichni se zapojili do p\u0159\u00edpravy brambor\u00e1k\u016f. Loupaj\u00ed a strouhaj\u00ed brambory, Lucie umyla takovej obrovskej hrnec, kterej n\u011bkde na\u0161la ve Skal\u00e1kov\u011b s\u00edni. Ota d\u011blal s\u00e1m d\u00fd\u0148ovou pol\u00e9vku, do toho si nenechal s\u00e1hnout. Jirka s&nbsp;Darjou a Luci\u00ed sma\u017eili brambor\u00e1ky, nejd\u0159\u00edv na t\u00e9 mal\u00e9 star\u00e9 p\u00e1nvi, kter\u00e1 d\u011bsn\u011b p\u0159ip\u00e9k\u00e1, tak to byla b\u00edda, pak u\u017e na nov\u00e9, an\u017eto dlela p\u0159edt\u00edm v&nbsp;my\u010dce. &#8212; B\u011btka s&nbsp;Luci\u00ed \u0161ly dosb\u00edrat jabka na tu p\u0159edn\u00ed jablo\u0148. B\u011btka je naho\u0159e na jabloni a h\u00e1z\u00ed to dol\u016f Lucii, kter\u00e1 to chyt\u00e1 n\u011bjak d\u016fmysln\u011b. P\u0159ijela taky na chv\u00edli moje sestra Marta, daly jsme si na z\u00e1pra\u017e\u00ed kafe a pojedly kousek dortu, co p\u0159ivezla. Vezla kytici do Zadn\u00edho Vyd\u0159\u00ed.<\/p>\n\n\n\n<p>Al\u017eb\u011bta mi \u0161la je\u0161t\u011b pomoct s t\u011bmi \u0161utry. Ta j\u00e1ma pojme hodn\u011b materi\u00e1lu, a \u010d\u00edm v\u00edc \u0161utr\u016f se do n\u00ed d\u00e1, t\u00edm m\u00e9n\u011b je t\u0159eba betonu. Vyb\u00edr\u00e1me velk\u00e9 \u0161utry z t\u00e9 hromady u vejminky, nakl\u00e1d\u00e1me na kole\u010dko, voz\u00edme. J\u00e1 pak voz\u00edm a Al\u017eb\u011bta naho\u0159e \u0161utry um\u00fdv\u00e1 hadic\u00ed a odv\u00e1\u017e\u00ed je k j\u00e1m\u011b. Navr\u0161ily jsme tam toho celkem dost. Pil\u00ed\u0159 bude stav\u011bt Honza nebo Zbyn\u011bk, ale dnes se k tomu nedostali, p\u00e1\u010d m\u011bli na pr\u00e1ci zcela z\u00e1sadn\u00ed v\u011bc. &#8212; Nu a taky jsme se samoz\u0159ejm\u011b naob\u011bdvali, u stolu pod o\u0159echem (o\u0159echy u\u017e padaj\u00ed), bylo to v\u00fdte\u010dn\u00e9, brambor\u00e1\u010dky vynikaj\u00edc\u00ed, to d\u00e1 rozum, \u017ee. <\/p>\n\n\n<style>.kb-row-layout-id2735_92c909-5d > .kt-row-column-wrap{align-content:start;}:where(.kb-row-layout-id2735_92c909-5d > .kt-row-column-wrap) > .wp-block-kadence-column{justify-content:start;}.kb-row-layout-id2735_92c909-5d > .kt-row-column-wrap{column-gap:var(--global-kb-gap-md, 2rem);row-gap:var(--global-kb-gap-md, 2rem);padding-top:var(--global-kb-spacing-sm, 1.5rem);padding-bottom:var(--global-kb-spacing-sm, 1.5rem);grid-template-columns:repeat(2, minmax(0, 1fr));}.kb-row-layout-id2735_92c909-5d > .kt-row-layout-overlay{opacity:0.30;}@media all and (max-width: 1024px){.kb-row-layout-id2735_92c909-5d > .kt-row-column-wrap{grid-template-columns:repeat(2, minmax(0, 1fr));}}@media all and (max-width: 767px){.kb-row-layout-id2735_92c909-5d > .kt-row-column-wrap{grid-template-columns:minmax(0, 1fr);}}<\/style><div class=\"kb-row-layout-wrap kb-row-layout-id2735_92c909-5d alignnone wp-block-kadence-rowlayout\"><div class=\"kt-row-column-wrap kt-has-2-columns kt-row-layout-equal kt-tab-layout-inherit kt-mobile-layout-row kt-row-valign-top\">\n<style>.kadence-column2735_946ed8-59 > .kt-inside-inner-col,.kadence-column2735_946ed8-59 > .kt-inside-inner-col:before{border-top-left-radius:0px;border-top-right-radius:0px;border-bottom-right-radius:0px;border-bottom-left-radius:0px;}.kadence-column2735_946ed8-59 > .kt-inside-inner-col{column-gap:var(--global-kb-gap-sm, 1rem);}.kadence-column2735_946ed8-59 > .kt-inside-inner-col{flex-direction:column;}.kadence-column2735_946ed8-59 > .kt-inside-inner-col > .aligncenter{width:100%;}.kadence-column2735_946ed8-59 > .kt-inside-inner-col:before{opacity:0.3;}.kadence-column2735_946ed8-59{position:relative;}@media all and (max-width: 1024px){.kadence-column2735_946ed8-59 > .kt-inside-inner-col{flex-direction:column;justify-content:center;}}@media all and (max-width: 767px){.kadence-column2735_946ed8-59 > .kt-inside-inner-col{flex-direction:column;justify-content:center;}}<\/style>\n<div class=\"wp-block-kadence-column kadence-column2735_946ed8-59\"><div class=\"kt-inside-inner-col\">\n<figure class=\"wp-block-image size-full\"><img loading=\"lazy\" decoding=\"async\" width=\"1434\" height=\"1080\" src=\"https:\/\/www.statek-uprostred.cz\/wp-content\/uploads\/2023\/10\/IMG_20230930_154716.jpg\" alt=\"\" class=\"wp-image-2746\" srcset=\"https:\/\/www.statek-uprostred.cz\/wp-content\/uploads\/2023\/10\/IMG_20230930_154716.jpg 1434w, https:\/\/www.statek-uprostred.cz\/wp-content\/uploads\/2023\/10\/IMG_20230930_154716-1200x904.jpg 1200w, https:\/\/www.statek-uprostred.cz\/wp-content\/uploads\/2023\/10\/IMG_20230930_154716-400x301.jpg 400w, https:\/\/www.statek-uprostred.cz\/wp-content\/uploads\/2023\/10\/IMG_20230930_154716-768x578.jpg 768w\" sizes=\"auto, (max-width: 1434px) 100vw, 1434px\" \/><figcaption class=\"wp-element-caption\">Tr\u00e1m, kter\u00fd kluci od\u0159\u00edzli ze stodoly. F. B. jsou nejsp\u00ed\u0161 inici\u00e1ly tesa\u0159e, co v roce 1934 krov stav\u011bl. <\/figcaption><\/figure>\n<\/div><\/div>\n\n\n<style>.kadence-column2735_9070ed-74 > .kt-inside-inner-col,.kadence-column2735_9070ed-74 > .kt-inside-inner-col:before{border-top-left-radius:0px;border-top-right-radius:0px;border-bottom-right-radius:0px;border-bottom-left-radius:0px;}.kadence-column2735_9070ed-74 > .kt-inside-inner-col{column-gap:var(--global-kb-gap-sm, 1rem);}.kadence-column2735_9070ed-74 > .kt-inside-inner-col{flex-direction:column;}.kadence-column2735_9070ed-74 > .kt-inside-inner-col > .aligncenter{width:100%;}.kadence-column2735_9070ed-74 > .kt-inside-inner-col:before{opacity:0.3;}.kadence-column2735_9070ed-74{position:relative;}@media all and (max-width: 1024px){.kadence-column2735_9070ed-74 > .kt-inside-inner-col{flex-direction:column;justify-content:center;}}@media all and (max-width: 767px){.kadence-column2735_9070ed-74 > .kt-inside-inner-col{flex-direction:column;justify-content:center;}}<\/style>\n<div class=\"wp-block-kadence-column kadence-column2735_9070ed-74\"><div class=\"kt-inside-inner-col\">\n<figure class=\"wp-block-image size-full\"><img loading=\"lazy\" decoding=\"async\" width=\"1434\" height=\"1080\" src=\"https:\/\/www.statek-uprostred.cz\/wp-content\/uploads\/2023\/10\/IMG_20230930_112656.jpg\" alt=\"\" class=\"wp-image-2751\" srcset=\"https:\/\/www.statek-uprostred.cz\/wp-content\/uploads\/2023\/10\/IMG_20230930_112656.jpg 1434w, https:\/\/www.statek-uprostred.cz\/wp-content\/uploads\/2023\/10\/IMG_20230930_112656-1200x904.jpg 1200w, https:\/\/www.statek-uprostred.cz\/wp-content\/uploads\/2023\/10\/IMG_20230930_112656-400x301.jpg 400w, https:\/\/www.statek-uprostred.cz\/wp-content\/uploads\/2023\/10\/IMG_20230930_112656-768x578.jpg 768w\" sizes=\"auto, (max-width: 1434px) 100vw, 1434px\" \/><figcaption class=\"wp-element-caption\">Darja a Jirka, a kole\u010dko s p\u00edskem, kter\u00e9 zrovna nalo\u017eili<\/figcaption><\/figure>\n<\/div><\/div>\n\n<\/div><\/div>\n\n\n<h3 class=\"wp-block-heading\">89 let star\u00fd tr\u00e1m kon\u010d\u00ed sv\u016fj p\u0159\u00edb\u011bh<\/h3>\n\n\n\n<p>Hlavn\u00edm \u00fakolem dne bylo toti\u017e od\u0159ez\u00e1n\u00ed toho velk\u00e9ho dvoutr\u00e1mu v pr\u016f\u010del\u00ed stodoly, pod &#8222;povzdu\u0161nic\u00ed&#8220;. Vedl ode zdi ke zdi, byla to uk\u00e1zka d\u00e1vn\u00e9ho um\u011bn\u00ed spojov\u00e1n\u00ed dvou tr\u00e1m\u016f pomoc\u00ed z\u00e1sek\u016f sekerou. Dva siln\u00e9 tr\u00e1my k sob\u011b p\u0159il\u00e9haly do takov\u00fdch z\u00e1\u0159ez\u016f. Na pr\u016f\u010del\u00ed byl tak\u00e9 vysekan\u00fd letopo\u010det 1934, co\u017e nen\u00ed nijak moc, ale tr\u00e1mu je te\u010f 89 let a je ztrouchniv\u011bl\u00fd, mus\u00ed dol\u016f. Zbyn\u011bk s Honzou m\u011bli d\u016fmysln\u00fd pl\u00e1n, kterak to vykonat. Nejd\u0159\u00edv kolem toho m\u011bli legraci, \u017ee se to ud\u011bl\u00e1 snadno, s prstem v zadku, jak pravil Honza, ale byla to samoz\u0159ejm\u011b velk\u00e1, odpov\u011bdn\u00e1 pr\u00e1ce. Tr\u00e1m toti\u017e dr\u017eel taky ty siln\u00e9 dvan\u00e1ctimetrov\u00e9 tr\u00e1my podlahy. Ony jsou z\u010d\u00e1sti podlo\u017een\u00e9 u\u017e a kluci je je\u0161t\u011b naho\u0159e v\u0161echny uv\u00e1zali popruhy k nov\u00e9 povzdu\u0161nici, ale nikdy nikdo nev\u00ed p\u0159esn\u011b, co ta konstrukce ud\u011bl\u00e1, kdy\u017e se jedna d\u016fle\u017eit\u00e1 sou\u010d\u00e1st od\u0159\u00edzne. <\/p>\n\n\n\n<p>Zbyn\u011bk si p\u0159inesl takov\u00fd star\u00fd kr\u00e1sn\u00fd \u0159et\u011bzov\u00fd kladkostroj (hupcuk), Honza m\u011bl na sv\u00e9 stran\u011b taky jeden. Ten Zby\u0148k\u016fv jsme namazali olejem, aby se mu l\u00e9pe pracovalo. No a kluci p\u0159iv\u00e1zali mil\u00fd tr\u00e1m na hupcuky a zav\u011bsili ho tak na povzdu\u0161nici. Pak se na ka\u017ed\u00e9 stran\u011b pustili do od\u0159ez\u00e1v\u00e1n\u00ed tr\u00e1mu ode zdi. Koukaly jsme na to s Al\u017eb\u011btou. Modlila jsem se k and\u011bl\u016fm, aby to dob\u0159e dopadlo. Takov\u00e9to z\u00e1sadn\u00ed \u010diny je vhodn\u00e9 prolo\u017eit modlitbou. Tu\u0161\u00edm, \u017ee Zbyn\u011bk se taky ob\u010das ohledn\u011b stodoly pomodl\u00ed. Tr\u00e1m na lev\u00e9 stran\u011b povolil, pak s motorovou pilou nastoupil na prav\u00e9 stran\u011b Honza, a bylo to, tr\u00e1m visel jen za \u0159et\u011bzy. Kluci pak \u0161li k hupcuk\u016fm a spou\u0161t\u011bli tr\u00e1m rovnom\u011brn\u011b z ka\u017ed\u00e9 strany, a\u017e dojel v klidu na zem. No uf teda! Par\u00e1da. Tam se jali tr\u00e1misko kr\u00e1jet na men\u0161\u00ed d\u00edly, ten d\u00edl s letopo\u010dtem samoz\u0159ejm\u011b zachov\u00e1me a n\u011bkam ho vystav\u00edm. <\/p>\n\n\n\n<p>Ve zdech na ka\u017ed\u00e9 stran\u011b zbyla hlava tr\u00e1mu zapu\u0161t\u011bn\u00e1 do cihel. Zdi byly u\u017e na obou stran\u00e1ch ubouran\u00e9, to kluci ud\u011blali p\u0159edem, zapomn\u011bla jsem to zapsat. Del\u0161\u00ed \u010das jim pak trvalo, ne\u017e se poda\u0159ilo vyt\u00e1hnout t\u00edm dr\u00e1pem na traktoru z lev\u00e9 zdi zbytek toho tr\u00e1mu, z\u00e1pasili tam s&nbsp;t\u00edm, tr\u00e1m dr\u017eel pevn\u011b, ale dok\u00e1zali to. Honza pak \u0159ekl, \u017ee je to t\u00edm, jakou m\u00e1 Zbyn\u011bk dobrou energii, \u017ee je prost\u011b dobrej \u010dlov\u011bk, kdyby to byl debil, tak m\u016f\u017ee m\u00edt jakoukoli techniku a nedok\u00e1\u017ee nic. To souhlas\u00edm. Mn\u011b se tak\u00e9 moc l\u00edb\u00ed, jak si tady tak \u201ejemn\u011b\u201c hrajeme s&nbsp;ka\u017edou sou\u010d\u00e1stkou t\u00e9 stavby. \u201eDebil s&nbsp;technikou\u201c by to prost\u011b vzal na hromadu sakumpr\u00e1sk dol\u016f a postavil by to znova. Ale my bez v\u011bt\u0161\u00edch pen\u011bz a \u201edebil\u016f s&nbsp;technikou\u201c taky takhle ope\u010dov\u00e1v\u00e1me ka\u017edej kousek. Vznik\u00e1 z&nbsp;toho zcela odli\u0161n\u00e9 d\u00edlo. A nen\u00ed nutn\u011b d\u016fle\u017eit\u00e9, aby se to za ka\u017edou cenu poda\u0159ilo. To nem\u016f\u017eeme v\u011bd\u011bt, jestli se n\u00e1m to poda\u0159\u00ed. Ten proces m\u00e1 taky hodnotu. Ale to u\u017e opakuju po n\u011bkolik\u00e1t\u00e9, p\u00e1\u010d mi to ale posledn\u00ed dobou taky po\u0159\u00e1dn\u011b doch\u00e1z\u00ed.<\/p>\n\n\n\n<h3 class=\"wp-block-heading\">Hovory u ohn\u011b a l\u00ed\u010den\u00ed pro mu\u017ee<\/h3>\n\n\n\n<p>Jdu za n\u011bma k&nbsp;ohni, o \u010dem mluvili p\u0159edt\u00edm samoz\u0159ejm\u011b nev\u00edm. Venku je divo\u010dina na n\u00e1vsi, m\u011bli dnes v\u00fdlov, tak oslavuj\u00ed a pou\u0161t\u00ed si nahlas hudbu. Mluv\u00edme o knize <em>P\u00e1n prsten\u016f<\/em>, n\u011bkte\u0159\u00ed z&nbsp;n\u00e1s se shodli, \u017ee je to velk\u00e1 literatura, kde je v\u0161echno. S&nbsp;Kl\u00e1rkou se bav\u00edm o pam\u011bti, ve st\u00e1\u0159\u00ed jak funguje, ptala se m\u011b toti\u017e, co to p\u00ed\u0161u, tak jsem \u0159\u00edkala, pro\u010d si den\u00edk p\u00ed\u0161u, \u017ee bych si jinak naprosto nic nepamatovala a nesnesu to. Kl\u00e1ra je dobr\u00fd p\u0159\u00ednos pro partu, l\u00edb\u00ed se mi, jak moud\u0159e mluv\u00ed, a spisovn\u011b, a \u017ee j\u00ed zjevn\u011b hodn\u011b z\u00e1le\u017e\u00ed na stavu sv\u011bta a chce pro to n\u011bco d\u011blat. Jako v\u0161ichni tady. &nbsp;<\/p>\n\n\n\n<p>A p\u00ed\u0161u u\u017e v&nbsp;p\u0159\u00edtomnosti, tak zap\u00ed\u0161u p\u00e1r hovor\u016f, a\u0165 je sranda. Ondra tu zrovna \u0159e\u0161\u00ed, \u017ee by r\u00e1d n\u011bjak\u00e9 \u0161aty nosil, ale pun\u010dochy nem\u00e1 r\u00e1d a leg\u00edny taky ne. A checht\u00e1me se, jak n\u011bkter\u00fdm z&nbsp;n\u00e1s lezou chlupy z&nbsp;pun\u010doch. Darja Ondrovi nech\u00e1 p\u00e1r \u0161at\u016f, i kv\u011btovan\u00e9. To on by taky r\u00e1d nosil. No, ch\u00e9\u00e9, to jsem se zrovna trefila do vtipn\u00e9ho rozhovoru. A te\u010f  jdou Ondru je\u0161t\u011b l\u00ed\u010dit nebo co. Ondra je dobrej, svobodnej kluk, m\u00e1m ho r\u00e1da. Nenech\u00e1 se svazovat \u017e\u00e1dn\u00fdmi konvencemi. [Konec psan\u00ed v p\u0159\u00edtomnosti] <\/p>\n\n\n\n<p>Kl\u00e1rka s&nbsp;Darjou tedy Ondru nal\u00ed\u010dily. Rt\u011bnka, \u0159asenka, o\u010dn\u00ed st\u00edny. Slu\u0161elo mu to, on m\u00e1 takov\u00fd p\u011bkn\u00fd soum\u011brn\u00fd obli\u010dej. Vyfotila jsem si ho (fotka je na konci z\u00e1pisu). \u0160el se na sebe n\u011bkolikr\u00e1t pod\u00edvat do zrcadla, proto\u017ee ho to t\u011b\u0161ilo. Mn\u011b se taky l\u00edbil. A nejv\u00edc se mi l\u00edbila cel\u00e1 ta situace. \u0158\u00edkala jsem si, \u017ee v&nbsp;takov\u00e9m svobodn\u00e9m sv\u011bt\u011b chci \u017e\u00edt a p\u0159\u00e1la bych ho v\u0161em. Ve sv\u011bt\u011b, kde se m\u016f\u017ee kluk nal\u00ed\u010dit, kdy\u017e mu to p\u0159in\u00e1\u0161\u00ed radost, a nikdo to ne\u0159e\u0161\u00ed. A nosit sukni. Na mu\u017enosti to nikomu neub\u00edr\u00e1 ani atom. Ostatn\u011b v&nbsp;minul\u00fdch stalet\u00edch se mu\u017ei l\u00ed\u010dili b\u011b\u017en\u011b a v&nbsp;p\u0159\u00edrod\u011b b\u00fdvaj\u00ed \u010dasto samci podstatn\u011b n\u00e1padn\u011bj\u0161\u00ed ne\u017e samice. Nev\u00edm, co je to za zvl\u00e1\u0161tn\u00ed rys posledn\u00edch stolet\u00ed, \u017ee je to povoleno jen \u017een\u00e1m. Kter\u00e9 je\u0161t\u011b ke v\u0161emu m\u016f\u017eou chodit v&nbsp;mu\u017esk\u00e9m oble\u010den\u00ed a u\u017e to d\u00e1vno nikdo ne\u0159e\u0161\u00ed. &#8212; Vtipn\u00e9 ov\u0161em bylo, kdy\u017e se holky zeptaly Jirky a Oty, jestli by taky necht\u011bli nal\u00ed\u010dit, a Ota se tv\u00e1\u0159il tak v\u00fdmluvn\u011b, \u017ee ani nemusel nic \u0159\u00edkat. Ne, opravdu necht\u011bl. Jirka to n\u011bjak ust\u00e1l s&nbsp;poker face.<\/p>\n\n\n\n<p>Pak se vypr\u00e1v\u011bly r\u016fzn\u00e9 z\u00e1\u017eitky a n\u011bkter\u00e9 bylo opravdu nedobr\u00e9. Lucie vypr\u00e1v\u011bla d\u011bsn\u00fd p\u0159\u00edb\u011bh, jak na ni jeden medi\u00e1ln\u011b zn\u00e1m\u00fd \u010dlov\u011bk (nebudu jmenovat, je\u0161t\u011b by m\u011b \u017ealoval, je to hnusnej hajzl) zavolal v&nbsp;baru policii, \u017ee ho pr\u00fd obt\u011b\u017euje, p\u0159itom on obt\u011b\u017eoval ji odporn\u00fdmi sexu\u00e1ln\u00edmi \u00fachyln\u00fdmi n\u00e1vrhy. Vezli ji na z\u00e1chytku, Andyho odvezli do \u00fatulku, Lucii dali v&nbsp;aut\u011b policajti (m\u011b\u0161\u0165\u00e1ci) p\u011bst\u00ed, kdy\u017e se na n\u011bco zeptala, hnus na hnus. Na z\u00e1chytce ji p\u0159iv\u00e1zali, ani nemohla na z\u00e1chod. Fakt odpornost neskute\u010dn\u00e1. Ota vzpom\u00ednal zase na n\u011bjak\u00fd policejn\u00ed z\u00e1tah v&nbsp;Olomouci, kde tvrd\u011b a neadekv\u00e1tn\u011b zakro\u010dili proti n\u011bjak\u00e9mu \u010dlov\u011bku, Ota se ho \u0161el zastat a taky skon\u010dil na z\u00e1chytce, pokud jsem to nespletla n\u011bjak. Darja \u0161la taky k&nbsp;t\u00e9 v\u011bci pak podat v\u00fdpov\u011b\u010f. Ty z\u00e1chytky ob\u010das funguj\u00ed \u00fapln\u011b brut\u00e1ln\u011b.<\/p>\n\n\n\n<p>Ota taky navrhl, \u017ee se p\u016fjdeme pod\u00edvat na hv\u011bzdy dozadu. Moc jsme se ned\u00edvali a n\u011bjak jsme spont\u00e1nn\u011b za\u010dali l\u00e9zt do t\u00e9 vysok\u00e9 kuku\u0159ice, kter\u00e1 m\u00e1 p\u0159es dva metry. Rozptylovali jsme se v&nbsp;poli, nevid\u011bli na sebe, nad n\u00e1mi hv\u011bzdn\u00e1 obloha. Mn\u011b se to l\u00edbilo, n\u011bjak to na m\u011b p\u016fsob\u00ed uklid\u0148uj\u00edc\u00edm dojmem, ov\u0161em Ondra \u0159\u00edkal, \u017ee si tam p\u0159ipadal izolovan\u00fd.<\/p>\n\n\n\n<p>Pak je\u0161t\u011b \u0159e\u0161\u00edme p\u0159edn\u00e1\u0161ky na LF\u0160 pro p\u0159\u00ed\u0161t\u00ed rok, m\u011bla bych tam \u0159\u00edct n\u011bco o Teilhardovi asi u\u017e, \u0159\u00edk\u00e1m, jak ty ve\u0159ejn\u00e9 p\u0159edn\u00e1\u0161ky pro v\u00edc lid\u00ed nesn\u00e1\u0161\u00edm, ale ob\u010das se to asi mus\u00ed d\u011blat. Ota to taky nesn\u00e1\u0161\u00ed. Darja by tam taky m\u011bla pr\u00fd p\u0159edn\u00e1\u0161et. Darja se te\u010f dostala na doktor\u00e1t z&nbsp;filosofie, to je dobr\u00e9. Psala diplomku na t\u00e9ma <em>T\u011blo v mocensk\u00fdch vztaz\u00edch: feministick\u00e1 anal\u00fdza<\/em>, Al\u017eb\u011bta m\u00e1 u\u017e taky za sebou st\u00e1tnice z&nbsp;filosofie i obhajobu bakal\u00e1\u0159ky <em>Pobyt, smrt a Druh\u00fd<\/em>, kde vych\u00e1z\u00ed z&nbsp;Heideggerova byt\u00ed k&nbsp;smrti v&nbsp;<em>Byt\u00ed a \u010dasu<\/em> a srovn\u00e1v\u00e1 to i s Levinasem. Ota mi taky ud\u011blal redak\u010dn\u00ed konzultaci k&nbsp;\u010d\u00ednsk\u00fdm m\u00edstn\u00edm n\u00e1zv\u016fm do 13. svazku Teilhardov\u00fdch sebran\u00fdch spis\u016f <em>Srdce hmoty<\/em>. Myslely jsme s&nbsp;Danielou Iwashitou, \u017ee si na to budeme muset hledat pracn\u011b n\u011bjak\u00e9ho specialistu, mn\u011b pak na\u0161t\u011bst\u00ed do\u0161lo, \u017ee specialista mi jezd\u00ed p\u0159\u00edmo na statek. &#8212; Nev\u00edm, kdy jsem \u0161la sp\u00e1t, asi zase kolem jedn\u00e9 \u010di kousek pozd\u011bji.<\/p>\n\n\n\n<h2 class=\"wp-block-heading\">Ned\u011ble 1. \u0159\u00edjna<\/h2>\n\n\n\n<p>Lezu ven v&nbsp;9. V\u0161ichni vst\u00e1vaj\u00ed a ukl\u00edz\u00edme spole\u010dn\u011b. T\u00edm mi moc pomohli, proto\u017ee jinak bych to d\u011blala doslova cel\u00fd den. Pot\u0159ebuju vygruntovat bar\u00e1k, abych ho mohla na t\u00fdden p\u0159edat t\u011bm student\u016fm. Mejou n\u00e1dob\u00ed, zametaj\u00ed, vyn\u00e1\u0161\u00ed odpad, Lucie ukl\u00edz\u00ed velk\u00fd st\u016fl, j\u00e1 taky nap\u0159. vys\u00e1v\u00e1m p\u016fdu. Kl\u00e1rka zametla z\u00e1pra\u017e\u00ed. V\u0161ichni n\u011bco konali. Na m\u0161i do Myslov\u00e9 kv\u016fli \u00faklidu nem\u00e1m \u0161anci jet, ale nevad\u00ed, n\u011bkdy to prost\u011b nejde. I kdy\u017e Lucie by asi jela se mnou. <\/p>\n\n\n\n<p>Je\u0161t\u011b si stihli d\u00e1t zbytek t\u00e9 pol\u00e9vky ze v\u010derej\u0161ka. Pak vyr\u00e1\u017eej\u00ed sm\u011brem k&nbsp;P\u011b\u010d\u00ednu p\u0159es \u017eidovsk\u00fd h\u0159bitov. Tak jsem se s&nbsp;\u010d\u00e1st\u00ed rozlou\u010dila a B\u011btku s&nbsp;Luci\u00ed vezu autem na ten h\u0159bitov. Vzaly jsme jim b\u00e1gly. Trochu ten h\u0159bitov hled\u00e1me, zaparkovala jsem nejd\u0159\u00edv o cestu d\u0159\u00edv, pak jdeme 2x lesem n\u011bkam trochu jinam, j\u00e1 jsem zajela s&nbsp;Felixem na d\u011bsnou cestu a on ryl podvozkem po zemi, tak se mi to pranic nel\u00edbilo. H\u0159bitov jsme ov\u0161em na\u0161ly a z\u00e1hy tam dorazili i ostatn\u00ed, co \u0161li p\u011b\u0161ky. V&nbsp;lese je velk\u00e9 sucho, ale h\u0159bitov je kr\u00e1sn\u00fd. Velmi tich\u00fd, zalit\u00fd podzimn\u00edm sluncem, s&nbsp;p\u00e1r stromy, a tich\u00fdmi n\u00e1hrobky s&nbsp;hebrej\u0161tinou. Jsou tam u\u017e i informace na desce a cel\u00e1 ze\u010f i p\u0159\u00edst\u0159e\u0161ek jsou kr\u00e1sn\u011b opraven\u00e9. Mn\u011b se pak poda\u0159ilo vyprostit Felixe z&nbsp;cesty za pomoci Otovy rady, lou\u010d\u00edme se, j\u00e1 p\u00e1d\u00edm zp\u011bt a oni jdou do P\u011b\u010d\u00edna. <\/p>\n\n\n\n<p>Nu a p\u0159ihodily se i jin\u00e9 v\u011bci b\u011bhem v\u00edkendu, ale o tom m\u00e1m jen v den\u00edku, trochu m\u011b to vykolejilo, ale je to dobr\u00e9. &#8212; V\u010dera u ohn\u011b taky padl n\u00e1vrh, \u017ee by se tu mohl konat Silvestr, tak\u017ee se neuvid\u00edme za rok, ale d\u0159\u00edv, co\u017e by bylo p\u011bkn\u00e9. Tahle olomouck\u00e1 parta sem n\u011bjak hodn\u011b pat\u0159\u00ed, n\u011bkte\u0159\u00ed z&nbsp;nich tu mo\u017en\u00e1 skon\u010d\u00ed na st\u00e1\u0159\u00ed n\u011bkde v&nbsp;maringotce, do\u017eij\u00ed-li se, ob\u010das m\u011b to tak napadne\u2026 Ale to v\u00ed jen B\u016fh. M\u00e1m je r\u00e1da.<\/p>\n\n\n<style>.kb-row-layout-id2735_67dca9-26 > .kt-row-column-wrap{align-content:start;}:where(.kb-row-layout-id2735_67dca9-26 > .kt-row-column-wrap) > .wp-block-kadence-column{justify-content:start;}.kb-row-layout-id2735_67dca9-26 > .kt-row-column-wrap{column-gap:var(--global-kb-gap-md, 2rem);row-gap:var(--global-kb-gap-md, 2rem);padding-top:var(--global-kb-spacing-sm, 1.5rem);padding-bottom:var(--global-kb-spacing-sm, 1.5rem);grid-template-columns:repeat(2, minmax(0, 1fr));}.kb-row-layout-id2735_67dca9-26 > .kt-row-layout-overlay{opacity:0.30;}@media all and (max-width: 1024px){.kb-row-layout-id2735_67dca9-26 > .kt-row-column-wrap{grid-template-columns:repeat(2, minmax(0, 1fr));}}@media all and (max-width: 767px){.kb-row-layout-id2735_67dca9-26 > .kt-row-column-wrap{grid-template-columns:minmax(0, 1fr);}}<\/style><div class=\"kb-row-layout-wrap kb-row-layout-id2735_67dca9-26 alignnone wp-block-kadence-rowlayout\"><div class=\"kt-row-column-wrap kt-has-2-columns kt-row-layout-equal kt-tab-layout-inherit kt-mobile-layout-row kt-row-valign-top\">\n<style>.kadence-column2735_af5055-6c > .kt-inside-inner-col,.kadence-column2735_af5055-6c > .kt-inside-inner-col:before{border-top-left-radius:0px;border-top-right-radius:0px;border-bottom-right-radius:0px;border-bottom-left-radius:0px;}.kadence-column2735_af5055-6c > .kt-inside-inner-col{column-gap:var(--global-kb-gap-sm, 1rem);}.kadence-column2735_af5055-6c > .kt-inside-inner-col{flex-direction:column;}.kadence-column2735_af5055-6c > .kt-inside-inner-col > .aligncenter{width:100%;}.kadence-column2735_af5055-6c > .kt-inside-inner-col:before{opacity:0.3;}.kadence-column2735_af5055-6c{position:relative;}@media all and (max-width: 1024px){.kadence-column2735_af5055-6c > .kt-inside-inner-col{flex-direction:column;justify-content:center;}}@media all and (max-width: 767px){.kadence-column2735_af5055-6c > .kt-inside-inner-col{flex-direction:column;justify-content:center;}}<\/style>\n<div class=\"wp-block-kadence-column kadence-column2735_af5055-6c\"><div class=\"kt-inside-inner-col\">\n<figure class=\"wp-block-image size-full\"><img loading=\"lazy\" decoding=\"async\" width=\"1434\" height=\"1080\" src=\"https:\/\/www.statek-uprostred.cz\/wp-content\/uploads\/2023\/10\/IMG_20230930_214242.jpg\" alt=\"\" class=\"wp-image-2747\" srcset=\"https:\/\/www.statek-uprostred.cz\/wp-content\/uploads\/2023\/10\/IMG_20230930_214242.jpg 1434w, https:\/\/www.statek-uprostred.cz\/wp-content\/uploads\/2023\/10\/IMG_20230930_214242-1200x904.jpg 1200w, https:\/\/www.statek-uprostred.cz\/wp-content\/uploads\/2023\/10\/IMG_20230930_214242-400x301.jpg 400w, https:\/\/www.statek-uprostred.cz\/wp-content\/uploads\/2023\/10\/IMG_20230930_214242-768x578.jpg 768w\" sizes=\"auto, (max-width: 1434px) 100vw, 1434px\" \/><figcaption class=\"wp-element-caption\">Ond\u0159ej nal\u00ed\u010den\u00fd od holek. M\u016fj mobil bohu\u017eel fot\u00ed ve tm\u011b rozmazan\u011b.  (Vzadu za Ondrou sed\u00ed Lucie) <\/figcaption><\/figure>\n<\/div><\/div>\n\n\n<style>.kadence-column2735_20a811-b7 > .kt-inside-inner-col,.kadence-column2735_20a811-b7 > .kt-inside-inner-col:before{border-top-left-radius:0px;border-top-right-radius:0px;border-bottom-right-radius:0px;border-bottom-left-radius:0px;}.kadence-column2735_20a811-b7 > .kt-inside-inner-col{column-gap:var(--global-kb-gap-sm, 1rem);}.kadence-column2735_20a811-b7 > .kt-inside-inner-col{flex-direction:column;}.kadence-column2735_20a811-b7 > .kt-inside-inner-col > .aligncenter{width:100%;}.kadence-column2735_20a811-b7 > .kt-inside-inner-col:before{opacity:0.3;}.kadence-column2735_20a811-b7{position:relative;}@media all and (max-width: 1024px){.kadence-column2735_20a811-b7 > .kt-inside-inner-col{flex-direction:column;justify-content:center;}}@media all and (max-width: 767px){.kadence-column2735_20a811-b7 > .kt-inside-inner-col{flex-direction:column;justify-content:center;}}<\/style>\n<div class=\"wp-block-kadence-column kadence-column2735_20a811-b7\"><div class=\"kt-inside-inner-col\">\n<figure class=\"wp-block-image size-full\"><img loading=\"lazy\" decoding=\"async\" width=\"1137\" height=\"857\" src=\"https:\/\/www.statek-uprostred.cz\/wp-content\/uploads\/2023\/10\/IMG_20230928_191337.jpg\" alt=\"\" class=\"wp-image-2750\" srcset=\"https:\/\/www.statek-uprostred.cz\/wp-content\/uploads\/2023\/10\/IMG_20230928_191337.jpg 1137w, https:\/\/www.statek-uprostred.cz\/wp-content\/uploads\/2023\/10\/IMG_20230928_191337-400x301.jpg 400w, https:\/\/www.statek-uprostred.cz\/wp-content\/uploads\/2023\/10\/IMG_20230928_191337-768x579.jpg 768w\" sizes=\"auto, (max-width: 1137px) 100vw, 1137px\" \/><figcaption class=\"wp-element-caption\">St\u016fl pod o\u0159echem p\u0159ipraven\u00fd na Darjinu oslavu, \u010dtvrtek ve\u010der.<\/figcaption><\/figure>\n<\/div><\/div>\n\n<\/div><\/div>","protected":false},"excerpt":{"rendered":"<p>Na podzimn\u00ed brig\u00e1du p\u0159ijela star\u00e1 dobr\u00e1 olomouck\u00e1 parta, Darja, Ond\u0159ej a Al\u017eb\u011bta a dva nov\u00ed lid\u00e9, Jirka a Kl\u00e1ra. Ota s\u00a0Luci\u00ed pob\u00fdvali na statku u\u017e od ned\u011ble.  A byli s n\u00e1mi taky Zbyn\u011bk s Honzou, kte\u0159\u00ed od\u0159\u00edzli ze stodoly 89 let star\u00fd tr\u00e1m. Za\u010dali jsem tak\u00e9 se stavbou op\u011brn\u00e9ho pil\u00ed\u0159e u zdi a sb\u00edrali jabka. Bylo to dobr\u00e9 a intenzivn\u00ed. Po\u010das\u00ed bylo kr\u00e1sn\u00e9, ale podivn\u00e9, st\u00e1le sv\u00edt\u00ed slunce jako v l\u00e9t\u011b.<\/p>\n","protected":false},"author":2,"featured_media":2750,"comment_status":"open","ping_status":"open","sticky":false,"template":"","format":"standard","meta":{"_kad_post_transparent":"","_kad_post_title":"","_kad_post_layout":"","_kad_post_sidebar_id":"","_kad_post_content_style":"","_kad_post_vertical_padding":"","_kad_post_feature":"","_kad_post_feature_position":"","_kad_post_header":false,"_kad_post_footer":false,"_kad_post_classname":"","footnotes":""},"categories":[28],"tags":[],"class_list":["post-2735","post","type-post","status-publish","format-standard","has-post-thumbnail","hentry","category-opravy"],"_links":{"self":[{"href":"https:\/\/www.statek-uprostred.cz\/index.php\/wp-json\/wp\/v2\/posts\/2735","targetHints":{"allow":["GET"]}}],"collection":[{"href":"https:\/\/www.statek-uprostred.cz\/index.php\/wp-json\/wp\/v2\/posts"}],"about":[{"href":"https:\/\/www.statek-uprostred.cz\/index.php\/wp-json\/wp\/v2\/types\/post"}],"author":[{"embeddable":true,"href":"https:\/\/www.statek-uprostred.cz\/index.php\/wp-json\/wp\/v2\/users\/2"}],"replies":[{"embeddable":true,"href":"https:\/\/www.statek-uprostred.cz\/index.php\/wp-json\/wp\/v2\/comments?post=2735"}],"version-history":[{"count":22,"href":"https:\/\/www.statek-uprostred.cz\/index.php\/wp-json\/wp\/v2\/posts\/2735\/revisions"}],"predecessor-version":[{"id":3127,"href":"https:\/\/www.statek-uprostred.cz\/index.php\/wp-json\/wp\/v2\/posts\/2735\/revisions\/3127"}],"wp:featuredmedia":[{"embeddable":true,"href":"https:\/\/www.statek-uprostred.cz\/index.php\/wp-json\/wp\/v2\/media\/2750"}],"wp:attachment":[{"href":"https:\/\/www.statek-uprostred.cz\/index.php\/wp-json\/wp\/v2\/media?parent=2735"}],"wp:term":[{"taxonomy":"category","embeddable":true,"href":"https:\/\/www.statek-uprostred.cz\/index.php\/wp-json\/wp\/v2\/categories?post=2735"},{"taxonomy":"post_tag","embeddable":true,"href":"https:\/\/www.statek-uprostred.cz\/index.php\/wp-json\/wp\/v2\/tags?post=2735"}],"curies":[{"name":"wp","href":"https:\/\/api.w.org\/{rel}","templated":true}]}}