{"id":1177,"date":"2020-09-14T16:17:00","date_gmt":"2020-09-14T14:17:00","guid":{"rendered":"https:\/\/www.statek-uprostred.cz\/?p=1177"},"modified":"2023-08-04T13:14:01","modified_gmt":"2023-08-04T11:14:01","slug":"zari-2020-dalsi-brigada-s-lidmi-kolem-lfs","status":"publish","type":"post","link":"https:\/\/www.statek-uprostred.cz\/index.php\/zari-2020-dalsi-brigada-s-lidmi-kolem-lfs\/1177\/","title":{"rendered":"Dal\u0161\u00ed brig\u00e1da s lidmi kolem LF\u0160. Z\u00e1\u0159\u00ed 2020"},"content":{"rendered":"\n<p>11.\u201313. z\u00e1\u0159\u00ed p\u0159ijeli znovu lidi kolem LF\u0160: D\u00e9mon, Ota, Jakub, Darja a Lucie. S nimi tentokr\u00e1t n\u011bkolik nov\u00fdch: Silvie, Honza, Ani\u010dka, Zden\u011bk a mal\u00e1 Marj\u00e1nka. Otlouk\u00e1me om\u00edtku v chodb\u011b, p\u0159ipravuje se d\u0159evo na zimu, sb\u00edraj\u00ed \u0161pendl\u00edky na p\u00e1lenku. V\u0161ichni jsme si dob\u0159e rozum\u011bli, jako sehran\u00e1 parta. <\/p>\n\n\n<style>.kb-row-layout-id1177_c6b6ca-3e > .kt-row-column-wrap{align-content:start;}:where(.kb-row-layout-id1177_c6b6ca-3e > .kt-row-column-wrap) > .wp-block-kadence-column{justify-content:start;}.kb-row-layout-id1177_c6b6ca-3e > .kt-row-column-wrap{column-gap:var(--global-kb-gap-md, 2rem);row-gap:var(--global-kb-gap-md, 2rem);padding-top:var(--global-kb-spacing-sm, 1.5rem);padding-bottom:var(--global-kb-spacing-sm, 1.5rem);grid-template-columns:repeat(2, minmax(0, 1fr));}.kb-row-layout-id1177_c6b6ca-3e > .kt-row-layout-overlay{opacity:0.30;}@media all and (max-width: 1024px){.kb-row-layout-id1177_c6b6ca-3e > .kt-row-column-wrap{grid-template-columns:repeat(2, minmax(0, 1fr));}}@media all and (max-width: 767px){.kb-row-layout-id1177_c6b6ca-3e > .kt-row-column-wrap{grid-template-columns:minmax(0, 1fr);}}<\/style><div class=\"kb-row-layout-wrap kb-row-layout-id1177_c6b6ca-3e alignnone wp-block-kadence-rowlayout\"><div class=\"kt-row-column-wrap kt-has-2-columns kt-row-layout-equal kt-tab-layout-inherit kt-mobile-layout-row kt-row-valign-top\">\n<style>.kadence-column1177_a4df0f-e7 > .kt-inside-inner-col,.kadence-column1177_a4df0f-e7 > .kt-inside-inner-col:before{border-top-left-radius:0px;border-top-right-radius:0px;border-bottom-right-radius:0px;border-bottom-left-radius:0px;}.kadence-column1177_a4df0f-e7 > .kt-inside-inner-col{column-gap:var(--global-kb-gap-sm, 1rem);}.kadence-column1177_a4df0f-e7 > .kt-inside-inner-col{flex-direction:column;}.kadence-column1177_a4df0f-e7 > .kt-inside-inner-col > .aligncenter{width:100%;}.kadence-column1177_a4df0f-e7 > .kt-inside-inner-col:before{opacity:0.3;}.kadence-column1177_a4df0f-e7{position:relative;}@media all and (max-width: 1024px){.kadence-column1177_a4df0f-e7 > .kt-inside-inner-col{flex-direction:column;justify-content:center;}}@media all and (max-width: 767px){.kadence-column1177_a4df0f-e7 > .kt-inside-inner-col{flex-direction:column;justify-content:center;}}<\/style>\n<div class=\"wp-block-kadence-column kadence-column1177_a4df0f-e7\"><div class=\"kt-inside-inner-col\">\n<figure class=\"wp-block-image size-full\"><img loading=\"lazy\" decoding=\"async\" width=\"1380\" height=\"663\" src=\"https:\/\/www.statek-uprostred.cz\/wp-content\/uploads\/2023\/08\/IMG_20200912_141825.jpg\" alt=\"\" class=\"wp-image-1178\" srcset=\"https:\/\/www.statek-uprostred.cz\/wp-content\/uploads\/2023\/08\/IMG_20200912_141825.jpg 1380w, https:\/\/www.statek-uprostred.cz\/wp-content\/uploads\/2023\/08\/IMG_20200912_141825-1280x615.jpg 1280w, https:\/\/www.statek-uprostred.cz\/wp-content\/uploads\/2023\/08\/IMG_20200912_141825-300x144.jpg 300w, https:\/\/www.statek-uprostred.cz\/wp-content\/uploads\/2023\/08\/IMG_20200912_141825-768x369.jpg 768w\" sizes=\"auto, (max-width: 1380px) 100vw, 1380px\" \/><\/figure>\n<\/div><\/div>\n\n\n<style>.kadence-column1177_e5a83f-b6 > .kt-inside-inner-col,.kadence-column1177_e5a83f-b6 > .kt-inside-inner-col:before{border-top-left-radius:0px;border-top-right-radius:0px;border-bottom-right-radius:0px;border-bottom-left-radius:0px;}.kadence-column1177_e5a83f-b6 > .kt-inside-inner-col{column-gap:var(--global-kb-gap-sm, 1rem);}.kadence-column1177_e5a83f-b6 > .kt-inside-inner-col{flex-direction:column;}.kadence-column1177_e5a83f-b6 > .kt-inside-inner-col > .aligncenter{width:100%;}.kadence-column1177_e5a83f-b6 > .kt-inside-inner-col:before{opacity:0.3;}.kadence-column1177_e5a83f-b6{position:relative;}@media all and (max-width: 1024px){.kadence-column1177_e5a83f-b6 > .kt-inside-inner-col{flex-direction:column;justify-content:center;}}@media all and (max-width: 767px){.kadence-column1177_e5a83f-b6 > .kt-inside-inner-col{flex-direction:column;justify-content:center;}}<\/style>\n<div class=\"wp-block-kadence-column kadence-column1177_e5a83f-b6\"><div class=\"kt-inside-inner-col\">\n<figure class=\"wp-block-image size-full\"><img loading=\"lazy\" decoding=\"async\" width=\"1380\" height=\"663\" src=\"https:\/\/www.statek-uprostred.cz\/wp-content\/uploads\/2023\/08\/IMG_20200912_151638.jpg\" alt=\"\" class=\"wp-image-1179\" srcset=\"https:\/\/www.statek-uprostred.cz\/wp-content\/uploads\/2023\/08\/IMG_20200912_151638.jpg 1380w, https:\/\/www.statek-uprostred.cz\/wp-content\/uploads\/2023\/08\/IMG_20200912_151638-1280x615.jpg 1280w, https:\/\/www.statek-uprostred.cz\/wp-content\/uploads\/2023\/08\/IMG_20200912_151638-300x144.jpg 300w, https:\/\/www.statek-uprostred.cz\/wp-content\/uploads\/2023\/08\/IMG_20200912_151638-768x369.jpg 768w\" sizes=\"auto, (max-width: 1380px) 100vw, 1380px\" \/><figcaption class=\"wp-element-caption\">D\u00e9mon poprv\u00e9 p\u0159ijel se svou budouc\u00ed \u017eenou Silvi\u00ed. <\/figcaption><\/figure>\n<\/div><\/div>\n\n<\/div><\/div>\n\n\n<h2 class=\"wp-block-heading\">P\u00e1tek 11. z\u00e1\u0159\u00ed<\/h2>\n\n\n\n<p>Vyj\u00ed\u017ed\u00edm ze Star\u00e9 \u0158\u00ed\u0161e po p\u016fl \u0161est\u00fd, Jakub Fi\u0161er mi psal, \u017ee bude v&nbsp;Tel\u010di, nab\u00edr\u00e1m ho na parkovi\u0161ti. R\u00e1da ho vid\u00edm. Cestou se bav\u00edme o tom, co d\u011blal, jak \u017eije, jak \u017eiju j\u00e1. Na statku je\u0161t\u011b nikdo nen\u00ed, ukazuju mu sednici, od doby, co tady byli naposled, v&nbsp;kv\u011btnu, to tam hodn\u011b pokro\u010dilo, ze star\u00e9ho tam u\u017e nez\u016fstalo nic, jsou t\u00e9m\u011b\u0159 hotov\u00e9 om\u00edtky, na podlaze chyb\u00ed jen fo\u0161ny, na strop\u011b jsou nov\u00fd tr\u00e1my, ale je\u0161t\u011b ne prkna. Chodba je taky zpola hotov\u00e1. Chci je\u0161t\u011b trochu vyt\u0159\u00edt po \u0159emesln\u00edc\u00edch. Jakub si prohl\u00ed\u017e\u00ed statek.<\/p>\n\n\n\n<p>Pak teda p\u0159ij\u00ed\u017ed\u00ed prvn\u00ed auto. \u0158\u00edd\u00ed D\u00e9mon, veze sebou Silvii, se kterou se sezn\u00e1mil na Letn\u00ed filosofick\u00e9 \u0161kole a te\u010f spolu chod\u00ed. Silvie vystudovala matematiku, ned\u00e1vno m\u011bla promoci, a te\u010f bude d\u011blat doktor\u00e1t. S&nbsp;nima jedou Ota a Darja. Jsem r\u00e1da, \u017ee Darja p\u0159ijela znova, dob\u0159e zapad\u00e1 do party. A nov\u011b p\u0159ijel Honza, vid\u011bla jsem se s&nbsp;n\u00edm na Letn\u00ed filosofick\u00e9 \u0161kole, pat\u0159\u00ed k organiz\u00e1tor\u016fm. Kluci \u0161li dozadu pro d\u0159evo, zapomn\u011bla jsem, \u017ee tam je je\u0161t\u011b jedna hromada vzadu na zahrad\u011b, ob\u00e1vala jsem se, \u017ee nebudeme m\u00edt pomalu u\u017e co p\u00e1lit, ohn\u011b se tady d\u011blaj\u00ed ve velk\u00fdm. Kdy\u017e se stm\u00edv\u00e1, p\u0159ij\u00ed\u017ed\u00ed dal\u0161\u00ed auto: Lucie (a samoz\u0159ejm\u011b pes Andy), tentokr\u00e1t bez Ivana, ten je zase pracovn\u011b ve Francii. S&nbsp;nimi jede jedna mil\u00e1 rodina: Ani\u010dka, Zden\u011bk a jejich dcera Marj\u00e1nka. Ti tady je\u0161t\u011b nebyli. Ani\u010dka je architektka, Zden\u011bk aj\u0165\u00e1k.<\/p>\n\n\n\n<p>Tentokr\u00e1t byla parta dob\u0159e sestaven\u00e1, p\u0159ipadalo mi, \u017ee jsme si v\u0161ichni dob\u0159e sedli, nic nikde nedrhlo, v\u0161echno do sebe dob\u0159e zapadalo. Nic velk\u00fdho jsme ve\u010der u\u017e nekonali, proto\u017ee byla tma, tak\u017ee se rozd\u011blal ohe\u0148 a bavili jsme se. Vtipn\u011b se \u0159e\u0161ilo, kde kdo bude sp\u00e1t, kdo p\u0159ivezl a nep\u0159ivezl stan. Nakonec teda Ani\u010dka s&nbsp;rodinou m\u011bli vejminku, j\u00e1 jsem si je\u0161t\u011b p\u0159ed setm\u011bn\u00edm stihla postavit sv\u016fj vratk\u00fd stan u z\u00e1hona, bylo to poprv\u00e9, kupodivu, co jsem stanovala na vlastn\u00edm pozemku. Jedna ty\u010d byla zlomen\u00e1, skepticky jsem na to pohl\u00ed\u017eela, ale Ota, kter\u00fd m\u00e1 se stanov\u00e1n\u00edm letit\u00e9 zku\u0161enosti, pravil, \u017ee je to dobr\u00fd, tak jsem to \u201ezkolaudovala\u201c. Jenom nesm\u00ed pr\u0161et. Ota si postavil stan v\u00edc vzadu u s\u00edt\u011b. D\u00e9mon se Silvi\u00ed si postavili stan a\u017e vzadu na zahrad\u011b, aby m\u011bli soukrom\u00ed. Honza nakonec spal na t\u00e9 posteli, co je ulo\u017een\u00e1 ve Skal\u00e1kov\u011b s\u00edni. A Darja, Lucie a Jakub byli v&nbsp;hosti\u0148\u00e1ku. Tak\u017ee kupodivu, a\u010dkoli s&nbsp;prostorem je to te\u010f kv\u016fli rozvrtanosti sednice a naprost\u00e9 zarovnanosti Skal\u00e1kovy s\u00edn\u011b pon\u011bkud tristn\u00ed, v\u0161ichni jsme se ve\u0161li.<\/p>\n\n\n\n<p>Hovory si moc nepamatuju, ale bylo to takov\u00fd uvoln\u011bn\u00fd a lidi se bavili i mezi sebou ve dvojic\u00edch, jak n\u00e1s bylo v\u00edc. Ptala jsem se Silvie taky na jej\u00ed studium. Ona toti\u017e studovala abstraktn\u00ed matematiku, \u017e\u00e1dnou aplikovanou, to m\u011b zaujalo, p\u0159ipad\u00e1 mi to v&nbsp;n\u011b\u010dem hodn\u011b podobn\u00e9 jako filosofie. Lucie vyzv\u00eddala, jak se sezn\u00e1mili, ale ostatn\u00ed ani j\u00e1 jsme do toho necht\u011bli moc vrtat, a\u010dkoli zv\u011bdavost byla. Mn\u011b se to ale po celou dobu velmi l\u00edbilo, \u017ee jsou tihle dva spolu, p\u0159ipad\u00e1 mi, \u017ee se k&nbsp;sob\u011b hod\u00ed, a bylo prost\u011b p\u011bkn\u00fd vid\u011bt, jak jsou zamilovan\u00ed. Dokonce mi p\u0159i\u0161lo, \u017ee jsou si trochu podobn\u00ed. Byla s&nbsp;t\u00edm ov\u0161em tak\u00e9 legrace, jak by ne. Oni m\u011bli tendenci neust\u00e1le n\u011bkam mizet a ostatn\u00ed na to pou\u017e\u00edvali takov\u00fd srandovn\u00ed slova, zapamatovala jsem si \u201edlachmat\u201c. To je ta D\u00e9monova han\u00e1\u010dtina, kter\u00e1 je naprosto bezvadn\u00e1. \u201eDlachmat\u201c znamen\u00e1 \u201etisknout, ma\u010dkat (d\u00edvku)\u201c, tak\u017ee t\u00e9to \u010dinnosti se D\u00e9mon hojn\u011b v\u011bnoval, a\u017e mi do\u0161lo, jak\u00fd hromady pr\u00e1ce on v\u017edycky ud\u011bl\u00e1, te\u010f d\u011blal m\u00e9n\u011b, ale bylo mu to velmi p\u0159\u00e1no. Nen\u00ed tady jen sam\u00e1 pr\u00e1ce, j\u00e1 je v\u017edycky v\u0161echny ponouk\u00e1m, aby se bavili a d\u011blali jen to, co cht\u011bj\u00ed.<\/p>\n\n\n\n<p>Honza je l\u00e9k\u00e1rn\u00edk a z\u00e1rove\u0148 studuje filosofii, \u0159\u00edkal mi o v\u00fdzkumu, kter\u00fd bude d\u011blat. Pr\u00fd chce zkoumat mezi zdravotn\u00edky n\u011bjak\u00e1 tvrzen\u00ed z&nbsp;jak\u00e9hosi slavn\u00e9ho filosofick\u00e9ho \u010dl\u00e1nku. Je to o tom, \u010demu v\u011b\u0159\u00edme, jak\u00fdm divn\u00fdm v\u011bt\u00e1m, nap\u0159\u00edklad r\u016fzn\u00fdm ezo-v\u011bt\u00e1m nebo zcela subjektivn\u00edm tvrzen\u00edm a pro\u010d tomu lidi v\u011b\u0159\u00ed. Ota byl na n\u011bjak\u00e9m klimakempu, cht\u011bla jsem se o tom v\u00edc dozv\u011bd\u011bt, ale nakonec jsme se k&nbsp;tomu n\u011bjak nedostali.<\/p>\n\n\n\n<p>D\u00e9mon se Silvi\u00ed \u0161li sp\u00e1t p\u0159ed jednou hodinou, j\u00e1 za chvilku taky, ostatn\u00ed tam sed\u011bli asi a\u017e do t\u0159\u00ed. J\u00e1 jsem se pokou\u0161ela usnout v&nbsp;tom stanu, podlaha byla trochu nak\u0159ivo a ono to fungovalo v\u0161echno jako jak\u00fdsi zesilova\u010d zvuk\u016f, zkou\u0161ela jsem si narvat \u0161punty jak\u00e9si do u\u0161\u00ed, co\u017e trochu pomohlo. Oni pak je\u0161t\u011b zp\u00edvali, p\u011bkn\u011b, tak m\u011b t\u011b\u0161ilo, \u017ee se bav\u00ed, to m\u011b v\u017edycky t\u011b\u0161\u00ed. Pak kdy\u017e to utichlo, tak kolem 4. hodiny n\u011bkdo ve vsi nastartoval traktor, \u0159vouc\u00ed velice, a vyjel mocn\u011b do pr\u00e1ce. To u\u017e jsem trochu \u00fap\u011bla\u2026 Pak tam divoce k\u0159i\u010deli jac\u00edsi pt\u00e1ci. No, je vid\u011bt, \u017ee nejsem u\u017e zvykl\u00e1 sp\u00e1t venku, to asi bude to st\u00e1\u0159\u00ed. K&nbsp;r\u00e1nu jsem ale p\u00e1r hodin spala a zd\u00e1ly se mi divok\u00fd sny.<\/p>\n\n\n<style>.kb-row-layout-id1177_752a0b-cd > .kt-row-column-wrap{align-content:start;}:where(.kb-row-layout-id1177_752a0b-cd > .kt-row-column-wrap) > .wp-block-kadence-column{justify-content:start;}.kb-row-layout-id1177_752a0b-cd > .kt-row-column-wrap{column-gap:var(--global-kb-gap-md, 2rem);row-gap:var(--global-kb-gap-md, 2rem);padding-top:var(--global-kb-spacing-sm, 1.5rem);padding-bottom:var(--global-kb-spacing-sm, 1.5rem);grid-template-columns:repeat(2, minmax(0, 1fr));}.kb-row-layout-id1177_752a0b-cd > .kt-row-layout-overlay{opacity:0.30;}@media all and (max-width: 1024px){.kb-row-layout-id1177_752a0b-cd > .kt-row-column-wrap{grid-template-columns:repeat(2, minmax(0, 1fr));}}@media all and (max-width: 767px){.kb-row-layout-id1177_752a0b-cd > .kt-row-column-wrap{grid-template-columns:minmax(0, 1fr);}}<\/style><div class=\"kb-row-layout-wrap kb-row-layout-id1177_752a0b-cd alignnone wp-block-kadence-rowlayout\"><div class=\"kt-row-column-wrap kt-has-2-columns kt-row-layout-equal kt-tab-layout-inherit kt-mobile-layout-row kt-row-valign-top\">\n<style>.kadence-column1177_e0d1f9-c4 > .kt-inside-inner-col,.kadence-column1177_e0d1f9-c4 > .kt-inside-inner-col:before{border-top-left-radius:0px;border-top-right-radius:0px;border-bottom-right-radius:0px;border-bottom-left-radius:0px;}.kadence-column1177_e0d1f9-c4 > .kt-inside-inner-col{column-gap:var(--global-kb-gap-sm, 1rem);}.kadence-column1177_e0d1f9-c4 > .kt-inside-inner-col{flex-direction:column;}.kadence-column1177_e0d1f9-c4 > .kt-inside-inner-col > .aligncenter{width:100%;}.kadence-column1177_e0d1f9-c4 > .kt-inside-inner-col:before{opacity:0.3;}.kadence-column1177_e0d1f9-c4{position:relative;}@media all and (max-width: 1024px){.kadence-column1177_e0d1f9-c4 > .kt-inside-inner-col{flex-direction:column;justify-content:center;}}@media all and (max-width: 767px){.kadence-column1177_e0d1f9-c4 > .kt-inside-inner-col{flex-direction:column;justify-content:center;}}<\/style>\n<div class=\"wp-block-kadence-column kadence-column1177_e0d1f9-c4\"><div class=\"kt-inside-inner-col\">\n<figure class=\"wp-block-image size-full\"><img loading=\"lazy\" decoding=\"async\" width=\"1380\" height=\"663\" src=\"https:\/\/www.statek-uprostred.cz\/wp-content\/uploads\/2023\/08\/IMG_20200912_112631.jpg\" alt=\"\" class=\"wp-image-1180\" srcset=\"https:\/\/www.statek-uprostred.cz\/wp-content\/uploads\/2023\/08\/IMG_20200912_112631.jpg 1380w, https:\/\/www.statek-uprostred.cz\/wp-content\/uploads\/2023\/08\/IMG_20200912_112631-1280x615.jpg 1280w, https:\/\/www.statek-uprostred.cz\/wp-content\/uploads\/2023\/08\/IMG_20200912_112631-300x144.jpg 300w, https:\/\/www.statek-uprostred.cz\/wp-content\/uploads\/2023\/08\/IMG_20200912_112631-768x369.jpg 768w\" sizes=\"auto, (max-width: 1380px) 100vw, 1380px\" \/><figcaption class=\"wp-element-caption\">Ota a Zden\u011bk \u0161t\u00edpou d\u0159evo<\/figcaption><\/figure>\n<\/div><\/div>\n\n\n<style>.kadence-column1177_5847a8-92 > .kt-inside-inner-col,.kadence-column1177_5847a8-92 > .kt-inside-inner-col:before{border-top-left-radius:0px;border-top-right-radius:0px;border-bottom-right-radius:0px;border-bottom-left-radius:0px;}.kadence-column1177_5847a8-92 > .kt-inside-inner-col{column-gap:var(--global-kb-gap-sm, 1rem);}.kadence-column1177_5847a8-92 > .kt-inside-inner-col{flex-direction:column;}.kadence-column1177_5847a8-92 > .kt-inside-inner-col > .aligncenter{width:100%;}.kadence-column1177_5847a8-92 > .kt-inside-inner-col:before{opacity:0.3;}.kadence-column1177_5847a8-92{position:relative;}@media all and (max-width: 1024px){.kadence-column1177_5847a8-92 > .kt-inside-inner-col{flex-direction:column;justify-content:center;}}@media all and (max-width: 767px){.kadence-column1177_5847a8-92 > .kt-inside-inner-col{flex-direction:column;justify-content:center;}}<\/style>\n<div class=\"wp-block-kadence-column kadence-column1177_5847a8-92\"><div class=\"kt-inside-inner-col\">\n<figure class=\"wp-block-image size-full\"><img loading=\"lazy\" decoding=\"async\" width=\"1380\" height=\"663\" src=\"https:\/\/www.statek-uprostred.cz\/wp-content\/uploads\/2023\/08\/IMG_20200912_111252.jpg\" alt=\"\" class=\"wp-image-1181\" srcset=\"https:\/\/www.statek-uprostred.cz\/wp-content\/uploads\/2023\/08\/IMG_20200912_111252.jpg 1380w, https:\/\/www.statek-uprostred.cz\/wp-content\/uploads\/2023\/08\/IMG_20200912_111252-1280x615.jpg 1280w, https:\/\/www.statek-uprostred.cz\/wp-content\/uploads\/2023\/08\/IMG_20200912_111252-300x144.jpg 300w, https:\/\/www.statek-uprostred.cz\/wp-content\/uploads\/2023\/08\/IMG_20200912_111252-768x369.jpg 768w\" sizes=\"auto, (max-width: 1380px) 100vw, 1380px\" \/><figcaption class=\"wp-element-caption\">Lucie s Ani\u010dkou sb\u00edraj\u00ed \u0161pendl\u00edky<\/figcaption><\/figure>\n<\/div><\/div>\n\n<\/div><\/div>\n\n\n<h2 class=\"wp-block-heading\">Sobota 12. z\u00e1\u0159\u00ed<\/h2>\n\n\n\n<p>Cel\u00fd den bylo kr\u00e1sn\u011b, ide\u00e1ln\u00ed po\u010das\u00ed, z\u00e1\u0159iv\u00e9 slunce, u\u017e nepatrn\u011b podzimn\u00ed, a teplo. Vst\u00e1v\u00e1m n\u011bjak v&nbsp;9, vyspan\u00e1 si nep\u0159ipad\u00e1m, ale to nevad\u00ed, n\u00e1lada je dobr\u00e1. D\u00e9mon byl na sn\u00eddani ve vejmince, pak postupn\u011b v\u0161ichni vst\u00e1vaj\u00ed, sn\u00edd\u00e1me u toho venkovn\u00edho stolu. Zji\u0161\u0165uju, co bude pot\u0159eba koupit. Darja se chyst\u00e1 va\u0159it a nen\u00ed olej a dal\u0161\u00ed suroviny. Chce se mi pracovat, ale n\u00e1kup je taky d\u016fle\u017eitej. Rozd\u00edl\u00edm \u00fakoly, Zden\u011bk se hned ch\u00e1pe d\u00edla ve d\u0159evn\u00edku, je t\u0159eba za\u010d\u00edt rovnat d\u0159evo, kter\u00fd je such\u00fd, navozit dal\u0161\u00ed, toho se uj\u00edm\u00e1 Jakub, a Honza jde ihned otloukat om\u00edtku v&nbsp;chodb\u011b. Ani\u010dce a Lucii p\u0159id\u011bluju sb\u00edr\u00e1n\u00ed \u0161pendl\u00edk\u016f za vejminkou. Usmyslela jsem si toti\u017e, \u017ee kone\u010dn\u011b d\u00e1m tenhle rok vyp\u00e1lit \u201e\u0161pendl\u00edkovici\u201c, aby byla na statku n\u011bjak\u00e1 \u201etvrd\u00e1 m\u011bna\u201c: Jedna kamar\u00e1dka (Martina Luk\u00e1\u0161kov\u00e1) mi toti\u017e vypr\u00e1v\u011bla, \u017ee v&nbsp;dob\u00e1ch krize, kdy nic nefunguje, se jako jedin\u00e1 m\u011bna osv\u011bd\u010duje tvrdej alkohol, tak c\u00edlen\u011b za\u010d\u00edn\u00e1m vytv\u00e1\u0159et z\u00e1soby, sama to nepiju (i kdy\u017e \u0161pendl\u00edkovici samoz\u0159ejm\u011b ochutn\u00e1m). A Ani\u010dka m\u00e1 vyvrtnutej kotn\u00edk, tak\u017ee sb\u00edr\u00e1n\u00ed je celkem vhodn\u00e1 pr\u00e1ce.<\/p>\n\n\n\n<p>J\u00e1 ov\u0161em vyj\u00ed\u017ed\u00edm na n\u00e1kup a a\u017e v&nbsp;Da\u010dic\u00edch p\u0159ed obchodem jsem uz\u0159ela, \u017ee lidi chod\u011bj v&nbsp;n\u00e1hubc\u00edch a j\u00e1 jsem ho samoz\u0159ejm\u011b zapomn\u011bla, tak se vrac\u00edm. Op\u011bt jedu. Nakupuju v&nbsp;Lidlu, dv\u011b basy piva a potraviny. Vozila jsem si mobil v&nbsp;ko\u0161\u00edku na t\u00e9 seda\u010dce pro d\u011bti a n\u011bjak se mi to nezd\u00e1lo, ale vozila jsem d\u00e1l. A\u017e jsem tam mil\u00fd mobil p\u0159irazila i se seda\u010dkou ke st\u011bn\u011b ko\u0161\u00edku a v&nbsp;bla\u017een\u00e9 nev\u011bdomosti vyjela zp\u011bt. Na statku to \u017eije, v\u0161ude se pracuje, j\u00e1 se p\u0159evl\u00edk\u00e1m do pracovn\u00edho, posl\u00e9ze zji\u0161\u0165uju, \u017ee nem\u00e1m mobil. U\u017e jsem hledala tenhle den v\u00edc v\u011bc\u00ed, proto\u017ee v&nbsp;nevysp\u00e1n\u00ed d\u011bl\u00e1m tyhle kraviny, \u017ee v\u0161ude v\u0161echno zapom\u00edn\u00e1m a co si ne\u0159eknu nahlas, nev\u00edm. Tak\u017ee s&nbsp;Otovou pomoc\u00ed vol\u00e1m na linku Lidlu, oni volaj\u00ed do Da\u010dic, mobil tam pr\u00fd zat\u00edm nena\u0161li. Tak zase mus\u00edm jet do Da\u010dic a u\u017e jsem si dost odporn\u00e1. Ho\u0159ekuju nad t\u00edm, jak je t\u011b\u017ek\u00e9 \u017e\u00edt s\u00e1m se sebou, na to Ota prav\u00ed: \u201eTo mi pov\u00eddej.\u201c D\u016fkladn\u011b jsem se modlila k&nbsp;and\u011blovi str\u00e1\u017en\u00e9mu, aby mi mobil ohl\u00eddal. Ale to je\u017ed\u011bn\u00ed m\u011b u\u017e trochu \u0161tvalo, tak jsem to brala m\u00edsty i stovkou. A hle, mobil byl tam, kde jsem ho zav\u0159ela, nikdo si m\u016fj ko\u0161\u00edk nevzal, naopak ho je\u0161t\u011b zavalili dal\u0161\u00edmi ko\u0161\u00edky.<\/p>\n\n\n\n<p>Kone\u010dn\u011b se tedy p\u0159evl\u00edk\u00e1m do pracovn\u00edho, ov\u0161em vid\u00edm, \u017ee pr\u00e1ce je ji\u017e jaksi t\u00e9m\u011b\u0159 hotova. Honza je d\u011bsn\u011b rychlej, m\u00e1 u\u017e oml\u00e1ceno v\u0161e, jen sp\u00e1ry nejsou je\u0161t\u011b vy\u0161kr\u00e1ban\u00fd. Jakub navozil celou hromadu d\u0159eva na \u0159ez\u00e1n\u00ed. Lucie s&nbsp;Ani\u010dkou sb\u00edraj\u00ed za vejminkou, maj\u00ed tam i Marj\u00e1nku, vyfotila jsem je u toho a m\u00e1m radost, jak se jim pln\u00ed ten 60litrov\u00fd soudek. Zden\u011bk s&nbsp;Otou se \u010dinili v&nbsp;d\u0159evn\u00edku, Ota mo\u017en\u00e1 taky vozil, j\u00e1 se omlouv\u00e1m, \u017ee nev\u00edm p\u0159esn\u011b, co kdo \u010dinil. Zden\u011bk pak za\u010dal \u0161t\u00edpat to d\u0159evo, co jsem na\u0159ezala na cirkul\u00e1rce minul\u00fd t\u00fdden s&nbsp;p\u0159\u00e1teli, \u0161t\u00edpal a \u0161t\u00edpal, taky to rozkl\u00e1dal po tr\u00e1v\u011b a su\u0161il, a v&nbsp;d\u0159evn\u00edku mi vyskl\u00e1dal p\u0159ekr\u00e1sn\u00e9, dokonale rovn\u00e9 dv\u011b \u0159ady d\u0159eva. To mil\u00fd d\u0159evn\u00edk je\u0161t\u011b nevid\u011bl, takovou precizn\u00ed pr\u00e1ci. Holt aj\u0165\u00e1k i ve d\u0159evu kon\u00e1 precizn\u00ed d\u00edlo.<\/p>\n\n\n\n<p>Darja va\u0159ila ten ob\u011bd, mo\u017en\u00e1 je\u0161t\u011b n\u011bkdo s&nbsp;n\u00ed, asi pom\u00e1hali s&nbsp;kr\u00e1jen\u00edm a tak, to se taky omlouv\u00e1m, \u017ee nev\u00edm. J\u00e1 jsem na to nes\u00e1hla v\u016fbec, ale pak jsme zasedli a bylo to vynikaj\u00edc\u00ed, takov\u00e1 dobr\u00e1 sm\u011bs \u0159epy, \u010do\u010dky, brambor, vegansk\u00fd j\u00eddlo v\u00fdborn\u00fd. Andymu jsem p\u0159ivezla bal\u00ed\u010dek masa z&nbsp;Lidlu, Lucka mu to va\u0159ila. Rozlo\u017eili jsme se k&nbsp;odpo\u010dinku a k\u00e1v\u011b kolem stolu, j\u00e1 jsem si lehla na kl\u00e1dy. R\u016fzn\u011b hovo\u0159\u00edme, D\u00e9mon l\u00e1skypln\u011b dlachm\u00e1 Silvii, fot\u00edm je u toho. Ota se m\u011b pt\u00e1 na k\u0159es\u0165ansk\u00fd anarchismus, psala jsem mu toti\u017e, \u017ee m\u011b to za\u010dalo hodn\u011b zaj\u00edmat a mo\u017en\u00e1 chci pozvat do Vyd\u0159\u00ed tu skupinu Pr\u00e1zdn\u00e9 tr\u016fny, kte\u0159\u00ed se t\u00edm zab\u00fdvaj\u00ed, tak zkoum\u00e1, v&nbsp;jak\u00e9 je to f\u00e1zi. Jdu si pak zacvi\u010dit j\u00f3gu do \u201epralesa\u201c. V\u011bt\u0161ina lidu odch\u00e1z\u00ed na houby, D\u00e9mon se Silvi\u00ed se n\u011bkde za\u0161\u00edvaj\u00ed.<\/p>\n\n\n\n<p>J\u00e1 jdu kone\u010dn\u011b pracovat, vy\u0161krabuju sp\u00e1ry v&nbsp;chodb\u011b. P\u0159ich\u00e1z\u00ed pak taky Honza. \u0160kr\u00e1beme a ob\u010das si pov\u00edd\u00e1me. Sousedka chyst\u00e1 p\u0159ed statkem tzv. zp\u00edv\u00e1n\u00ed, to je akce t\u00fdden p\u0159ed svatbou, s&nbsp;hudbou a pit\u00edm, rozj\u00ed\u017ed\u00ed se to tam cel\u00e9 odpoledne, \u00fa\u010dastn\u00ed se toho v\u011bt\u0161ina lid\u00ed ze vsi, tak si pov\u00edd\u00e1me o svatb\u00e1ch a j\u00e1 vysv\u011btluju, \u017ee m\u011b tyhle spole\u010densk\u00fd akce nebav\u00ed, nep\u0159ipad\u00e1 mi to moc jako z\u00e1bava, hlavn\u011b je to hrozn\u011b dlouh\u00fd, a rad\u0161i pracuju, to je holt moje pojet\u00ed z\u00e1bavy. Vy\u0161kr\u00e1bali jsme skoro v\u0161echno, je z&nbsp;toho hromada suti a prachu. Kluci taky pr\u016fb\u011b\u017en\u011b ty hory suti a om\u00edtky odv\u00e1\u017eeli, v\u0161echno vyvezli. P\u0159ich\u00e1z\u00ed D\u00e9mon, taky \u0161kr\u00e1be a pak lezeme na p\u016fdu sh\u00e1zet p\u00e1r k\u0159\u00e1p\u016f, kter\u00e9 jsou navalen\u00e9 na klenb\u011b koupelny, co\u017e m\u011b roz\u010diluje. Sh\u00e1zeli jsme hromadu star\u00fdch d\u0159ev\u011bn\u00fdch pelest\u00ed, Honza to dole p\u0159eb\u00edral a odn\u00e1\u0161el k&nbsp;ohni\u0161ti. Dv\u011b kr\u00e1sn\u00fd vy\u0159ez\u00e1van\u00fd pelesti jsem si schovala na p\u0159\u00edpadn\u00e9 pozd\u011bj\u0161\u00ed pou\u017eit\u00ed. Potahovali jsme tam taky t\u011b\u017ekou \u017eeleznou postel, ale nepoda\u0159ilo se n\u00e1m ji spustit dol\u016f. Honza musel toti\u017e odjet u\u017e, D\u00e9mon ho veze na vlak.<\/p>\n\n\n\n<p>Jakub za\u010dal zametat chodbu a z\u00e1pra\u017e\u00ed, tak jsem se k&nbsp;n\u011bmu p\u0159idala a v&nbsp;n\u00e1valu akce jsme vyvezli celou hromadu odporn\u00e9 suti ze z\u00e1pra\u017e\u00ed, povozila jsem si taky kone\u010dn\u011b p\u00e1r pln\u011b nalo\u017een\u00fdch kole\u010dek, to mi v\u017edy ud\u011bl\u00e1 dob\u0159e. P\u0159eb\u00edrali jsme cihly a vystav\u011bli z&nbsp;toho \u00fahlednou hrom\u00e1dku. V\u00fdprava houbov\u00e1 (byli na n\u00ed Ota, Darja, Zden\u011bk \u2013 to byl vedouc\u00ed v\u00fdpravy, neb je velk\u00fd mykolog, Jakub se taky k&nbsp;nim p\u0159idal) p\u0159inesla mno\u017estv\u00ed hub. Ale Ota shledal, \u017ee m\u00edsto, kde je\u0161t\u011b minul\u00fd rok rostla spousta v\u00e1clavek, je se\u017er\u00e1no k\u016frovcem. [Nicm\u00e9n\u011b v&nbsp;pozdn\u00edm podzimu jsem shledala, \u017ee se v\u00e1clavky houfn\u011b p\u0159est\u011bhovaly do m\u00e9 p\u0159edzahr\u00e1dky! To teda m\u011bly dobr\u00fd n\u00e1pad.] Tak houby o\u010distili, Zden\u011bk si vzal atlas a je\u0161t\u011b nad t\u00edm b\u00e1dal.<\/p>\n\n\n\n<p>Rozd\u011bl\u00e1v\u00e1me ohe\u0148. Pet\u0159ina (= sousedky) oslava je v&nbsp;pln\u00e9m proudu, maj\u00ed tam i stan a st\u00e1le tam zn\u00ed hudba, tak to ob\u010das komentujeme a m\u00e1me takovou z\u00e1bavn\u00ed kulisu. Silvie zjevn\u011b zn\u00e1 v\u011bt\u0161inu t\u011bch p\u00edsn\u00ed. D\u00e9mon vypr\u00e1v\u00ed zkazky o sv\u00e9m \u201etatovi\u201c, kterak on st\u00e1le j\u00ed maso a \u0161pek a p\u0159itom je zdr\u00e1v. K&nbsp;ve\u010de\u0159i se op\u00e9kaj\u00ed \u0161peky. Pak r\u016fzn\u00e9 hovory, ale zase to nem\u00e1m v\u0161echno zapsan\u00fd. Bavili jsme se o nov\u00fdch m\u00e9di\u00edch, konkr\u00e9tn\u011b youtuberech, jak to dne\u0161n\u00ed d\u011bti bere, Ani\u010dka nech\u00e1pala, co na tom vid\u00ed, obhajovala jsem to, proto\u017ee vid\u00edm smysl t\u011bchto jev\u016f na p\u0159\u00edkladu d\u011bt\u00ed m\u00e9 sestry. Jakub vym\u00fd\u0161l\u00ed mo\u017enosti financov\u00e1n\u00ed statku, navrhuje kn\u00ed\u017eete Schwarzenberga, tak d\u016fkladn\u011b vysv\u011btluju, \u017ee bych musela l\u00e9zt kan\u00e1lem, kdybych ho n\u011bkdy \u017e\u00e1dala o pen\u00edze. U\u017e jednou t\u00e1tovi pen\u00edze na opravu d\u00e1val, on je v\u0161ak ihned propil; krom\u011b toho mu kn\u00ed\u017ee zajistil na 8 let byt v&nbsp;Praze. R\u016fzn\u00e9 hovory se vedou, Jakub se bav\u00ed hlavn\u011b s&nbsp;Otou, vypravuje mu, jak skon\u010dil spolupr\u00e1ci s&nbsp;Helenou, ale \u017ee se roze\u0161li v&nbsp;dobr\u00e9m a ka\u017ed\u00fd bude na filmu o Bondym pracovat podle sv\u00e9ho uv\u00e1\u017een\u00ed. Taky o podstat\u011b v\u011bdom\u00ed tam vedou hovory. Chvilku se bav\u00edme o b\u00e1sn\u00edch, Darja taky. S&nbsp;Ani\u010dkou zase o m\u00e9m projektantovi (kter\u00e9ho st\u00e1le velmi chv\u00e1l\u00edm) a o poty\u010dce s&nbsp;\u00fa\u0159ady p\u0159i stav\u011bn\u00ed.<\/p>\n\n\n\n<p>Lucie \u0161la sp\u00e1t d\u0159\u00edv. D\u00e9mon a Silvie taky pak n\u011bjak po dvan\u00e1ct\u00fd, j\u00e1 jsem odch\u00e1zela kolem jedn\u00e9 a zrovna se za\u010daly rozv\u00edjet asi zaj\u00edmav\u00fd hovory, ale j\u00e1 u\u017e na to nem\u00e1m s\u00edlu. Darja mluvila o filosofii, konkr\u00e9tn\u011b o fenomenologii, kterou se zab\u00fdv\u00e1. Pak mi Ota \u0159ekl, \u017ee se tam prob\u00edraly asi n\u011bjak\u00fd v\u00e1\u017en\u00fd v\u011bci taky, psychologie, r\u016fzn\u00fd traumata a bolesti, co kdo za\u017eil.<\/p>\n\n\n\n<p>J\u00e1 zjevn\u011b v\u017edycky p\u0159ijdu o ty nejlep\u0161\u00ed hovory, ale v\u016fbec mi to u\u017e nevad\u00ed. Nemus\u00edm u v\u0161eho bejt, a\u0165 taky maj\u00ed lidi n\u011bjak\u00fd soukrom\u00ed, nemus\u00edm v\u0161ude d\u0159ep\u011bt. Oni ale \u0161li pr\u00fd sp\u00e1t a\u017e n\u011bjak v&nbsp;5! Za\u0161li taky je\u0161t\u011b na oslavu soused\u010dinu. J\u00e1 jsem usnula skoro hned a ve velmi p\u0159\u00edjemn\u00e9m rozpolo\u017een\u00ed, proto\u017ee tentokr\u00e1t \u0161ly zvuky ze dvou stran, zleva hudba z&nbsp;n\u00e1vsi, p\u0159ede mnou hovory u ohn\u011b, tak\u017ee nebylo rozum\u011bt slov\u016fm, ale byl to p\u0159\u00edjemn\u00fd no\u010dn\u00ed hluk, to j\u00e1 m\u00e1m r\u00e1da v\u017edycky, dob\u0159e se mi u takov\u00e9ho ruchu no\u010dn\u00edch akc\u00ed us\u00edn\u00e1.<\/p>\n\n\n\n<h2 class=\"wp-block-heading\">Ned\u011ble 13. z\u00e1\u0159\u00ed<\/h2>\n\n\n\n<p>Cel\u00fd den je zase \u00fapln\u011b ide\u00e1ln\u00ed slune\u010dn\u00e9 po\u010das\u00ed. Vst\u00e1v\u00e1m v&nbsp;p\u016fl des\u00e1t\u00fd, dnes jsem se vyspala dob\u0159e. Ani\u010dka je vzh\u016fru, sed\u00ed u stolu, ale jinak v\u0161ichni sp\u00ed. Sn\u00edd\u00e1me a Ani\u010dka \u0159\u00edk\u00e1, \u017ee \u0161li sp\u00e1t a\u017e v&nbsp;5 a dokonce za\u0161li i na n\u00e1ves, pozdravili se s&nbsp;nev\u011bstou, tak jsem byla velmi r\u00e1da, \u017ee mne takto zastoupili v&nbsp;t\u011bchto spole\u010densk\u00fdch z\u00e1le\u017eitostech, kter\u00e9 v\u016fbec neum\u00edm absolvovat. Objevuj\u00ed se D\u00e9mon se Sylvi\u00ed, \u017ee pr\u00fd p\u016fjdou taky na m\u0161i. N\u011bjak jim to ale d\u00e9le trv\u00e1, tak jedu nap\u0159ed. Far\u00e1\u0159 m\u011bl stejn\u011b zpo\u017ed\u011bn\u00ed. Zase se u\u017e mus\u00ed nosit v\u0161ude rou\u0161ky, dus\u00edm se v&nbsp;tom. K\u00e1z\u00e1n\u00ed bylo tak bizarn\u00ed, \u017ee se o tom t\u011b\u017eko d\u00e1 ps\u00e1t, je to nekomentovateln\u00e9 takto ve\u0159ejn\u011b. Pomodlila jsem se ale za v\u0161echny \u00fa\u010dastn\u00edky brig\u00e1dy. Parkuju na n\u00e1m\u011bst\u00ed, jdu je\u0161t\u011b na zmrzlinu, je kr\u00e1sn\u011b, D\u00e9mon a Silvie se taky jdou proj\u00edt po n\u00e1m\u011bst\u00ed. Jedu do Kosteln\u00edho pro ob\u011bd.<\/p>\n\n\n\n<p>Vrac\u00edm se kolem 12, to u\u017e jsou v\u0161ichni vzh\u016fru krom\u011b Zde\u0148ka. Sed\u00edme u stolu a vykl\u00e1d\u00e1me. Darja s&nbsp;Otou a Luci\u00ed p\u0159ipravuj\u00ed ob\u011bd pro vegany, ale j\u00e1 netu\u0161\u00edm, co kdo p\u0159esn\u011b d\u011blal. Je kr\u00e1sn\u011b a na dvo\u0159e se dob\u0159e \u017eije. Postupn\u011b se ob\u011bdv\u00e1, dnes je hodovn\u00ed den. M\u00e1me \u0159\u00edzky se sal\u00e1tem a v\u00fdvar (z cateringu v&nbsp;kl\u00e1\u0161te\u0159e), potom pol\u00e9vku z&nbsp;toho kotr\u010de kade\u0159av\u00e9ho, co na\u0161li v\u010dera. Lucie pov\u00edd\u00e1, \u017ee vst\u00e1vala u\u017e v&nbsp;6 r\u00e1no, proch\u00e1zela se po orosen\u00e9 zahrad\u011b a krajin\u011b a bylo to velmi kr\u00e1sn\u00e9. Andy je unaven ze v\u010derej\u0161ka, tak ho pak Lucie vynesla ven na dv\u016fr i se spac\u00e1kem a vegetil si na dece s&nbsp;Darjou a Ani\u010dkou, jen hlavu vystrkoval zpod spac\u00e1ku. Jakub zase vypr\u00e1v\u00ed o t\u00e9 spolupr\u00e1ci s&nbsp;Helenou, a jak se roze\u0161li v&nbsp;dobr\u00e9m a pro\u010d. A o vegetari\u00e1nstv\u00ed se bav\u00edme.<\/p>\n\n\n\n<p>Bereme si s&nbsp;Ani\u010dkou na deku kafe a j\u00e1 j\u00ed ukazuju projekt na Vyd\u0159\u00ed, jak je architektka, tak ji to zaj\u00edmalo. Pak v\u0161em pou\u0161t\u00edm ten 3D model od Pavla Ku\u010dery. Snad se jim to l\u00edbilo. Pak se teda u\u017e bal\u00edme v\u0161ichni a lou\u010d\u00edme se. Ota odj\u00ed\u017ed\u011bl na vlak trochu d\u0159\u00edv, jede do Broumova na n\u011bjakou filosofickou akci (tam jel taky Honza v\u010dera). D\u00e9mon ho vezl. Jakub z\u016fst\u00e1v\u00e1 do pond\u011bl\u00ed, pomohl mi pak hodn\u011b je\u0161t\u011b s&nbsp;\u00faklidem a prob\u00edrali jsme r\u016fzn\u00fd v\u011bci. &#8212; Tahle brig\u00e1da mi p\u0159ipadala dost poveden\u00e1, hlavn\u011b v&nbsp;t\u00e9 part\u011b, jak jsme si sedli dohromady, snad to nebyl jen m\u016fj dojem.<\/p>\n","protected":false},"excerpt":{"rendered":"<p>11.\u201313. z\u00e1\u0159\u00ed p\u0159ijeli znovu lidi kolem LF\u0160: D\u00e9mon, Ota, Jakub, Darja a Lucie. S nimi tentokr\u00e1t n\u011bkolik nov\u00fdch: Silvie, Honza, Ani\u010dka, Zden\u011bk a mal\u00e1 Marj\u00e1nka. Otlouk\u00e1me om\u00edtku v chodb\u011b, p\u0159ipravuje se d\u0159evo na zimu, sb\u00edraj\u00ed \u0161pendl\u00edky na p\u00e1lenku. <\/p>\n","protected":false},"author":2,"featured_media":1182,"comment_status":"open","ping_status":"open","sticky":false,"template":"","format":"standard","meta":{"_kad_post_transparent":"","_kad_post_title":"","_kad_post_layout":"","_kad_post_sidebar_id":"","_kad_post_content_style":"","_kad_post_vertical_padding":"","_kad_post_feature":"","_kad_post_feature_position":"","_kad_post_header":false,"_kad_post_footer":false,"_kad_post_classname":"","footnotes":""},"categories":[28],"tags":[],"class_list":["post-1177","post","type-post","status-publish","format-standard","has-post-thumbnail","hentry","category-opravy"],"_links":{"self":[{"href":"https:\/\/www.statek-uprostred.cz\/index.php\/wp-json\/wp\/v2\/posts\/1177","targetHints":{"allow":["GET"]}}],"collection":[{"href":"https:\/\/www.statek-uprostred.cz\/index.php\/wp-json\/wp\/v2\/posts"}],"about":[{"href":"https:\/\/www.statek-uprostred.cz\/index.php\/wp-json\/wp\/v2\/types\/post"}],"author":[{"embeddable":true,"href":"https:\/\/www.statek-uprostred.cz\/index.php\/wp-json\/wp\/v2\/users\/2"}],"replies":[{"embeddable":true,"href":"https:\/\/www.statek-uprostred.cz\/index.php\/wp-json\/wp\/v2\/comments?post=1177"}],"version-history":[{"count":4,"href":"https:\/\/www.statek-uprostred.cz\/index.php\/wp-json\/wp\/v2\/posts\/1177\/revisions"}],"predecessor-version":[{"id":1827,"href":"https:\/\/www.statek-uprostred.cz\/index.php\/wp-json\/wp\/v2\/posts\/1177\/revisions\/1827"}],"wp:featuredmedia":[{"embeddable":true,"href":"https:\/\/www.statek-uprostred.cz\/index.php\/wp-json\/wp\/v2\/media\/1182"}],"wp:attachment":[{"href":"https:\/\/www.statek-uprostred.cz\/index.php\/wp-json\/wp\/v2\/media?parent=1177"}],"wp:term":[{"taxonomy":"category","embeddable":true,"href":"https:\/\/www.statek-uprostred.cz\/index.php\/wp-json\/wp\/v2\/categories?post=1177"},{"taxonomy":"post_tag","embeddable":true,"href":"https:\/\/www.statek-uprostred.cz\/index.php\/wp-json\/wp\/v2\/tags?post=1177"}],"curies":[{"name":"wp","href":"https:\/\/api.w.org\/{rel}","templated":true}]}}