{"id":1034,"date":"2019-12-31T16:14:00","date_gmt":"2019-12-31T15:14:00","guid":{"rendered":"https:\/\/www.statek-uprostred.cz\/?p=1034"},"modified":"2023-09-17T16:02:18","modified_gmt":"2023-09-17T14:02:18","slug":"vyuziti-hostinskeho-pokoje-a-zajezdy-2018-a-2019","status":"publish","type":"post","link":"https:\/\/www.statek-uprostred.cz\/index.php\/vyuziti-hostinskeho-pokoje-a-zajezdy-2018-a-2019\/1034\/","title":{"rendered":"Pobyty na statku, n\u00e1v\u0161t\u011bvy, z\u00e1jezdy a akce 2018 a 2019"},"content":{"rendered":"\n<p>Pokoj pro hosty byl hojn\u011b vyu\u017e\u00edv\u00e1n jak pro um\u011bleck\u00e9 a studijn\u00ed pobyty, tak odpo\u010dinek. V roce 2019 zde byly tak\u00e9 dva liter\u00e1rn\u00ed z\u00e1jezdy. Poprv\u00e9 p\u0159ijeli Eva Kuncov\u00e1 a tak\u00e9 Ota Bure\u0161, jedni z n\u00e1v\u0161t\u011bvn\u00edk\u016f, kte\u0159\u00ed se pak ka\u017edoro\u010dn\u011b vraceli. A v \u010dervnu se p\u0159es Jakuba Fi\u0161era oz\u0159ejmilo, jak vlastn\u011b do\u0161lo ke koupi statku a koho to napadlo. <\/p>\n\n\n\n<h2 class=\"wp-block-heading\">Studijn\u00ed a tv\u016fr\u010d\u00ed pobyty 2018<\/h2>\n\n\n\n<p>V&nbsp;roce 2018 byl na statku nap\u0159. student sociologie a ekonomie z&nbsp;FF a psal z\u00e1v\u011bre\u010dnou pr\u00e1ci (a bojoval se zanesen\u00fdmi kamny); parta doktorand\u016f filosofie zde \u010detla n\u011bjak\u00fd filosofick\u00fd text, pom\u00e1hali s&nbsp;\u00faklidem v\u011btv\u00ed ze dvora a poda\u0159ilo se jim vy\u010distit rouru od kamen vedouc\u00ed p\u0159es celou koupelnu, co\u017e dok\u00e1\u017ee jen m\u00e1lokdo. (Vlivem ji\u017e nesnesiteln\u00e9ho boje se zanesenou rourou jsem se rozhodla koupit dra\u017e\u0161\u00ed roury s&nbsp;\u010dist\u00edc\u00edmi ok\u00e9nky, kter\u00e9 se nebudou muset u\u017e vysazovat.) Asi t\u00fdden \u010di v\u00edc str\u00e1vila na statku v\u00fdtvarnice s p\u0159\u00edtelem. <\/p>\n\n\n\n<p>T\u00e9m\u011b\u0159 t\u0159i t\u00fddny zde v&nbsp;z\u00e1\u0159\u00ed pob\u00fdval Honza Hub\u00edk, student filosofie p\u00ed\u0161\u00edc\u00ed magisterskou pr\u00e1ci o Heideggerovi. Nat\u00edrali jsme spolu tak\u00e9 \u0161t\u00edtovou fas\u00e1du statku v\u00e1pnem, v z\u00e1\u0159\u00ed se fas\u00e1da zrovna kompletn\u011b dokon\u010dovala. 16. z\u00e1\u0159\u00ed jsme pak spole\u010dn\u011b s Prokym a Honzou za tmy le\u0161en\u00ed rozeb\u00edrali. <\/p>\n\n\n\n<p>Ren\u00e1ta Mal\u00e1 z organizace Pam\u011b\u0165 n\u00e1roda vyu\u017eila klid statku k&nbsp;zaps\u00e1n\u00ed n\u011bkolika nahran\u00fdch rozhovor\u016f. Na za\u010d\u00e1tku prosince zde pob\u00fdval student, kter\u00fd po maturit\u011b vykonal 50denn\u00ed p\u011b\u0161\u00ed pou\u0165 z&nbsp;Prahy do \u0158\u00edma a pot\u0159eboval si sv\u00e9 z\u00e1\u017eitky sepsat pro oti\u0161t\u011bn\u00ed ve studentsk\u00e9m \u010dasopise. <\/p>\n\n\n\n<h2 class=\"wp-block-heading\">Platforma a Pavel Nepustil<\/h2>\n\n\n\n<p>Tradi\u010dn\u011b vyu\u017eil statek pan Nepustil s&nbsp;lidmi z&nbsp;Platformy, o sv\u00e9m pobytu mi napsal email. Na konci zpr\u00e1vy uv\u00e1d\u00ed kr\u00e1sn\u00fd p\u0159\u00edb\u011bh o pt\u00e1\u010deti z&nbsp;hn\u00edzda v&nbsp;chodb\u011b do sednice.&nbsp; &nbsp;<\/p>\n\n\n\n<blockquote class=\"wp-block-quote is-layout-flow wp-block-quote-is-layout-flow\">\n<p>I ve Vyd\u0159\u00ed to letos bylo sp\u00ed\u0161 \u017eiv\u011bj\u0161\u00ed, pr\u00e1v\u011b proto, \u017ee jsem tam nebyl s\u00e1m, bylo n\u00e1s tam asi osm z Platformy pro komplexn\u00ed p\u0159\u00edstup k drog\u00e1m a z\u00e1vislostem, v\u011bt\u0161inou lid\u00ed z neziskovek, kter\u00e9 se zab\u00fdvaj\u00ed drogami a z\u00e1vislostmi. A\u010dkoliv to bylo kr\u00e1tk\u00e9, bylo to par\u00e1dn\u00ed. Za\u0161li jsme se vykoupat, proj\u00edt se lesem, po\u010das\u00ed vy\u0161lo skv\u011ble, spole\u010dn\u011b jsme na\u0161t\u00edpali \u010d\u00e1st toho d\u0159eva a uva\u0159ili ob\u011bd s vyu\u017eit\u00edm mangoldu a a\u010dok\u010di, byl vynikaj\u00edc\u00ed! Viz foto. A u toho jsme probrali v\u0161e, co bylo pot\u0159eba, odj\u00ed\u017ed\u011bli jsme spokojen\u00ed a skv\u011ble namotivovan\u00ed k dal\u0161\u00ed pr\u00e1ci, je to opravdu kouzeln\u00e9 m\u00edsto. Z\u00e1pis do kroniky letos d\u011blali kolegov\u00e9.<\/p>\n\n\n\n<p>Je\u0161t\u011b m\u00e1m jednu zpr\u00e1vu, kter\u00e1 se v\u00e1\u017ee k&nbsp;dal\u0161\u00ed fotce, co mi pak pos\u00edlala kolegyn\u011b, kter\u00e1 tam z\u016fstala o den d\u00e9le s rodinou, cituji: Posledn\u00ed den pobytu ve Vyd\u0159\u00ed jsme byli sv\u011bdky velk\u00e9ho z\u00e1zraku p\u0159\u00edrody. Posledn\u00ed dva obyvatel\u00e9 \u0161kv\u00edry u kabel\u016f nad dve\u0159mi se odhodlali opustit hn\u00edzdo. Jeden to zvl\u00e1dl bez komplikac\u00ed a rovnou sebejist\u011b p\u0159ist\u00e1l na o\u0159echu uprost\u0159ed zahrady. Druh\u00e9ho jsme na\u0161li na zemi u studn\u011b. V zahrad\u011b pln\u00e9 hladov\u00fdch ko\u010dek trochu riskantn\u00ed stanovi\u0161t\u011b\u2026 Po konzultaci s kamar\u00e1dy ze z\u00e1chrann\u00e9 stanice pro zv\u00ed\u0159ata jsme ho p\u0159em\u00edstili na v\u011btev o\u0159echu, kde si opakovan\u011b tr\u00e9noval start, padal a my ho vraceli zp\u00e1tky na strom. Na noc jsme ho p\u0159esunuli zp\u011bt do hn\u00edzda, ve vlastn\u00ed posteli se sp\u00ed nejl\u00edp, \u017ee jo, tak aby nabral s\u00edly na dal\u0161\u00ed leteck\u00fd den. Druh\u00fd den se zd\u00e1l v letu jist\u011bj\u0161\u00ed. P\u0159ed odjezdem jsme ho vynesli na nejvy\u0161\u0161\u00ed dosa\u017eitelnou v\u011btev l\u00edsky, kde jsme naposledy vid\u011bli br\u00e1chu (nebo s\u00e9gru) a j\u00e1 si mysl\u00edm, \u017ee to dal.<\/p>\n<\/blockquote>\n\n\n<style>.kb-row-layout-id1034_6f3b81-ff > .kt-row-column-wrap{align-content:start;}:where(.kb-row-layout-id1034_6f3b81-ff > .kt-row-column-wrap) > .wp-block-kadence-column{justify-content:start;}.kb-row-layout-id1034_6f3b81-ff > .kt-row-column-wrap{column-gap:var(--global-kb-gap-md, 2rem);row-gap:var(--global-kb-gap-md, 2rem);padding-top:var(--global-kb-spacing-sm, 1.5rem);padding-bottom:var(--global-kb-spacing-sm, 1.5rem);grid-template-columns:repeat(2, minmax(0, 1fr));}.kb-row-layout-id1034_6f3b81-ff > .kt-row-layout-overlay{opacity:0.30;}@media all and (max-width: 1024px){.kb-row-layout-id1034_6f3b81-ff > .kt-row-column-wrap{grid-template-columns:repeat(2, minmax(0, 1fr));}}@media all and (max-width: 767px){.kb-row-layout-id1034_6f3b81-ff > .kt-row-column-wrap{grid-template-columns:minmax(0, 1fr);}}<\/style><div class=\"kb-row-layout-wrap kb-row-layout-id1034_6f3b81-ff alignnone wp-block-kadence-rowlayout\"><div class=\"kt-row-column-wrap kt-has-2-columns kt-row-layout-equal kt-tab-layout-inherit kt-mobile-layout-row kt-row-valign-top\">\n<style>.kadence-column1034_af1335-42 > .kt-inside-inner-col,.kadence-column1034_af1335-42 > .kt-inside-inner-col:before{border-top-left-radius:0px;border-top-right-radius:0px;border-bottom-right-radius:0px;border-bottom-left-radius:0px;}.kadence-column1034_af1335-42 > .kt-inside-inner-col{column-gap:var(--global-kb-gap-sm, 1rem);}.kadence-column1034_af1335-42 > .kt-inside-inner-col{flex-direction:column;}.kadence-column1034_af1335-42 > .kt-inside-inner-col > .aligncenter{width:100%;}.kadence-column1034_af1335-42 > .kt-inside-inner-col:before{opacity:0.3;}.kadence-column1034_af1335-42{position:relative;}@media all and (max-width: 1024px){.kadence-column1034_af1335-42 > .kt-inside-inner-col{flex-direction:column;justify-content:center;}}@media all and (max-width: 767px){.kadence-column1034_af1335-42 > .kt-inside-inner-col{flex-direction:column;justify-content:center;}}<\/style>\n<div class=\"wp-block-kadence-column kadence-column1034_af1335-42\"><div class=\"kt-inside-inner-col\">\n<figure class=\"wp-block-image size-full\"><img loading=\"lazy\" decoding=\"async\" width=\"1633\" height=\"1225\" src=\"https:\/\/www.statek-uprostred.cz\/wp-content\/uploads\/2023\/07\/nepustil-2018-jidlo-na-dvore2.jpg\" alt=\"\" class=\"wp-image-1035\" srcset=\"https:\/\/www.statek-uprostred.cz\/wp-content\/uploads\/2023\/07\/nepustil-2018-jidlo-na-dvore2.jpg 1633w, https:\/\/www.statek-uprostred.cz\/wp-content\/uploads\/2023\/07\/nepustil-2018-jidlo-na-dvore2-1280x960.jpg 1280w, https:\/\/www.statek-uprostred.cz\/wp-content\/uploads\/2023\/07\/nepustil-2018-jidlo-na-dvore2-300x225.jpg 300w, https:\/\/www.statek-uprostred.cz\/wp-content\/uploads\/2023\/07\/nepustil-2018-jidlo-na-dvore2-768x576.jpg 768w, https:\/\/www.statek-uprostred.cz\/wp-content\/uploads\/2023\/07\/nepustil-2018-jidlo-na-dvore2-1536x1152.jpg 1536w\" sizes=\"auto, (max-width: 1633px) 100vw, 1633px\" \/><\/figure>\n<\/div><\/div>\n\n\n<style>.kadence-column1034_b0b567-2e > .kt-inside-inner-col,.kadence-column1034_b0b567-2e > .kt-inside-inner-col:before{border-top-left-radius:0px;border-top-right-radius:0px;border-bottom-right-radius:0px;border-bottom-left-radius:0px;}.kadence-column1034_b0b567-2e > .kt-inside-inner-col{column-gap:var(--global-kb-gap-sm, 1rem);}.kadence-column1034_b0b567-2e > .kt-inside-inner-col{flex-direction:column;}.kadence-column1034_b0b567-2e > .kt-inside-inner-col > .aligncenter{width:100%;}.kadence-column1034_b0b567-2e > .kt-inside-inner-col:before{opacity:0.3;}.kadence-column1034_b0b567-2e{position:relative;}@media all and (max-width: 1024px){.kadence-column1034_b0b567-2e > .kt-inside-inner-col{flex-direction:column;justify-content:center;}}@media all and (max-width: 767px){.kadence-column1034_b0b567-2e > .kt-inside-inner-col{flex-direction:column;justify-content:center;}}<\/style>\n<div class=\"wp-block-kadence-column kadence-column1034_b0b567-2e\"><div class=\"kt-inside-inner-col\">\n<figure class=\"wp-block-image size-full\"><img loading=\"lazy\" decoding=\"async\" width=\"1495\" height=\"1003\" src=\"https:\/\/www.statek-uprostred.cz\/wp-content\/uploads\/2023\/07\/2018-ptacek.jpg\" alt=\"\" class=\"wp-image-1036\" srcset=\"https:\/\/www.statek-uprostred.cz\/wp-content\/uploads\/2023\/07\/2018-ptacek.jpg 1495w, https:\/\/www.statek-uprostred.cz\/wp-content\/uploads\/2023\/07\/2018-ptacek-1280x859.jpg 1280w, https:\/\/www.statek-uprostred.cz\/wp-content\/uploads\/2023\/07\/2018-ptacek-300x201.jpg 300w, https:\/\/www.statek-uprostred.cz\/wp-content\/uploads\/2023\/07\/2018-ptacek-768x515.jpg 768w\" sizes=\"auto, (max-width: 1495px) 100vw, 1495px\" \/><\/figure>\n<\/div><\/div>\n\n<\/div><\/div>\n\n\n<h2 class=\"wp-block-heading\">Ostatn\u00ed n\u00e1v\u0161t\u011bvn\u00edci 2018<\/h2>\n\n\n\n<p>Hosti\u0148\u00e1k jsem tento rok vyu\u017e\u00edvala hodn\u011b tak\u00e9 j\u00e1, proto\u017ee vejminka byla v&nbsp;z\u00e1v\u011bre\u010dn\u00e9 f\u00e1zi rekonstrukce a u toho n\u011bkdo mus\u00ed b\u00fdt. P\u0159ijeli tak\u00e9 moji kamar\u00e1di, d\u00edk pat\u0159\u00ed hlavn\u011b Martin\u011b Luk\u00e1\u0161kov\u00e9, kter\u00e1 kompletn\u011b sestavila jednu sk\u0159\u00ed\u0148, a s&nbsp;dcerami smontovaly nov\u00fd zahradn\u00ed n\u00e1bytek. Pod\u00edvat se p\u0159ijely tak\u00e9 dv\u011b mil\u00e9 a zaslou\u017eil\u00e9 \u010dlenky spolku <strong>Radka M\u00fcllerov\u00e1 a Jitka<\/strong> <strong>\u0160ubrtov\u00e1<\/strong>. &#8212; 14. \u010dervna p\u0159ijela kamar\u00e1dka z Libri Prohibiti <strong>Ren\u00e1ta Mal\u00e1<\/strong> (nat\u00e1\u010dela p\u0159edt\u00edm s moj\u00ed matkou Julianou vzpom\u00ednky do Pam\u011bti n\u00e1roda, bohu\u017eel nahr\u00e1vka pak sho\u0159ela&#8230;) a nat\u0159ely jsme spolu tr\u00e1m ve vejmince a jedny dve\u0159e. <\/p>\n\n\n\n<h3 class=\"wp-block-heading\">Ren\u00e1ta Mal\u00e1 23. a\u017e 29. z\u00e1\u0159\u00ed<\/h3>\n\n\n\n<p>Ren\u00e1tka tu se mnou pob\u00fdvala n\u011bkolik dn\u016f, bylo to dobr\u00e9 sou\u017eit\u00ed, va\u0159ila, sb\u00edrala o\u0159echy, \u0161pricovala pr\u016f\u010deln\u00ed ze\u010f statku, j\u00e1 jsem dokon\u010dovala b\u00edlen\u00ed fas\u00e1dy. <\/p>\n\n\n\n<p>26. z\u00e1\u0159\u00ed se ud\u00e1la historick\u00e1 ud\u00e1lost, zprovozn\u011bn\u00ed spor\u00e1ku KVS Moravia na vejmince. Jsou to prvn\u00ed kvalitn\u00ed kamna zde. D\u00e1v\u00e1m sem kousek z\u00e1pisu z den\u00edku: &#8222;P\u0159ich\u00e1z\u00ed Proky a jde zasazovat rouru do spor\u00e1ku. Jdu s&nbsp;n\u00edm a pracuju u toho na po\u010d\u00edta\u010di a ob\u010das mu asistuju. \u0158ezal rouru a zasazoval to tam celkem s&nbsp;pot\u00ed\u017eemi ob\u010das, tak\u017ee je jasn\u00fd, \u017ee to sama nevysad\u00edm a mus\u00edme tam d\u00e1t to \u010dist\u00edc\u00ed koleno pozd\u011bji. Popot\u00e1hli jsme spor\u00e1k do spr\u00e1vn\u00fd polohy a vyndali zpod n\u011bho deku a ty popruhy. P\u0159i\u0161el Maty p\u0159ihl\u00ed\u017eet. Po r\u016fzn\u00fdch pot\u00ed\u017e\u00edch, kdy jsem u\u017e trochu pochybovala, \u017ee zatop\u00edm, to bylo! Nalo\u017eila jsem tam \u0161t\u00edpky a Proky pr\u00e1l: \u201e\u0160krtni si!\u201c To\u017e jsem \u0161krtla a mil\u00e1 spora\u010dka Klaudie se rozho\u0159ela. V&nbsp;tu chv\u00edli p\u0159i\u0161la Zuzana, kde jako Proky je (u\u017e byla tma) a oni v\u0161ichni byli u m\u011b. Na usm\u00ed\u0159enou jsem ji pozvala, a\u0165 se pod\u00edv\u00e1 na spor\u00e1k. P\u0159edt\u00edm jsem si p\u0159e\u010detla, jak se v&nbsp;tom zat\u00e1p\u00ed, je to nesm\u00edrn\u011b jednoduch\u00e9. Proky je\u0161t\u011b za\u0161el pro Ren\u00e1tku, aby to vid\u011bla. <\/p>\n\n\n\n<p>Prok\u016fpkovi ode\u0161li a j\u00e1 s&nbsp;Ren jsme ve vytr\u017een\u00ed sledovali d\u00edlo prvn\u00edho zatopen\u00ed. Zhasly jsme, \u0159ekla jsem Ren, a\u0165 si p\u0159inese v\u00edno, j\u00e1 jsem si vzala pivo, a sledovaly jsme prosklen\u00fdmi dv\u00ed\u0159kami ohe\u0148. Je to n\u00e1dhernej, dokonalej p\u0159\u00edstroj, nem\u00e1 to kaz, to teplo je \u00fa\u017easn\u00fd, a hlavn\u011b: ob\u00e1vala jsem se, \u017ee se sp\u00e1l\u00ed moc d\u0159eva, ale to ho\u0159en\u00ed je tak DOKONALE vychytan\u00fd, \u017ee sta\u010d\u00ed p\u0159ilo\u017eit poleno, zav\u0159\u00edt v\u0161echny p\u0159\u00edvody vzduchu a ono to DLOUHO ho\u0159\u00ed a \u017ehne. Nem\u00e1m slov, jak je to \u00fa\u017easn\u00fd, p\u0159ed\u010dilo to moje o\u010dek\u00e1v\u00e1n\u00ed. Posed\u011bly jsme s&nbsp;Ren, p\u0159i\u0161la ta \u010dern\u00e1 ko\u010dka a ak\u010dn\u011b po n\u00e1s sk\u00e1kala, j\u00e1 ji bohu\u017eel nem\u00e1m a\u017e tak r\u00e1da, Ren v\u00edc. Ren pak \u0161la taky je\u0161t\u011b pracovat, j\u00e1 jsem taky musela, zb\u00fdvalo mi asi 6 film\u016f [redigovala jsem  zrovna katalog Ji.hlavy]. Je to \u00fapln\u011b jinej \u017eivot se spor\u00e1kem, naprosto \u00fa\u017easn\u00e1 dokonal\u00e1 atmosf\u00e9ra najednou. Sed\u00edm u stolu, nemus\u00edm bejt zasut\u00e1 v&nbsp;posteli, je tady kr\u00e1sn\u00fd teplo. To teplo je hebk\u00fd jak r\u00e1j s\u00e1m, pov\u00edd\u00e1m si chv\u00edlema se spora\u010dkou, tu a tam j\u00ed str\u010d\u00edm pol\u00ednko k&nbsp;sn\u011bdku, nem\u00e1 to kaz. Je to v\u0161echno podivn\u00e9, mus\u00edm to sd\u00edlet s&nbsp;ostatn\u00edmi toto bydlen\u00ed, proto\u017ee n\u011bco tak kr\u00e1sn\u00fdho \u010dlov\u011bk NESM\u00cd m\u00edt pro sebe. T\u00edm nemysl\u00edm to pronaj\u00edmat, ale m\u00edt to jako svou z\u00e1kladnu, do kter\u00e9 si ob\u010das pozvu n\u00e1v\u0161t\u011bvu a hlavn\u011b to bude moje z\u00e1kladna pro d\u011bn\u00ed v&nbsp;dal\u0161\u00edch \u010d\u00e1stech statku.&#8220;<\/p>\n\n\n\n<h2 class=\"wp-block-heading\">Leden 2019<\/h2>\n\n\n\n<p>Vejminku jsem v lednu p\u016fj\u010dila kamar\u00e1d\u016fm Ren\u00e1t\u011b a Honzovi. Ren\u00e1tka tam mimo jin\u00e9 jela uzav\u0159\u00edt jednu kapitolu sv\u00e9ho \u017eivota, proto\u017ee kompletn\u011b sho\u0159el d\u016fm, ve kter\u00e9m m\u011bla pokoj a v\u0161echny svoje v\u011bci, a cht\u011bla si ve Vyd\u0159\u00ed p\u0159ebrat sv\u00e9 texty, kter\u00e9 jsem vyt\u00e1hla ze sp\u00e1leni\u0161t\u011b.<\/p>\n\n\n\n<blockquote class=\"wp-block-quote is-layout-flow wp-block-quote-is-layout-flow\">\n<p>D\u011bkuji \u2013 se zpo\u017ed\u011bn\u00edm \u2013 za v\u0161e, pr\u00e1v\u011b jsem pod\u011bkovala i \u00fa\u010detn\u011b, s p\u00e1r ka\u010dkama nav\u00edc pro Vydr\u00fdsky, jsou toti\u017e bo\u017e\u00ed. Jablka jsem vyt\u0159\u00eddila a ujedla z&nbsp;nich. (\u2026) Byli jsme na kr\u00e1sn\u00fdch v\u00fdletech, objeli autem p\u016fl kraje, aby na z\u00e1v\u011br posledn\u00edho v\u00fdletu ortodoxn\u00ed bezv\u011brec Honza plesal na p\u0159en\u00e1dhern\u00e9m v\u00fdhledu v kl\u00e1\u0161te\u0159e, s karmelit\u00e1ny v pytl\u00edch za z\u00e1dy, se slovy, \u017ee tohle je nejkr\u00e1sn\u011bj\u0161\u00ed a vrchol v\u00fdletu a mohli jsme sem doj\u00edt p\u011b\u0161ky. &#8212; Spora\u010dka spolykala p\u0159epsan\u00e9 a oho\u0159el\u00e9 str\u00e1nky, kter\u00e9 jsi vyhrabala ze z\u00e1meck\u00e9ho popeli\u0161t\u011b. Dokonce se mi povedlo p\u0159ipojit sem tam nov\u00fd \u0159\u00e1dek \u010di vyhrabat v pam\u011bti slova ohn\u011bm pohlcen\u00e1 \u00fapln\u011b \u010dili misi pova\u017euji za dokon\u010denou, dokonavou, dokonalou. &#8212; T\u011b\u0161\u00edm se na dal\u0161\u00ed \u00fakoly ve sv\u011bt\u011b, v\u0161ak na to zas m\u00e1me fungl nov\u00fd dlouh\u00fd rok.<\/p>\n<\/blockquote>\n\n\n\n<h2 class=\"wp-block-heading\">B\u0159ezen 2019: Um\u00edst\u011bn\u00ed n\u00e1hrobn\u00edho kamene na hrob Ivana Martina Jirouse<\/h2>\n\n\n\n<p>V b\u0159eznu jsme na Jirous\u016fv hrob um\u00edstili k\u00e1men s b\u00e1sn\u00ed \u201eJestli mne nech\u00e1\u0161 um\u0159\u00edt d\u0159\u00edv\u201c. T\u00e1ta ji pova\u017eoval za svoji nejlep\u0161\u00ed. Do z\u00e1pra\u017e\u00e1ku, kter\u00fd poch\u00e1z\u00ed ze statku v Prost\u0159edn\u00edm Vyd\u0159\u00ed, ji vytesal restaur\u00e1tor Daniel Chadim z Nov\u00e9 \u0158\u00ed\u0161e. D\u011bkujeme za toto kr\u00e1sn\u00e9 d\u00edlo.<\/p>\n\n\n<style>.kb-row-layout-id1034_528042-1d > .kt-row-column-wrap{align-content:start;}:where(.kb-row-layout-id1034_528042-1d > .kt-row-column-wrap) > .wp-block-kadence-column{justify-content:start;}.kb-row-layout-id1034_528042-1d > .kt-row-column-wrap{column-gap:var(--global-kb-gap-md, 2rem);row-gap:var(--global-kb-gap-md, 2rem);padding-top:var(--global-kb-spacing-sm, 1.5rem);padding-bottom:var(--global-kb-spacing-sm, 1.5rem);grid-template-columns:repeat(2, minmax(0, 1fr));}.kb-row-layout-id1034_528042-1d > .kt-row-layout-overlay{opacity:0.30;}@media all and (max-width: 1024px){.kb-row-layout-id1034_528042-1d > .kt-row-column-wrap{grid-template-columns:repeat(2, minmax(0, 1fr));}}@media all and (max-width: 767px){.kb-row-layout-id1034_528042-1d > .kt-row-column-wrap{grid-template-columns:minmax(0, 1fr);}}<\/style><div class=\"kb-row-layout-wrap kb-row-layout-id1034_528042-1d alignnone wp-block-kadence-rowlayout\"><div class=\"kt-row-column-wrap kt-has-2-columns kt-row-layout-equal kt-tab-layout-inherit kt-mobile-layout-row kt-row-valign-top\">\n<style>.kadence-column1034_581a99-c1 > .kt-inside-inner-col,.kadence-column1034_581a99-c1 > .kt-inside-inner-col:before{border-top-left-radius:0px;border-top-right-radius:0px;border-bottom-right-radius:0px;border-bottom-left-radius:0px;}.kadence-column1034_581a99-c1 > .kt-inside-inner-col{column-gap:var(--global-kb-gap-sm, 1rem);}.kadence-column1034_581a99-c1 > .kt-inside-inner-col{flex-direction:column;}.kadence-column1034_581a99-c1 > .kt-inside-inner-col > .aligncenter{width:100%;}.kadence-column1034_581a99-c1 > .kt-inside-inner-col:before{opacity:0.3;}.kadence-column1034_581a99-c1{position:relative;}@media all and (max-width: 1024px){.kadence-column1034_581a99-c1 > .kt-inside-inner-col{flex-direction:column;justify-content:center;}}@media all and (max-width: 767px){.kadence-column1034_581a99-c1 > .kt-inside-inner-col{flex-direction:column;justify-content:center;}}<\/style>\n<div class=\"wp-block-kadence-column kadence-column1034_581a99-c1\"><div class=\"kt-inside-inner-col\">\n<figure class=\"wp-block-image size-full\"><img loading=\"lazy\" decoding=\"async\" width=\"2048\" height=\"1536\" src=\"https:\/\/www.statek-uprostred.cz\/wp-content\/uploads\/2023\/08\/hrob-kamen2.jpg\" alt=\"\" class=\"wp-image-1153\" srcset=\"https:\/\/www.statek-uprostred.cz\/wp-content\/uploads\/2023\/08\/hrob-kamen2.jpg 2048w, https:\/\/www.statek-uprostred.cz\/wp-content\/uploads\/2023\/08\/hrob-kamen2-1280x960.jpg 1280w, https:\/\/www.statek-uprostred.cz\/wp-content\/uploads\/2023\/08\/hrob-kamen2-300x225.jpg 300w, https:\/\/www.statek-uprostred.cz\/wp-content\/uploads\/2023\/08\/hrob-kamen2-768x576.jpg 768w, https:\/\/www.statek-uprostred.cz\/wp-content\/uploads\/2023\/08\/hrob-kamen2-1536x1152.jpg 1536w\" sizes=\"auto, (max-width: 2048px) 100vw, 2048px\" \/><\/figure>\n<\/div><\/div>\n\n\n<style>.kadence-column1034_d03adc-6a > .kt-inside-inner-col,.kadence-column1034_d03adc-6a > .kt-inside-inner-col:before{border-top-left-radius:0px;border-top-right-radius:0px;border-bottom-right-radius:0px;border-bottom-left-radius:0px;}.kadence-column1034_d03adc-6a > .kt-inside-inner-col{column-gap:var(--global-kb-gap-sm, 1rem);}.kadence-column1034_d03adc-6a > .kt-inside-inner-col{flex-direction:column;}.kadence-column1034_d03adc-6a > .kt-inside-inner-col > .aligncenter{width:100%;}.kadence-column1034_d03adc-6a > .kt-inside-inner-col:before{opacity:0.3;}.kadence-column1034_d03adc-6a{position:relative;}@media all and (max-width: 1024px){.kadence-column1034_d03adc-6a > .kt-inside-inner-col{flex-direction:column;justify-content:center;}}@media all and (max-width: 767px){.kadence-column1034_d03adc-6a > .kt-inside-inner-col{flex-direction:column;justify-content:center;}}<\/style>\n<div class=\"wp-block-kadence-column kadence-column1034_d03adc-6a\"><div class=\"kt-inside-inner-col\">\n<figure class=\"wp-block-image size-full\"><img loading=\"lazy\" decoding=\"async\" width=\"1000\" height=\"750\" src=\"https:\/\/www.statek-uprostred.cz\/wp-content\/uploads\/2023\/08\/hrob-kamen.jpg\" alt=\"\" class=\"wp-image-1154\" srcset=\"https:\/\/www.statek-uprostred.cz\/wp-content\/uploads\/2023\/08\/hrob-kamen.jpg 1000w, https:\/\/www.statek-uprostred.cz\/wp-content\/uploads\/2023\/08\/hrob-kamen-300x225.jpg 300w, https:\/\/www.statek-uprostred.cz\/wp-content\/uploads\/2023\/08\/hrob-kamen-768x576.jpg 768w\" sizes=\"auto, (max-width: 1000px) 100vw, 1000px\" \/><\/figure>\n<\/div><\/div>\n\n<\/div><\/div>\n\n\n<h2 class=\"wp-block-heading\">15. kv\u011btna 2019: Studenti z gymn\u00e1zia v Byst\u0159ici nad Pern\u0161tejnem<\/h2>\n\n\n\n<p>Pan\u00ed Ludmila C\u00edsa\u0159ov\u00e1 mi napsala tento email: &#8222;\u2026 vyu\u010duji \u010desk\u00fd jazyk a literaturu na Gymn\u00e1ziu v Byst\u0159ici nad Pern\u0161tejnem. Se studenty se pravideln\u011b vyd\u00e1v\u00e1me na pozn\u00e1vac\u00ed exkurze, jejich\u017e c\u00edlem jsou m\u00edsta spojen\u00e1 s literaturou \u010di v\u00fdtvarn\u00fdm um\u011bn\u00edm, a podobn\u011b. P\u0159ed n\u011bkolika roky jsme nav\u0161t\u00edvili hrob Va\u0161eho otce, tak\u00e9 krajina kolem Kosteln\u00edho Vyd\u0159\u00ed&nbsp; je velmi p\u016fsobiv\u00e1. P\u0159i vyhled\u00e1v\u00e1n\u00ed r\u016fzn\u00fdch informac\u00ed jsem objevila odkaz na statek, kter\u00fd je spjat s Va\u0161\u00ed rodinou. Mysl\u00edte, \u017ee bychom mohli poprosit o umo\u017en\u011bn\u00ed n\u00e1v\u0161t\u011bvy, pop\u0159. kr\u00e1tk\u00e9 setk\u00e1n\u00ed s V\u00e1mi? Autentick\u00e9&nbsp; vzpom\u00ednky (samoz\u0159ejm\u011b i ty kni\u017en\u00ed) maj\u00ed velkou s\u00edlu, r\u00e1da bych na\u0161im student\u016fm (18 let, septima) umo\u017enila docela ojedin\u011bl\u00fd z\u00e1\u017eitek. P\u0159ed l\u00e9ty n\u00e1s vl\u00eddn\u011b p\u0159ijali brat\u0159i Reynkov\u00e9&nbsp;v Petrkov\u011b, absolventi dodnes vzpom\u00ednaj\u00ed. Neberte tuto pozn\u00e1mku jako n\u00e1tlak, sp\u00ed\u0161e d\u016fkaz pro n\u00e1\u0161 opravdov\u00fd z\u00e1jem.&#8220;<\/p>\n\n\n\n<p>To\u017e jsem jim odpov\u011bd\u011bla a nachystala i n\u011bjak\u00e9 poho\u0161t\u011bn\u00ed. P\u0159ij\u00ed\u017ed\u011bj\u00ed po t\u0159et\u00ed hodin\u011b, je jich celej obrovskej autobus. 31 student\u016f, maturitn\u00ed ro\u010dn\u00edk, a jejich u\u010ditelka, pan\u00ed C\u00edsa\u0159ov\u00e1. Do vejminky bysme se neve\u0161li, tak jdeme do sednice. Jsou tam v\u0161ude. Nab\u00edz\u00edm poho\u0161t\u011bn\u00ed, skoro v\u0161echno na\u0161t\u011bst\u00ed sn\u011bdli, zbyla b\u00e1bovka. Jedna studentka chud\u00e1k zakopla a sk\u00e1cela se do t\u00fd j\u00e1my. Pak m\u011b hodn\u011b mrzelo, \u017ee jsem to hned neobr\u00e1tila v&nbsp;n\u011bjakou legraci, napadla m\u011b spr\u00e1vn\u00e1 v\u011bta a\u017e potom. Do t\u00e9 j\u00e1my tam toti\u017e spadlo u\u017e nejm\u00e9n\u011b tis\u00edc lid\u00ed (b\u011bhem festival\u016f), v\u010detn\u011b r\u016fzn\u00fdch celebrit.<\/p>\n\n\n\n<p>Vypr\u00e1v\u011bla jsem dlouho o historii statku, o rod\u011b Florian\u016f, sou\u017eit\u00ed s&nbsp;t\u00e1tou, co se te\u010f na statku d\u011bje. Oni se pak ptali, hodn\u011b je zaj\u00edmal m\u016fj vztah s&nbsp;t\u00e1tou samoz\u0159ejm\u011b. Taky o psan\u00ed n\u011bco, o tom, co mi dali rodi\u010de, jak to tady m\u00e1m r\u00e1da, jak byla m\u00e1ma pro t\u00e1tu d\u016fle\u017eit\u00e1, o t\u00e1tov\u011b maniodepresi a postv\u011bze\u0148sk\u00e9 psych\u00f3ze. T\u011b\u0161ilo m\u011b to celkem, nic mi nevadilo. Uk\u00e1zala jsem jim stodolu, nahl\u00eddli do hosti\u0148\u00e1ku a do vejminky. Pan\u00ed u\u010ditelka byla z&nbsp;toho n\u011bjak\u00e1 dojat\u00e1, jak jsem je p\u0159\u00e1telsky p\u0159ijala a co v\u0161echno jsem jim \u0159ekla osobn\u00edho. Tohle nikdy nech\u00e1pu, p\u0159ijde mi to naprosto norm\u00e1ln\u00ed a osobn\u00ed ani ne. Ty hranice osobn\u00ed\u2013ve\u0159ejn\u00fd m\u00e1m asi nastaven\u00fd n\u011bjak jinak. O skute\u010dn\u011b osobn\u00edch v\u011bcech nem\u016f\u017eu po\u0159\u00e1dn\u011b mluvit s&nbsp;nik\u00fdm, v\u0161echno ostatn\u00ed mi p\u0159ijde ve\u0159ejn\u00fd. Jedou tedy. Nechali mi tady 1500 K\u010d, tak\u017ee jsem vyd\u011blala a budu m\u00edt na brig\u00e1du v&nbsp;\u010dervnu. Ta ekonomika \u201ed\u00e1v\u00e1n\u00ed\u201c se vypl\u00e1c\u00ed mnohem v\u00edc ne\u017e ekonomika v\u00fdd\u011blku.<\/p>\n\n\n<style>.kb-row-layout-id1034_657730-4d > .kt-row-column-wrap{align-content:start;}:where(.kb-row-layout-id1034_657730-4d > .kt-row-column-wrap) > .wp-block-kadence-column{justify-content:start;}.kb-row-layout-id1034_657730-4d > .kt-row-column-wrap{column-gap:var(--global-kb-gap-md, 2rem);row-gap:var(--global-kb-gap-md, 2rem);padding-top:var(--global-kb-spacing-sm, 1.5rem);padding-bottom:var(--global-kb-spacing-sm, 1.5rem);grid-template-columns:repeat(2, minmax(0, 1fr));}.kb-row-layout-id1034_657730-4d > .kt-row-layout-overlay{opacity:0.30;}@media all and (max-width: 1024px){.kb-row-layout-id1034_657730-4d > .kt-row-column-wrap{grid-template-columns:repeat(2, minmax(0, 1fr));}}@media all and (max-width: 767px){.kb-row-layout-id1034_657730-4d > .kt-row-column-wrap{grid-template-columns:minmax(0, 1fr);}}<\/style><div class=\"kb-row-layout-wrap kb-row-layout-id1034_657730-4d alignnone wp-block-kadence-rowlayout\"><div class=\"kt-row-column-wrap kt-has-2-columns kt-row-layout-equal kt-tab-layout-inherit kt-mobile-layout-row kt-row-valign-top\">\n<style>.kadence-column1034_1f8e9e-28 > .kt-inside-inner-col,.kadence-column1034_1f8e9e-28 > .kt-inside-inner-col:before{border-top-left-radius:0px;border-top-right-radius:0px;border-bottom-right-radius:0px;border-bottom-left-radius:0px;}.kadence-column1034_1f8e9e-28 > .kt-inside-inner-col{column-gap:var(--global-kb-gap-sm, 1rem);}.kadence-column1034_1f8e9e-28 > .kt-inside-inner-col{flex-direction:column;}.kadence-column1034_1f8e9e-28 > .kt-inside-inner-col > .aligncenter{width:100%;}.kadence-column1034_1f8e9e-28 > .kt-inside-inner-col:before{opacity:0.3;}.kadence-column1034_1f8e9e-28{position:relative;}@media all and (max-width: 1024px){.kadence-column1034_1f8e9e-28 > .kt-inside-inner-col{flex-direction:column;justify-content:center;}}@media all and (max-width: 767px){.kadence-column1034_1f8e9e-28 > .kt-inside-inner-col{flex-direction:column;justify-content:center;}}<\/style>\n<div class=\"wp-block-kadence-column kadence-column1034_1f8e9e-28\"><div class=\"kt-inside-inner-col\">\n<figure class=\"wp-block-image size-full\"><img loading=\"lazy\" decoding=\"async\" width=\"1414\" height=\"1061\" src=\"https:\/\/www.statek-uprostred.cz\/wp-content\/uploads\/2023\/07\/P1070349.jpg\" alt=\"\" class=\"wp-image-1044\" srcset=\"https:\/\/www.statek-uprostred.cz\/wp-content\/uploads\/2023\/07\/P1070349.jpg 1414w, https:\/\/www.statek-uprostred.cz\/wp-content\/uploads\/2023\/07\/P1070349-1280x960.jpg 1280w, https:\/\/www.statek-uprostred.cz\/wp-content\/uploads\/2023\/07\/P1070349-300x225.jpg 300w, https:\/\/www.statek-uprostred.cz\/wp-content\/uploads\/2023\/07\/P1070349-768x576.jpg 768w\" sizes=\"auto, (max-width: 1414px) 100vw, 1414px\" \/><\/figure>\n<\/div><\/div>\n\n\n<style>.kadence-column1034_df589a-f0 > .kt-inside-inner-col,.kadence-column1034_df589a-f0 > .kt-inside-inner-col:before{border-top-left-radius:0px;border-top-right-radius:0px;border-bottom-right-radius:0px;border-bottom-left-radius:0px;}.kadence-column1034_df589a-f0 > .kt-inside-inner-col{column-gap:var(--global-kb-gap-sm, 1rem);}.kadence-column1034_df589a-f0 > .kt-inside-inner-col{flex-direction:column;}.kadence-column1034_df589a-f0 > .kt-inside-inner-col > .aligncenter{width:100%;}.kadence-column1034_df589a-f0 > .kt-inside-inner-col:before{opacity:0.3;}.kadence-column1034_df589a-f0{position:relative;}@media all and (max-width: 1024px){.kadence-column1034_df589a-f0 > .kt-inside-inner-col{flex-direction:column;justify-content:center;}}@media all and (max-width: 767px){.kadence-column1034_df589a-f0 > .kt-inside-inner-col{flex-direction:column;justify-content:center;}}<\/style>\n<div class=\"wp-block-kadence-column kadence-column1034_df589a-f0\"><div class=\"kt-inside-inner-col\">\n<figure class=\"wp-block-image size-full\"><img loading=\"lazy\" decoding=\"async\" width=\"1414\" height=\"1061\" src=\"https:\/\/www.statek-uprostred.cz\/wp-content\/uploads\/2023\/07\/P1070351.jpg\" alt=\"\" class=\"wp-image-1045\" srcset=\"https:\/\/www.statek-uprostred.cz\/wp-content\/uploads\/2023\/07\/P1070351.jpg 1414w, https:\/\/www.statek-uprostred.cz\/wp-content\/uploads\/2023\/07\/P1070351-1280x960.jpg 1280w, https:\/\/www.statek-uprostred.cz\/wp-content\/uploads\/2023\/07\/P1070351-300x225.jpg 300w, https:\/\/www.statek-uprostred.cz\/wp-content\/uploads\/2023\/07\/P1070351-768x576.jpg 768w\" sizes=\"auto, (max-width: 1414px) 100vw, 1414px\" \/><\/figure>\n<\/div><\/div>\n\n<\/div><\/div>\n\n\n<h2 class=\"wp-block-heading\">Kv\u011bten 2019: Petra a Pavl\u00edna<\/h2>\n\n\n\n<p>V&nbsp;kv\u011btnu hostinsk\u00fd pokoj u\u017eily Petra Vesel\u00e1 a Pavl\u00edna, kter\u00e9 mi \u00fa\u010dinn\u011b pomohly s&nbsp;postaven\u00ed plotu u vejminky. Je to naprosto skv\u011bl\u00fd plot, tzv. \u0161t\u00edpan\u00fd, vyroben\u00fd z&nbsp;ak\u00e1tov\u00e9ho d\u0159eva, nemus\u00ed se ni\u010d\u00edm nat\u00edrat, v\u0161e vydr\u017e\u00ed, nezplesniv\u00ed, \u010dasem je\u0161t\u011b ze\u0161edne. Firma <em>D\u0159ev\u011bn\u00e9 \u0161t\u00edpan\u00e9 ploty<\/em> (<a href=\"http:\/\/www.stipaneploty.cz\/\" target=\"_blank\" rel=\"noopener\">http:\/\/www.stipaneploty.cz\/<\/a>) ho zas\u00edl\u00e1 u\u017e ve sdr\u00e1tovan\u00e9 podob\u011b (maj\u00ed i bez dr\u00e1t\u016f), m\u016f\u017ee vytv\u00e1\u0159et r\u016fzn\u00e9 k\u0159ivky i stoupat a klesat po ter\u00e9nu, sta\u010d\u00ed ho jen nat\u00e1hnout. Je to trochu d\u0159ina, ale ve dvou \u010di t\u0159ech se to l\u00e9pe t\u00e1hne!<\/p>\n\n\n<div class=\"wp-block-image\">\n<figure class=\"aligncenter size-full is-resized\"><img loading=\"lazy\" decoding=\"async\" src=\"https:\/\/www.statek-uprostred.cz\/wp-content\/uploads\/2023\/08\/vejminka-plot-1.jpg\" alt=\"\" class=\"wp-image-1158\" style=\"width:690px;height:388px\" width=\"690\" height=\"388\" srcset=\"https:\/\/www.statek-uprostred.cz\/wp-content\/uploads\/2023\/08\/vejminka-plot-1.jpg 1380w, https:\/\/www.statek-uprostred.cz\/wp-content\/uploads\/2023\/08\/vejminka-plot-1-1280x720.jpg 1280w, https:\/\/www.statek-uprostred.cz\/wp-content\/uploads\/2023\/08\/vejminka-plot-1-300x169.jpg 300w, https:\/\/www.statek-uprostred.cz\/wp-content\/uploads\/2023\/08\/vejminka-plot-1-768x432.jpg 768w\" sizes=\"auto, (max-width: 690px) 100vw, 690px\" \/><figcaption class=\"wp-element-caption\">Petra, Pavl\u00edna a Franti\u0161ka natahuj\u00ed ak\u00e1tov\u00fd plot u vejminky<\/figcaption><\/figure>\n<\/div>\n\n\n<p>A Ren\u00e1tka s&nbsp;Honzou se zastavili znovu, aby mi mohli p\u0159edat sazenice, kter\u00e9 Renata vyp\u011bstovala na sv\u00e9m balk\u00f3n\u011b v&nbsp;Praze. P\u0159ivezla i hromadu dal\u0161\u00edch na vyzkou\u0161en\u00ed. P\u0159ivezli mi tak\u00e9 kr\u00e1sn\u00fd, obrovsk\u00fd \u0161palek na \u0161t\u00edp\u00e1n\u00ed d\u0159eva, p\u0159\u00edmo z&nbsp;lesa. Shrabali obrovsk\u00e9 hromady tr\u00e1vy, kterou jsem posekla.<\/p>\n\n\n\n<h2 class=\"wp-block-heading\">\u010cerven 2019: Jakub Fi\u0161er<\/h2>\n\n\n\n<p>Jakub je\u0161t\u011b t\u00fdden z\u016fstal na statku po \u010dervnov\u00e9 brig\u00e1d\u011b, aby studoval materi\u00e1ly, kter\u00e9 pot\u0159ebuje k&nbsp;nat\u00e1\u010den\u00ed dokumentu o sv\u00e9m d\u011bdovi Egonu Bondym. Spole\u010dn\u011b jsme v\u017edy na p\u00e1r hodin vyrazili do pr\u00e1ce na dokon\u010den\u00ed zdi, kterou jsme za\u010dali p\u0159i <a href=\"https:\/\/www.statek-uprostred.cz\/index.php\/2019\/06\/17\/cerven-2019-brigada-na-opravu-zdi-smerem-do-dvora\/\" data-type=\"URL\" data-id=\"https:\/\/www.statek-uprostred.cz\/index.php\/2019\/06\/17\/cerven-2019-brigada-na-opravu-zdi-smerem-do-dvora\/\">brig\u00e1d\u011b<\/a>. Byl to d\u016fle\u017eit\u00fd t\u00fdden, ve kter\u00e9m se osv\u011btlila historie statku, jak v\u016fbec do\u0161lo k&nbsp;tomu, \u017ee ho Magor koupil. Tu je \u00faryvek z m\u00e9ho den\u00edku 17. \u010dervna 2019. <\/p>\n\n\n\n<p>Sed\u00edme pak u ohn\u011b a\u017e do noci a bylo to velmi zvl\u00e1\u0161tn\u00ed. Byl taky \u00fapln\u011bk, ale nebyl moc vid\u011bt, v\u011bt\u0161inou se skr\u00fdval za mraky. Jakub se r\u016fzn\u011b vypt\u00e1val na z\u00e1\u017eitky s&nbsp;t\u00e1tou, rozeb\u00edrali jsme dlouho Bondyho. (\u2026) Jakub taky vypr\u00e1v\u011bl, jak vlastn\u011b na n\u00e1pad p\u0159ijet na statek p\u0159i\u0161el, navrhla to pr\u00fd Helena V\u0161ete\u010dkov\u00e1, kdy\u017e p\u0159em\u00fd\u0161leli nad t\u00edm dokumentem o Bondym. Pak Jakub \u0159ekl, \u017ee Bondymu vy\u0161la n\u011bjak\u00e1 <strong>kniha s&nbsp;n\u00e1zvem <em>Bezejmenn\u00e1<\/em><\/strong>, kde popisuje, jak s&nbsp;Magorem jezdili po okol\u00ed hledat statek, kde by mohli v\u0161ichni bydlet, tedy na\u0161e rodina a Bondy s&nbsp;Juli\u00ed, a byli se s&nbsp;Dvo\u0159\u00e1\u010dkem pod\u00edvat i tady na statku. Pr\u00fd to byl Juliany, tedy moj\u00ed m\u00e1my, n\u00e1pad. Nikdy jsem nesly\u0161ela, \u017ee by n\u00e1pad na koupi statku ve Vyd\u0159\u00ed vznikl t\u00edmhle zp\u016fsobem, bylo to pro m\u011b velk\u00e9 p\u0159ekvapen\u00ed. Mus\u00edm se na to zeptat m\u00e1my.<\/p>\n\n\n\n<h2 class=\"wp-block-heading\">\u010cervenec 2019: Pavel Nepustil a Platforma <\/h2>\n\n\n\n<p>Tradi\u010dn\u011b vyu\u017eil hosti\u0148\u00e1k Pavel Nepustil a Platforma pro komplexn\u00ed p\u0159\u00edstup k&nbsp;u\u017e\u00edv\u00e1n\u00ed drog a z\u00e1vislostem, op\u011bt zde po\u0159\u00e1dali sv\u00e9 ro\u010dn\u00ed setk\u00e1n\u00ed. Tentokr\u00e1t jsme se i vid\u011bli osobn\u011b. Pavel mi pak napsal:<\/p>\n\n\n\n<blockquote class=\"wp-block-quote is-layout-flow wp-block-quote-is-layout-flow\">\n<p>Dobr\u00fd den, Franti\u0161ko, zrovna sed\u00edm u po\u010d\u00edta\u010de, tak rovnou p\u00ed\u0161u. M\u00e1m z&nbsp;toho op\u011bt moc dobr\u00fd pocit, v\u017edycky n\u00e1s to tak stmel\u00ed, p\u0159ed loni to u\u017e za\u010d\u00ednalo vypadat, \u017ee platforma zanikne, ale je hrozn\u011b d\u016fle\u017eit\u00e9 se takto vid\u011bt, n\u011bco hezk\u00e9ho spolu za\u017e\u00edt, a to se op\u011bt povedlo, byli jsme na v\u00fdlet\u011b, vzali jsme to p\u0159es les obloukem do Kosteln\u00edho Vyd\u0159\u00ed, cestou jsme se vykoupali a nav\u0161t\u00edvili jsme h\u0159bitov, skon\u010dili jsme na pouti, kde jsme se v\u0161ichni projeli na koloto\u010di. Probrali jsme v\u0161echno, co jsme pot\u0159ebovali, u\u017eili jsme si taky srandu s&nbsp;d\u011btmi, a bavilo n\u00e1s to tak, \u017ee jsme si rovnou napl\u00e1novali setk\u00e1n\u00ed u\u017e na podzim \u2013 to ud\u011bl\u00e1me ale jinde, nejsp\u00ed\u0161 v&nbsp;\u010cesk\u00e9 T\u0159ebov\u00e9, aby se tam v\u0161ichni l\u00e9pe dostali. P\u00edsek jsme odvezli, p\u00edtka vyrobili, tr\u00e1vu jsme taky dali na kompost, v\u0161ak uvid\u00edte.<\/p>\n\n\n\n<p>Ur\u010dit\u011b ud\u011bl\u00e1m v\u0161echno pro to, aby se \u010dlensk\u00e1 z\u00e1kladna rozr\u016fstala, zbavit se n\u00e1lepky \u201eMagor\u201c mi p\u0159ijde dobr\u00fd sm\u011br, naprosto to ch\u00e1pu. Je to tedy tak, \u017ee z\u00e1jemci o \u010dlenstv\u00ed V\u00e1m nap\u00ed\u0161\u00ed e-mail? Anebo jenom zaplat\u00ed poplatek a do zpr\u00e1vy nap\u00ed\u0161ou svou e-mailovou adresu? J\u00e1 u\u017e jsem to po tom minul\u00e9m setk\u00e1n\u00ed rozes\u00edlal, ale te\u010f to je\u0161t\u011b v\u00edc pop\u00ed\u0161u. &#8212; Moc V\u00e1m dr\u017e\u00edm palce a r\u00e1d budu jakkoliv n\u00e1pomocen i takto na d\u00e1lku, kdyby V\u00e1s napadalo jak m\u011b zapojit je\u0161t\u011b jinak, dejte pros\u00edm v\u011bd\u011bt. Bylo pro m\u011b taky moc fajn, \u017ee jsme se mohli potkat osobn\u011b, p\u0159\u00edjemn\u00e9 setk\u00e1n\u00ed to bylo. M\u011bjte se dob\u0159e.<\/p>\n<\/blockquote>\n\n\n\n<h2 class=\"wp-block-heading\">Srpen 2019: Eva a Radek Kuncovi<\/h2>\n\n\n\n<p>V&nbsp;srpnu jsem byla na statku a hostinsk\u00fd pokoj m\u011bl z\u00e1rove\u0148 velmi mil\u00e9 obyvatele (25.\u201329. srpna), Evu a Radka Kuncovi a jejich dv\u011b mal\u00e9 dcery, Roz\u00e1rku a Barborku. Spole\u010dn\u011b jsme odpoledne pracovali na o\u0161krabov\u00e1n\u00ed st\u011bny hlavn\u00ed budovy sm\u011brem do dvora, ve\u010der se d\u011blaly ohn\u011b a pov\u00eddalo se do noci. Dozv\u011bd\u011bla jsem se tak nap\u0159\u00edklad, \u017ee Eva je v\u00fdtvarnice, uk\u00e1zala mi na fotk\u00e1ch n\u011bkter\u00e9 sv\u00e9 pozoruhodn\u00e9 obrazy, a Radek je specialista na sta\u0159eckou demenci, hlavn\u011b na Alzheimerovu chorobu. Str\u00e1vila jsem s&nbsp;t\u011bmito n\u00e1v\u0161t\u011bvn\u00edky moc p\u0159\u00edjemn\u00fd \u010das a obdivovala jejich ak\u010dn\u00ed postoj k&nbsp;pr\u00e1ci. Byli zde na dovolen\u00e9 a p\u0159itom pracovali s&nbsp;neutuchaj\u00edc\u00ed chut\u00ed mnoho hodin (samoz\u0159ejm\u011b jezdili tak\u00e9 na v\u00fdlety a tak). Radek do\u0161kr\u00e1bal b\u011bhem pobytu kompletn\u011b celou ze\u010f do dvora, Eva pom\u00e1hala (m\u011bla na starosti d\u011bti), ale zapojila se i mal\u00e1 Roz\u00e1rka. Tak\u00e9 kr\u00e1sn\u011b uklidili z\u00e1pra\u017e\u00ed od o\u0161kr\u00e1ban\u00e9 suti, Radek toho odvozil 10 kole\u010dek. Op\u011bt se mi potvrdila moje \u201ed\u00e1vac\u00ed ekonomika\u201c, kter\u00e1 zde funguje (netvrd\u00edm, \u017ee funguje v\u0161ude, tady ano): Kdo zdarma d\u00e1v\u00e1, v\u00edc dost\u00e1v\u00e1.<\/p>\n\n\n<div class=\"wp-block-image\">\n<figure class=\"aligncenter size-full is-resized\"><img loading=\"lazy\" decoding=\"async\" src=\"https:\/\/www.statek-uprostred.cz\/wp-content\/uploads\/2023\/07\/kuncovi1.jpg\" alt=\"\" class=\"wp-image-1041\" style=\"width:690px;height:345px\" width=\"690\" height=\"345\" srcset=\"https:\/\/www.statek-uprostred.cz\/wp-content\/uploads\/2023\/07\/kuncovi1.jpg 1380w, https:\/\/www.statek-uprostred.cz\/wp-content\/uploads\/2023\/07\/kuncovi1-1280x640.jpg 1280w, https:\/\/www.statek-uprostred.cz\/wp-content\/uploads\/2023\/07\/kuncovi1-300x150.jpg 300w, https:\/\/www.statek-uprostred.cz\/wp-content\/uploads\/2023\/07\/kuncovi1-768x384.jpg 768w\" sizes=\"auto, (max-width: 690px) 100vw, 690px\" \/><figcaption class=\"wp-element-caption\">Radek, Roz\u00e1rka a Eva, \u0161kr\u00e1beme spole\u010dn\u011b ze\u010f<\/figcaption><\/figure>\n<\/div>\n\n\n<h2 class=\"wp-block-heading\">Srpen 2019: Martina a Karel<\/h2>\n\n\n\n<p>Na konci srpna p\u0159ijela je\u0161t\u011b moje kamar\u00e1dka a spolupracovnice Martina Luk\u00e1\u0161kov\u00e1 (ji\u017e podruh\u00e9 tu byla) s&nbsp;man\u017eelem Karlem Jeriem a dcerami \u017divou a Iris, naskl\u00e1dali se do hosti\u0148\u00e1ku, Karel ob\u00fdval \u201epoustevnickou celu\u201c vedle. U\u017eili jsme si spolu p\u00e1r kr\u00e1sn\u00fdch dn\u016f a intenzivn\u00edch, hlubok\u00fdch rozhovor\u016f u no\u010dn\u00edch oh\u0148\u016f, z&nbsp;\u010deho\u017e mimochodem vzniklo m\u00e9 rozhodnut\u00ed za\u010d\u00edt cvi\u010dit j\u00f3gu (a \u010din\u00edm tak dosud), sn\u00eddali a ob\u011bdvali jsme na dvo\u0159e pod o\u0159echem, byli na proch\u00e1zce v&nbsp;lese, \u0159ezala jsem zase motorovou pilou, a byl to kr\u00e1sn\u00fd z\u00e1v\u011br srpna.<\/p>\n\n\n\n<h2 class=\"wp-block-heading\">28. z\u00e1\u0159\u00ed 2019: Studenti z&nbsp;FF MU v Brn\u011b<\/h2>\n\n\n\n<p>Tereza Bla\u017ekov\u00e1 mi napsala tento email: &#8222;Mil\u00e1 pan\u00ed Jirousov\u00e1, p\u00ed\u0161u V\u00e1m za studentstvo bohemistiky v Brn\u011b na FF MU. Po\u0159\u00e1d\u00e1me tradi\u010dn\u00ed akci pro nad\u0161ence s n\u00e1zvem Liter\u00e1rn\u00ed toulky, v\u017edy vyraz\u00edme na m\u00edsto spojen\u00e9 s n\u011bjakou v\u00fdznamnou osobnost\u00ed, a tak si ud\u011bl\u00e1me p\u0159\u00edjemn\u00fd liter\u00e1rn\u00ed v\u00edkend. Tentokr\u00e1t m\u00e1me nam\u00ed\u0159eno do Tel\u010de a jej\u00edho okol\u00ed, s \u010d\u00edm\u017e souvis\u00ed moje prosba \u2013 r\u00e1di bychom nav\u0161t\u00edvili Magor\u016fv statek a jeho hrob, mysl\u00edte, \u017ee by byla mo\u017en\u00e1 nap\u0159. n\u011bjak\u00e1 prohl\u00eddka Statku \u010di jak\u00e9koliv setk\u00e1n\u00ed t\u0159eba s V\u00e1mi? Bylo by n\u00e1m ct\u00ed, kdybychom se s V\u00e1mi mohli setkat a poslechnout si n\u011bjak\u00e9 zaj\u00edmavosti. N\u00e1v\u0161t\u011bvu hrobu a statku m\u00e1me napl\u00e1novanou na 28. 9. Jsem si v\u011bdoma toho, \u017ee je to, tak \u0159\u00edkaj\u00edc &#8222;na posledn\u00ed chv\u00edli&#8220;, nicm\u00e9n\u011b ocen\u00edme jakoukoliv spolupr\u00e1ci, za takovouto slu\u017ebu bychom samoz\u0159ejm\u011b Statku r\u00e1di v\u011bnovali n\u011bjakou symbolickou sumu.&#8220;<\/p>\n\n\n\n<p>Tak jsem jim samoz\u0159ejm\u011b napsala, \u017ee je to v&nbsp;po\u0159\u00e1dku, zrovna jsem toti\u017e v&nbsp;t\u00e9 dob\u011b m\u011bla b\u00fdt na statku. Studenti p\u0159ij\u00ed\u017ed\u011bj\u00ed kolem p\u016fl t\u0159et\u00ed, je jich asi 12. Tentokr\u00e1t jsem \u017e\u00e1dn\u00e9 poho\u0161t\u011bn\u00ed u\u017e nechystala, nestihla jsem to, a minule to bylo nakonec a\u017e p\u0159ehnan\u00fd. V&nbsp;sednici to zahajuju, vykl\u00e1d\u00e1m o historii statku, festivalech, oni se ptaj\u00ed. Prohl\u00ed\u017eej\u00ed si hosti\u0148\u00e1k a p\u00ed\u0161ou do kroniky dlouho, \u010d\u00e1st jich z\u016fstala na dvo\u0159e a pov\u00edd\u00e1me si. Jdeme se pod\u00edvat do stodoly a vedu je i do d\u017eungle. Nemaj\u00ed tam \u017e\u00e1dn\u00e9ho vedouc\u00edho, jak to vypad\u00e1, vedou si to n\u011bjak sami, je tam takov\u00e1 ak\u010dn\u00ed dobr\u00e1 holka, kter\u00e1 se hodn\u011b pt\u00e1. Pak je na konec vedu do vejminky. Oni mi p\u0159evelice d\u011bkuj\u00ed. Jsou mil\u00ed v\u0161ichni. N\u011bkte\u0159\u00ed z&nbsp;nich cht\u011bj\u00ed j\u00edt zp\u00e1tky krajinou, vyprovodila je p\u0159es zahradu a uk\u00e1zala cestu na Zadn\u00ed Vyd\u0159\u00ed. Ud\u011blali z&nbsp;toho p\u011bknou fotku:<\/p>\n\n\n\n<figure class=\"wp-block-image size-full\"><img loading=\"lazy\" decoding=\"async\" width=\"960\" height=\"617\" src=\"https:\/\/www.statek-uprostred.cz\/wp-content\/uploads\/2023\/07\/Blazkova-Tereza.jpg\" alt=\"\" class=\"wp-image-1040\" srcset=\"https:\/\/www.statek-uprostred.cz\/wp-content\/uploads\/2023\/07\/Blazkova-Tereza.jpg 960w, https:\/\/www.statek-uprostred.cz\/wp-content\/uploads\/2023\/07\/Blazkova-Tereza-300x193.jpg 300w, https:\/\/www.statek-uprostred.cz\/wp-content\/uploads\/2023\/07\/Blazkova-Tereza-768x494.jpg 768w\" sizes=\"auto, (max-width: 960px) 100vw, 960px\" \/><figcaption class=\"wp-element-caption\">Studenti z Filosofick\u00e9 fakulty Masarykovy university v Brn\u011b a Franti\u0161ka (v zelen\u00e9 bund\u011b).<\/figcaption><\/figure>\n\n\n\n<h2 class=\"wp-block-heading\">\u0158\u00edjen 2019. Ota Bure\u0161<\/h2>\n\n\n\n<p>Na podzim vyu\u017eil pohostinstv\u00ed statku Ota Bure\u0161, p\u016fj\u010dila jsem mu vejminku. Napsal mi kr\u00e1sn\u00fd email a dokonce vyp\u00e1tral m\u00edsto, kde roste \u201eles v\u00e1clavek\u201c:<\/p>\n\n\n\n<blockquote class=\"wp-block-quote is-layout-flow wp-block-quote-is-layout-flow\">\n<p>Ahoj Franti\u0161ko!<br>Moc d\u011bkuji za poskytnut\u00ed vejminky! Byl jsem s\u00e1m a bylo to kr\u00e1sn\u00e9 \u2013 sta\u010dilo tam b\u00fdt den a hned mi bylo l\u00edp, a taky jsem leccos ud\u011blal, co u\u017e moc sp\u011bch\u00e1 \u2013 p\u0159\u00edsp\u011bvek na z\u00edt\u0159ej\u0161\u00ed konferenci v Bratislav\u011b a z\u00e1sadn\u00ed pokrok v \u010dl\u00e1nku, co u\u017e m\u011bl b\u00fdt odesl\u00e1n\u2026 Mezit\u00edm jsem si ud\u011blal p\u00e1r proch\u00e1zek (kdyby T\u011b zaj\u00edmal cel\u00fd les v\u00e1clavek, po\u0161lu mapu) a to bylo uklid\u0148uj\u00edc\u00ed, ty n\u00e1bo\u017en\u00e9 barvy tam, ten \u017eivot, hv\u011bzdy a to ticho! &nbsp;<br>Hned po p\u0159\u00edjezdu jsem si poznamenal: p\u0159iv\u00edtal m\u011b holub, pozdravil m\u011b rehek kr\u00e1snou p\u00edsn\u00ed a vrt\u011bn\u00edm ocasem, pozornost si vy\u017e\u00e1dala mlad\u00e1 ko\u010dka, ach jak vrn\u011bla, a za okny (pominu-li seka\u010dku s chlapem na n\u00e1vsi), prob\u011bhla veverka (v\u011bt\u0161ina vla\u0161sk\u00fdch o\u0159ech\u016f na zahrad\u011b je rozlouskan\u00e1). \u010c\u00edm\u017eto sd\u011bluji, \u017ee s o\u0159echy to nen\u00ed slavn\u00e9 (\u2026)<\/p>\n<\/blockquote>\n\n\n\n<p>Ano, j\u00e1 k&nbsp;tomu dod\u00e1v\u00e1m, \u017ee tento rok mi zlot\u0159il\u00e1 veverka ukradla ve\u0161ker\u00e9, opakuji <em>ve\u0161ker\u00e9<\/em> vla\u0161sk\u00e9 o\u0159echy. Minul\u00fd rok se jich nedotkla. Nezazl\u00edv\u00e1m j\u00ed to, proto\u017ee vid\u011bt ji pravideln\u011b z&nbsp;okna, jak mete po dvo\u0159e s&nbsp;o\u0159echem v&nbsp;tlami\u010dce, bylo tak vtipn\u00e9, \u017ee se na ni nelze zlobit. Nejsp\u00ed\u0161 je pot\u0159ebovala\u2026 (J\u00e1 ale taky\u2026 p\u0159\u00ed\u0161t\u011b je mus\u00edm n\u011bkam zav\u0159\u00edt). A mo\u017en\u00e1 j\u00ed pomohli i r\u016fzn\u00ed hrabo\u0161i a jim podobn\u00fd pron\u00e1rod, proto\u017ee tenhle rok byli velmi p\u0159emno\u017een\u00ed.<\/p>\n\n\n\n<h2 class=\"wp-block-heading\">Nat\u00e1\u010den\u00ed filmu M\u016fj otec zv\u00ed\u0159e<\/h2>\n\n\n\n<p>Pavel \u0160ebesta, amat\u00e9rsk\u00fd filma\u0159, m\u011b poprosil, jestli by na statku mohl to\u010dit n\u011bkter\u00e9 sc\u00e9ny sv\u00e9ho filmu, pr\u00fd se jim velmi t\u011b\u017eko sh\u00e1n\u00ed dobov\u00e9 scen\u00e9rie. Nechala jsem si stru\u010dn\u011b p\u0159edstavit sc\u00e9n\u00e1\u0159 a k&nbsp;nat\u00e1\u010den\u00ed dala souhlas. Zuzana Musilov\u00e1 z&nbsp;Jihlavsk\u00e9ho den\u00edku napsala o filmu \u010dl\u00e1nek:<\/p>\n\n\n\n<p>&#8212;Film se jmenuje M\u016fj otec zv\u00ed\u0159e. V\u00e1le\u010dn\u00e9 sc\u00e9ny vznikaly u Slavonic p\u0159i srpnov\u00e9 akci spojen\u00e9 s p\u0159epaden\u00edm \u0159op\u00edk\u016f, nat\u00e1\u010delo se i v z\u00e1\u0159\u00ed a pokra\u010dovat se bude na ja\u0159e p\u0159\u00ed\u0161t\u00edho roku. Nat\u00e1\u010den\u00ed by m\u011blo skon\u010dit v \u010dervenci 2020. Pokud v\u0161e p\u016fjde dob\u0159e, premi\u00e9ra filmu je v pl\u00e1nu na V\u00e1noce. &#8222;Mnoho pokus\u016f p\u0159edt\u00edm nevy\u0161lo, ale \u0159ekl jsem si, \u017ee i tak vytrv\u00e1m. Povedlo se, napsal jsem sc\u00e9n\u00e1\u0159 a za asistence \u0159ady skv\u011bl\u00fdch lid\u00ed, kte\u0159\u00ed mi nev\u00e1hali podat pomocnou ruku, jsem za\u010dal to\u010dit. V\u011bt\u0161inu v\u011bc\u00ed d\u011bl\u00e1m j\u00e1 s\u00e1m. Hlavn\u00ed role se zhostil Miroslav Mojha, ale nem\u00e9n\u011b d\u016fle\u017eit\u00ed jsou i ostatn\u00ed protagonist\u00e9,&#8220; \u0159\u00edk\u00e1 k tomu amat\u00e9rsk\u00fd filma\u0159 Pavel \u0160ebesta s t\u00edm, \u017ee film by se m\u011bl objevit i v m\u00edstn\u00edch kinech.<\/p>\n\n\n\n<p>Jedn\u00e1 se o drama, d\u00e1 se tedy p\u0159edpokl\u00e1dat, jak skon\u010d\u00ed. P\u0159\u00edb\u011bh je inspirovan\u00fd skute\u010dn\u00fdmi ud\u00e1lostmi, kter\u00e9 se odehr\u00e1ly v Polsku. Amat\u00e9rsk\u00fd filma\u0159 d\u011bj p\u0159evedl do \u010deskoslovensk\u00e9ho pohrani\u010d\u00ed v dob\u011b, kdy tam vstupuj\u00ed vojska SS s jejich velitelem, kter\u00fd ned\u00e1v\u00e1 moc \u0161anc\u00ed na \u017eivot. Pavel \u0160ebesta se sna\u017e\u00ed o co nejv\u011bt\u0161\u00ed autenticitu, ale p\u0159izn\u00e1v\u00e1, \u017ee n\u011bkdy to nen\u00ed v\u016fbec snadn\u00e9. Ve filmu se objev\u00ed nap\u0159\u00edklad statek Franti\u0161ky Jirousov\u00e9 v Prost\u0159edn\u00edm Vyd\u0159\u00ed, kostel ve Slavonic\u00edch, okol\u00ed Studnic u Tel\u010de, Tel\u010d, Plze\u0148 a dal\u0161\u00ed lokace. Ve filmu si vedle p\u0159edstavitele hlavn\u00ed role d\u00e1le zahr\u00e1li herci i neherci Marie \u0160r\u016fmov\u00e1, Stanislava Kalendov\u00e1, Filip Beran nebo Roman Vojt\u00ed\u0161ek.<\/p>\n\n\n\n<p>Autor: Zuzana Musilov\u00e1, Zdroj: <a href=\"https:\/\/jihlavsky.denik.cz\/kultura_region\/pribeh-patera-ho-zaujal-natolik-ze-o-nem-toci-film-20191012.html?fbclid=IwAR1XyMINAGjdmjP-JK3fkzOnWkwUOmAZ5RGzpU_zbbi84wAseHTizP4VO_U\" target=\"_blank\" rel=\"noopener\">https:\/\/jihlavsky.denik.cz\/kultura_region\/pribeh-patera-ho-zaujal-natolik-ze-o-nem-toci-film-20191012.html<\/a><\/p>\n","protected":false},"excerpt":{"rendered":"<p>Pokoj pro hosty byl hojn\u011b vyu\u017e\u00edv\u00e1n jak pro um\u011bleck\u00e9 a studijn\u00ed pobyty, tak odpo\u010dinek. V roce 2019 zde byly tak\u00e9 dva liter\u00e1rn\u00ed z\u00e1jezdy. Poprv\u00e9 p\u0159ijeli Eva Kuncov\u00e1 a tak\u00e9 Ota Bure\u0161, jedni z n\u00e1v\u0161t\u011bvn\u00edk\u016f, kte\u0159\u00ed se pak ka\u017edoro\u010dn\u011b vraceli. A v \u010dervnu se p\u0159es Jakuba Fi\u0161era oz\u0159ejmilo, jak vlastn\u011b do\u0161lo ke koupi statku a koho to napadlo. <\/p>\n","protected":false},"author":2,"featured_media":1037,"comment_status":"open","ping_status":"open","sticky":false,"template":"","format":"standard","meta":{"_kad_post_transparent":"","_kad_post_title":"","_kad_post_layout":"","_kad_post_sidebar_id":"","_kad_post_content_style":"","_kad_post_vertical_padding":"","_kad_post_feature":"","_kad_post_feature_position":"","_kad_post_header":false,"_kad_post_footer":false,"_kad_post_classname":"","footnotes":""},"categories":[23],"tags":[],"class_list":["post-1034","post","type-post","status-publish","format-standard","has-post-thumbnail","hentry","category-akce"],"_links":{"self":[{"href":"https:\/\/www.statek-uprostred.cz\/index.php\/wp-json\/wp\/v2\/posts\/1034","targetHints":{"allow":["GET"]}}],"collection":[{"href":"https:\/\/www.statek-uprostred.cz\/index.php\/wp-json\/wp\/v2\/posts"}],"about":[{"href":"https:\/\/www.statek-uprostred.cz\/index.php\/wp-json\/wp\/v2\/types\/post"}],"author":[{"embeddable":true,"href":"https:\/\/www.statek-uprostred.cz\/index.php\/wp-json\/wp\/v2\/users\/2"}],"replies":[{"embeddable":true,"href":"https:\/\/www.statek-uprostred.cz\/index.php\/wp-json\/wp\/v2\/comments?post=1034"}],"version-history":[{"count":20,"href":"https:\/\/www.statek-uprostred.cz\/index.php\/wp-json\/wp\/v2\/posts\/1034\/revisions"}],"predecessor-version":[{"id":2566,"href":"https:\/\/www.statek-uprostred.cz\/index.php\/wp-json\/wp\/v2\/posts\/1034\/revisions\/2566"}],"wp:featuredmedia":[{"embeddable":true,"href":"https:\/\/www.statek-uprostred.cz\/index.php\/wp-json\/wp\/v2\/media\/1037"}],"wp:attachment":[{"href":"https:\/\/www.statek-uprostred.cz\/index.php\/wp-json\/wp\/v2\/media?parent=1034"}],"wp:term":[{"taxonomy":"category","embeddable":true,"href":"https:\/\/www.statek-uprostred.cz\/index.php\/wp-json\/wp\/v2\/categories?post=1034"},{"taxonomy":"post_tag","embeddable":true,"href":"https:\/\/www.statek-uprostred.cz\/index.php\/wp-json\/wp\/v2\/tags?post=1034"}],"curies":[{"name":"wp","href":"https:\/\/api.w.org\/{rel}","templated":true}]}}