{"id":1,"date":"2020-03-03T13:12:00","date_gmt":"2020-03-03T12:12:00","guid":{"rendered":"https:\/\/www.statek-uprostred.cz\/?p=1"},"modified":"2023-08-02T18:19:28","modified_gmt":"2023-08-02T16:19:28","slug":"ahoj-vsichni","status":"publish","type":"post","link":"https:\/\/www.statek-uprostred.cz\/index.php\/ahoj-vsichni\/1\/","title":{"rendered":"Putov\u00e1n\u00ed s p\u00e1rou: Krajinou \u010cesk\u00e9 Kanady"},"content":{"rendered":"\n<p>Ve t\u0159et\u00edm d\u00edle seri\u00e1lu <em>Putov\u00e1n\u00ed s p\u00e1rou<\/em> \u010cesk\u00e9 televize se objevil tak\u00e9 statek v Prost\u0159edn\u00edm Vyd\u0159\u00ed. Report\u00e1\u017e za\u010d\u00edn\u00e1 kolem sedm\u00e9 minuty. D\u00edl 3\/10 je vid\u011bn\u00ed na <a rel=\"noreferrer noopener\" href=\"https:\/\/www.ceskatelevize.cz\/porady\/12664259752-putovani-s-parou\/318291310250006\/\" target=\"_blank\">str\u00e1nk\u00e1ch \u010cT<\/a> &#8212; &#8222;\u00datulnost rybn\u00edk\u016f, rem\u00edzk\u016f, hlubok\u00fdch les\u016f a\u00a0renesan\u010dn\u00ed Tel\u010de, Da\u010dic a\u00a0Slavonic budeme obdivovat\u00a0p\u0159i\u00a0j\u00edzd\u011b s\u00a0parn\u00ed lokomotivou Kafemlejnek.&#8220; Po\u0159adem prov\u00e1z\u00ed Pepa Pol\u00e1\u0161ek.<\/p>\n\n\n\n<p>\u010cesk\u00e1 televize chystala na rok 2020 seri\u00e1l&nbsp;<em>Putov\u00e1n\u00ed s&nbsp;p\u00e1rou \u2013 poeticko-cestovatelsk\u00fd dokument<\/em>. V&nbsp;jednom d\u00edlu se m\u011bl objevit i Magor\u016fv statek. Pan\u00ed Lokajov\u00e1 z&nbsp;\u010cT mi napsala tento email:<\/p>\n\n\n\n<p><em>Dobr\u00fd den Franti\u0161ko,<\/em> <em>dovoluji si V\u00e1s oslovit v souvislosti s p\u0159ipravovanou s\u00e9ri\u00ed dokument\u016f (jedn\u00e1 se o takov\u00e9 poeticko-nostalgick\u00e9 cestov\u00e1n\u00ed \u010deskou a moravskou krajinou, zar\u00e1movan\u00e9 v\u017edy konkr\u00e9tn\u00ed \u017eelezni\u010dn\u00ed trat\u00ed. Poka\u017ed\u00e9 se sna\u017e\u00edme hledat ur\u010ditou jedine\u010dnost, konkr\u00e9tn\u00ed t\u00e9ma a hlub\u0161\u00ed souvislosti i p\u0159\u00edb\u011bh. Jestli maj\u00ed d\u00edly n\u011bco spole\u010dn\u00e9, pak je to hled\u00e1n\u00ed toho, jak konkr\u00e9tn\u00ed krajina ovlivnila \u010dlov\u011bka a \u010dlov\u011bk krajinu &#8211; je to celkem hodn\u011b intenz\u00edvn\u00ed a dobrodru\u017en\u00e9).<br>Jeden z p\u0159ipravovan\u00fdch d\u00edl\u016f v\u011bnujeme trase Tel\u010d \u2013 Da\u010dice \u2013 Slavonice, kde mj. mimochodem nechceme pominout vydry ani Vyd\u0159\u00ed.\u00a0 A tady m\u00e1m na V\u00e1s velikou prosbu: bylo by mo\u017en\u00e9 v r\u00e1mci &#8222;putov\u00e1n\u00ed&#8220; nav\u0161t\u00edvit i v\u00e1\u0161 Magor\u016fv statek? Uv\u011bdomit si, \u010d\u00edm byl, co v n\u011bm chcete zachovat a jak\u00e9 m\u00e1 te\u010f posl\u00e1n\u00ed. Co mu \u010dlov\u011bk d\u00e1v\u00e1 a co dost\u00e1v\u00e1 zp\u011bt\u2026 co d\u00e1val Ivanu Jirousovi, co statku sv\u00e9r\u00e1zn\u011b vracel zp\u011bt, a co d\u00edky tomuto prost\u0159ed\u00ed Jirous se sebe vyd\u00e1val (jak ho inspiroval).<br>Pokud V\u00e1m to d\u00e1v\u00e1 smysl, budu moc vd\u011b\u010dn\u00e1 za Va\u0161i spolupr\u00e1ci. (Jinak \u010dasov\u011b by se jednalo o n\u011bkter\u00fd den na za\u010d\u00e1tku srpna, nat\u00e1\u010dec\u00ed dny jsou v\u00e1z\u00e1ny na nostalgickou j\u00edzdu).<\/em> <em>Pokud by to bylo mo\u017en\u00e9, moc r\u00e1da se s V\u00e1mi p\u0159edt\u00edm setk\u00e1m (nejl\u00e9pe p\u0159\u00edmo na statku:) P\u0159edem d\u011bkuji za odpov\u011b\u010f a t\u011b\u0161\u00edm se na p\u0159\u00edpadnou spolupr\u00e1ci.<\/em> &#8212; <em>Srde\u010dn\u011b zdrav\u00ed Radka Lokajov\u00e1<\/em><\/p>\n\n\n\n<p>Vym\u00ednila jsem si, \u017ee se to nebude t\u00fdkat jen Jirouse, ale tak\u00e9 p\u0159\u00edtomnosti, co\u017e mi sl\u00edbili, ale u\u017e ne \u00fapln\u011b dodr\u017eeli. Na\u0161t\u011bst\u00ed byla zam\u010den\u00e1 sednice zrovna (host\u00e9 si vzali kl\u00ed\u010de), tak jsme museli j\u00edt do zrekonstruovan\u00e9 vejminky, a t\u00edm p\u00e1dem se o sou\u010dasnosti mluvit muselo, a\u0165 cht\u011bli, \u010di necht\u011bli. P\u0159i nat\u00e1\u010den\u00ed vznikla ale spousta z\u00e1b\u011br\u016f statku, kter\u00e9 snad budeme moci je\u0161t\u011b n\u011bjak vyu\u017e\u00edt.<\/p>\n","protected":false},"excerpt":{"rendered":"<p>Ve t\u0159et\u00edm d\u00edle seri\u00e1lu Putov\u00e1n\u00ed s p\u00e1rou \u010cesk\u00e9 televize se objevil tak\u00e9 statek v Prost\u0159edn\u00edm Vyd\u0159\u00ed. Report\u00e1\u017e za\u010d\u00edn\u00e1 kolem sedm\u00e9 minuty. <\/p>\n","protected":false},"author":2,"featured_media":467,"comment_status":"open","ping_status":"open","sticky":false,"template":"","format":"standard","meta":{"_kad_post_transparent":"","_kad_post_title":"","_kad_post_layout":"","_kad_post_sidebar_id":"","_kad_post_content_style":"","_kad_post_vertical_padding":"","_kad_post_feature":"","_kad_post_feature_position":"","_kad_post_header":false,"_kad_post_footer":false,"_kad_post_classname":"","footnotes":""},"categories":[27],"tags":[],"class_list":["post-1","post","type-post","status-publish","format-standard","has-post-thumbnail","hentry","category-media"],"_links":{"self":[{"href":"https:\/\/www.statek-uprostred.cz\/index.php\/wp-json\/wp\/v2\/posts\/1","targetHints":{"allow":["GET"]}}],"collection":[{"href":"https:\/\/www.statek-uprostred.cz\/index.php\/wp-json\/wp\/v2\/posts"}],"about":[{"href":"https:\/\/www.statek-uprostred.cz\/index.php\/wp-json\/wp\/v2\/types\/post"}],"author":[{"embeddable":true,"href":"https:\/\/www.statek-uprostred.cz\/index.php\/wp-json\/wp\/v2\/users\/2"}],"replies":[{"embeddable":true,"href":"https:\/\/www.statek-uprostred.cz\/index.php\/wp-json\/wp\/v2\/comments?post=1"}],"version-history":[{"count":11,"href":"https:\/\/www.statek-uprostred.cz\/index.php\/wp-json\/wp\/v2\/posts\/1\/revisions"}],"predecessor-version":[{"id":1072,"href":"https:\/\/www.statek-uprostred.cz\/index.php\/wp-json\/wp\/v2\/posts\/1\/revisions\/1072"}],"wp:featuredmedia":[{"embeddable":true,"href":"https:\/\/www.statek-uprostred.cz\/index.php\/wp-json\/wp\/v2\/media\/467"}],"wp:attachment":[{"href":"https:\/\/www.statek-uprostred.cz\/index.php\/wp-json\/wp\/v2\/media?parent=1"}],"wp:term":[{"taxonomy":"category","embeddable":true,"href":"https:\/\/www.statek-uprostred.cz\/index.php\/wp-json\/wp\/v2\/categories?post=1"},{"taxonomy":"post_tag","embeddable":true,"href":"https:\/\/www.statek-uprostred.cz\/index.php\/wp-json\/wp\/v2\/tags?post=1"}],"curies":[{"name":"wp","href":"https:\/\/api.w.org\/{rel}","templated":true}]}}